{"id":39196,"date":"2024-01-16T11:53:11","date_gmt":"2024-01-16T07:53:11","guid":{"rendered":"https:\/\/infonews.az\/?p=39196"},"modified":"2024-01-16T11:53:11","modified_gmt":"2024-01-16T07:53:11","slug":"bu-%c9%99razil%c9%99rd%c9%99-hundur-bina-tikintisi-qadagan-edildi","status":"publish","type":"post","link":"https:\/\/infonews.az\/?p=39196","title":{"rendered":"Bu \u0259razil\u0259rd\u0259 h\u00fcnd\u00fcr bina tikintisi qada\u011fan edildi"},"content":{"rendered":"<p><span style=\"color: #ffffff;\">Bu \u0259razil\u0259rd\u0259 h\u00fcnd\u00fcr bina tikintisi qada\u011fan edildi<\/span><\/p>\n<blockquote><p><strong>Bak\u0131da 1000 hektardan \u00e7ox \u0259razi var ki, burada x\u00fcsusi m\u00fchafiz\u0259 olunan zona t\u0259yin olunub.<\/strong><\/p><\/blockquote>\n<p><a href=\"https:\/\/infonews.az\/?p=39196\"><span style=\"color: #333399;\"><strong>&#8220;\u0130NFONEWS&#8221;<\/strong><\/span><\/a>\u00a0x\u0259b\u0259r verir ki, bunu D\u00f6vl\u0259t \u015e\u0259h\u0259rsalma v\u0259 Arxitektura Komit\u0259sinin s\u0259dri Anar Quliyev Bak\u0131 \u015f\u0259h\u0259rinin 2040-c\u0131 il\u0259d\u0259k inki\u015faf\u0131na dair Ba\u015f plan\u0131n\u0131n t\u0259qdimat\u0131 m\u0259rasimind\u0259 deyib.<\/p>\n<p>\u201cBurada tarixi abid\u0259l\u0259rin s\u0131xl\u0131\u011f\u0131 n\u0259z\u0259r\u0259 al\u0131n\u0131b ki, orada tikinti m\u0259s\u0259l\u0259l\u0259rin\u0259 m\u0259hdudiyy\u0259t qoyulub.<\/p>\n<p>O qeyd edib ki, bu \u0259razil\u0259rd\u0259 be\u015f m\u0259rt\u0259b\u0259d\u0259n h\u00fcnd\u00fcr bina tikintisin\u0259 icaz\u0259 verilm\u0259y\u0259c\u0259k.<\/p>\n<p>&#8220;X\u00fcsusil\u0259 \u015f\u0259h\u0259rin m\u0259rk\u0259zind\u0259 tarixi m\u0259d\u0259ni irs\u0259 h\u00f6rm\u0259t n\u0259z\u0259r\u0259 al\u0131naraq ciddi add\u0131mlar at\u0131lacaq\u201d,- dey\u0259 o\u00a0\u0259lav\u0259 edib.<\/p>\n","protected":false},"excerpt":{"rendered":"<p>Bu \u0259razil\u0259rd\u0259 h\u00fcnd\u00fcr bina tikintisi qada\u011fan edildi Bak\u0131da 1000 hektardan \u00e7ox \u0259razi var ki, burada x\u00fcsusi m\u00fchafiz\u0259 olunan zona t\u0259yin olunub. &#8220;\u0130NFONEWS&#8221;\u00a0x\u0259b\u0259r verir ki, bunu D\u00f6vl\u0259t \u015e\u0259h\u0259rsalma v\u0259 Arxitektura Komit\u0259sinin&hellip; <\/p>\n","protected":false},"author":14,"featured_media":39197,"comment_status":"open","ping_status":"open","sticky":false,"template":"","format":"standard","meta":{"_mi_skip_tracking":false,"_monsterinsights_sitenote_active":false,"_monsterinsights_sitenote_note":"","_monsterinsights_sitenote_category":0,"footnotes":""},"categories":[4,11],"tags":[12433,822,15],"aioseo_notices":[],"_links":{"self":[{"href":"https:\/\/infonews.az\/index.php?rest_route=\/wp\/v2\/posts\/39196"}],"collection":[{"href":"https:\/\/infonews.az\/index.php?rest_route=\/wp\/v2\/posts"}],"about":[{"href":"https:\/\/infonews.az\/index.php?rest_route=\/wp\/v2\/types\/post"}],"author":[{"embeddable":true,"href":"https:\/\/infonews.az\/index.php?rest_route=\/wp\/v2\/users\/14"}],"replies":[{"embeddable":true,"href":"https:\/\/infonews.az\/index.php?rest_route=%2Fwp%2Fv2%2Fcomments&post=39196"}],"version-history":[{"count":1,"href":"https:\/\/infonews.az\/index.php?rest_route=\/wp\/v2\/posts\/39196\/revisions"}],"predecessor-version":[{"id":39198,"href":"https:\/\/infonews.az\/index.php?rest_route=\/wp\/v2\/posts\/39196\/revisions\/39198"}],"wp:featuredmedia":[{"embeddable":true,"href":"https:\/\/infonews.az\/index.php?rest_route=\/wp\/v2\/media\/39197"}],"wp:attachment":[{"href":"https:\/\/infonews.az\/index.php?rest_route=%2Fwp%2Fv2%2Fmedia&parent=39196"}],"wp:term":[{"taxonomy":"category","embeddable":true,"href":"https:\/\/infonews.az\/index.php?rest_route=%2Fwp%2Fv2%2Fcategories&post=39196"},{"taxonomy":"post_tag","embeddable":true,"href":"https:\/\/infonews.az\/index.php?rest_route=%2Fwp%2Fv2%2Ftags&post=39196"}],"curies":[{"name":"wp","href":"https:\/\/api.w.org\/{rel}","templated":true}]}}