{"id":39262,"date":"2024-01-22T13:41:02","date_gmt":"2024-01-22T09:41:02","guid":{"rendered":"https:\/\/infonews.az\/?p=39262"},"modified":"2024-01-22T13:41:02","modified_gmt":"2024-01-22T09:41:02","slug":"prezident-baki-ag-s%c9%99h%c9%99rd%c9%99-yaradilan-s%c9%99rait-il%c9%99-tanis-olub","status":"publish","type":"post","link":"https:\/\/infonews.az\/?p=39262","title":{"rendered":"Prezident Bak\u0131 A\u011f \u015e\u0259h\u0259rd\u0259 yarad\u0131lan \u015f\u0259rait il\u0259 tan\u0131\u015f olub"},"content":{"rendered":"<p><span style=\"color: #ffffff;\">Prezident Bak\u0131 A\u011f \u015e\u0259h\u0259rd\u0259 yarad\u0131lan \u015f\u0259rait il\u0259 tan\u0131\u015f olub\u00a0 <\/span><\/p>\n<blockquote><p><strong>Az\u0259rbaycan Respublikas\u0131n\u0131n Prezidenti \u0130lham \u018fliyev yanvar\u0131n 22-d\u0259 Bak\u0131 A\u011f \u015e\u0259h\u0259rin M\u0259rk\u0259zi Park Kvartal\u0131nda h\u0259yata ke\u00e7iril\u0259n in\u015faat, infrastruktur v\u0259 abadl\u0131q i\u015fl\u0259ri, h\u0259m\u00e7inin tikintisi yekunla\u015fan Bak\u0131 A\u011f \u015e\u0259h\u0259r Ofis binas\u0131nda yarad\u0131lan \u015f\u0259rait il\u0259 tan\u0131\u015f olub.<\/strong><\/p><\/blockquote>\n<p><a href=\"https:\/\/infonews.az\/?p=39262\"><span style=\"color: #333399;\"><strong>&#8220;\u0130NFONEWS&#8221;<\/strong><\/span><\/a>\u00a0x\u0259b\u0259r verir ki, bu bar\u0259d\u0259 prezidentin M\u0259tbuat Xidm\u0259ti m\u0259lumat yay\u0131b.<\/p>\n<p><img loading=\"lazy\" decoding=\"async\" class=\"aligncenter size-full wp-image-39264\" src=\"https:\/\/infonews.az\/wp-content\/uploads\/2024\/01\/17059093764429554450_1200x630.jpg\" alt=\"\" width=\"918\" height=\"630\" srcset=\"https:\/\/infonews.az\/wp-content\/uploads\/2024\/01\/17059093764429554450_1200x630.jpg 918w, https:\/\/infonews.az\/wp-content\/uploads\/2024\/01\/17059093764429554450_1200x630-300x206.jpg 300w, https:\/\/infonews.az\/wp-content\/uploads\/2024\/01\/17059093764429554450_1200x630-768x527.jpg 768w\" sizes=\"(max-width: 918px) 100vw, 918px\" \/><\/p>\n","protected":false},"excerpt":{"rendered":"<p>Prezident Bak\u0131 A\u011f \u015e\u0259h\u0259rd\u0259 yarad\u0131lan \u015f\u0259rait il\u0259 tan\u0131\u015f olub\u00a0 Az\u0259rbaycan Respublikas\u0131n\u0131n Prezidenti \u0130lham \u018fliyev yanvar\u0131n 22-d\u0259 Bak\u0131 A\u011f \u015e\u0259h\u0259rin M\u0259rk\u0259zi Park Kvartal\u0131nda h\u0259yata ke\u00e7iril\u0259n in\u015faat, infrastruktur v\u0259 abadl\u0131q i\u015fl\u0259ri, h\u0259m\u00e7inin&hellip; <\/p>\n","protected":false},"author":14,"featured_media":39263,"comment_status":"open","ping_status":"open","sticky":false,"template":"","format":"standard","meta":{"_mi_skip_tracking":false,"_monsterinsights_sitenote_active":false,"_monsterinsights_sitenote_note":"","_monsterinsights_sitenote_category":0,"footnotes":""},"categories":[10170,4,11],"tags":[1008,12440,15],"aioseo_notices":[],"_links":{"self":[{"href":"https:\/\/infonews.az\/index.php?rest_route=\/wp\/v2\/posts\/39262"}],"collection":[{"href":"https:\/\/infonews.az\/index.php?rest_route=\/wp\/v2\/posts"}],"about":[{"href":"https:\/\/infonews.az\/index.php?rest_route=\/wp\/v2\/types\/post"}],"author":[{"embeddable":true,"href":"https:\/\/infonews.az\/index.php?rest_route=\/wp\/v2\/users\/14"}],"replies":[{"embeddable":true,"href":"https:\/\/infonews.az\/index.php?rest_route=%2Fwp%2Fv2%2Fcomments&post=39262"}],"version-history":[{"count":1,"href":"https:\/\/infonews.az\/index.php?rest_route=\/wp\/v2\/posts\/39262\/revisions"}],"predecessor-version":[{"id":39265,"href":"https:\/\/infonews.az\/index.php?rest_route=\/wp\/v2\/posts\/39262\/revisions\/39265"}],"wp:featuredmedia":[{"embeddable":true,"href":"https:\/\/infonews.az\/index.php?rest_route=\/wp\/v2\/media\/39263"}],"wp:attachment":[{"href":"https:\/\/infonews.az\/index.php?rest_route=%2Fwp%2Fv2%2Fmedia&parent=39262"}],"wp:term":[{"taxonomy":"category","embeddable":true,"href":"https:\/\/infonews.az\/index.php?rest_route=%2Fwp%2Fv2%2Fcategories&post=39262"},{"taxonomy":"post_tag","embeddable":true,"href":"https:\/\/infonews.az\/index.php?rest_route=%2Fwp%2Fv2%2Ftags&post=39262"}],"curies":[{"name":"wp","href":"https:\/\/api.w.org\/{rel}","templated":true}]}}