{"id":39292,"date":"2024-01-23T15:49:25","date_gmt":"2024-01-23T11:49:25","guid":{"rendered":"https:\/\/infonews.az\/?p=39292"},"modified":"2024-01-23T15:49:48","modified_gmt":"2024-01-23T11:49:48","slug":"az%c9%99rbaycan-asiqlar-birliyind%c9%99-yeni-layih%c9%99y%c9%99-start-verilib","status":"publish","type":"post","link":"https:\/\/infonews.az\/?p=39292","title":{"rendered":"Az\u0259rbaycan A\u015f\u0131qlar Birliyind\u0259 yeni layih\u0259y\u0259 START VER\u0130L\u0130B"},"content":{"rendered":"<p><span style=\"color: #ffffff;\">Az\u0259rbaycan A\u015f\u0131qlar Birliyind\u0259 yeni layih\u0259y\u0259 START VER\u0130L\u0130B<\/span><\/p>\n<blockquote><p>Son ill\u0259rd\u0259 a\u015f\u0131q s\u0259n\u0259tin\u0259 v\u0259 \u0259d\u0259biyyat\u0131na dair bir s\u0131ra u\u011furlu n\u0259\u015frl\u0259r \u0259rs\u0259y\u0259 g\u0259tir\u0259n Az\u0259rbaycan A\u015f\u0131qlar Birliyind\u0259 (AAB) bu d\u0259f\u0259 dastanlar\u0131m\u0131za m\u00fcraci\u0259t etm\u0259k q\u0259rara al\u0131n\u0131b.<\/p><\/blockquote>\n<p><a href=\"https:\/\/infonews.az\/?p=39292\"><span style=\"color: #333399;\"><strong>&#8220;\u0130NFONEWS&#8221;<\/strong><\/span><\/a> &#8211; un \u0259ld\u0259 etdiyi m\u0259lumat\u0131na g\u00f6r\u0259, AAB-nin katibi, \u018fm\u0259kdar m\u0259d\u0259niyy\u0259t i\u015f\u00e7isi Musa N\u0259bio\u011flu bildirib ki, iki cildd\u0259 \u00e7ap olunmas\u0131 n\u0259z\u0259rd\u0259 tutulan antologiyada haz\u0131rda da a\u015f\u0131qlar\u0131m\u0131z\u0131n repertuar\u0131nda m\u00fch\u00fcm yer tutan dastanlara yer veril\u0259c\u0259k. Bel\u0259 ki, g\u00fcn\u00fcm\u00fcz\u00fcn ustad a\u015f\u0131qlar\u0131ndan \u018fl\u0259ddin G\u00f6y\u00e7\u0259li, F\u0259tulla G\u00f6y\u00e7\u0259li, A\u011famurad \u015eirvanl\u0131, Arif \u018fsg\u0259rov, Altay M\u0259mm\u0259dli, Q\u0259l\u0259nd\u0259r Zeynalov, Nazim Quliyev, N\u0259bi Na\u011f\u0131yev, Elman Tal\u0131stanl\u0131, M\u0259mm\u0259d Bozalqanl\u0131, Nizami \u015eirinov, el\u0259c\u0259 d\u0259 \u0130xtiyar Qocayev, Elm\u0259ddin M\u0259mm\u0259dli, \u015e\u0259hriyar Qaraxanl\u0131, \u015e\u00f6hr\u0259t K\u0259rimov, Elbrus H\u00fcseynov, Anar K\u0259rimov, Anar Qurbanov v\u0259 dig\u0259rl\u0259rinin repertuar\u0131ndan lent\u0259 al\u0131nm\u0131\u015f \u201cAbbas v\u0259 G\u00fclg\u0259z\u201d, \u201cQurbani\u201d, \u201cTahir v\u0259 Z\u00f6hr\u0259\u201d, \u201cLeyli v\u0259 M\u0259cnun\u201d, \u201cA\u015f\u0131q Q\u0259rib\u201d, \u201cValeh v\u0259 Z\u0259rnigar\u201d, \u201cAl\u0131xan v\u0259 P\u0259ri\u201d, \u201c\u015eah \u0130smay\u0131l v\u0259 G\u00fclzar\u201d, \u201cY\u0259hya b\u0259y Dilq\u0259m\u201d, \u201cA\u015f\u0131q H\u00fcseyn v\u0259 Reyhan xan\u0131m\u201d v\u0259 dig\u0259r dastanlar\u0131n yenid\u0259n s\u0259n\u0259tsev\u0259rl\u0259r\u0259 v\u0259 geni\u015f oxucu k\u00fctl\u0259sin\u0259 \u00e7atd\u0131r\u0131lmas\u0131 n\u0259z\u0259rd\u0259 tutulur.<\/p>\n<p>Toplunun ilk cildi bu ilin birinci yar\u0131s\u0131nda ictimaiyy\u0259t\u0259 t\u0259qdim olunacaq.<\/p>\n","protected":false},"excerpt":{"rendered":"<p>Az\u0259rbaycan A\u015f\u0131qlar Birliyind\u0259 yeni layih\u0259y\u0259 START VER\u0130L\u0130B Son ill\u0259rd\u0259 a\u015f\u0131q s\u0259n\u0259tin\u0259 v\u0259 \u0259d\u0259biyyat\u0131na dair bir s\u0131ra u\u011furlu n\u0259\u015frl\u0259r \u0259rs\u0259y\u0259 g\u0259tir\u0259n Az\u0259rbaycan A\u015f\u0131qlar Birliyind\u0259 (AAB) bu d\u0259f\u0259 dastanlar\u0131m\u0131za m\u00fcraci\u0259t etm\u0259k q\u0259rara&hellip; <\/p>\n","protected":false},"author":14,"featured_media":39293,"comment_status":"open","ping_status":"open","sticky":false,"template":"","format":"standard","meta":{"_mi_skip_tracking":false,"_monsterinsights_sitenote_active":false,"_monsterinsights_sitenote_note":"","_monsterinsights_sitenote_category":0,"footnotes":""},"categories":[4,10,11],"tags":[12445,12447,15,12446],"aioseo_notices":[],"_links":{"self":[{"href":"https:\/\/infonews.az\/index.php?rest_route=\/wp\/v2\/posts\/39292"}],"collection":[{"href":"https:\/\/infonews.az\/index.php?rest_route=\/wp\/v2\/posts"}],"about":[{"href":"https:\/\/infonews.az\/index.php?rest_route=\/wp\/v2\/types\/post"}],"author":[{"embeddable":true,"href":"https:\/\/infonews.az\/index.php?rest_route=\/wp\/v2\/users\/14"}],"replies":[{"embeddable":true,"href":"https:\/\/infonews.az\/index.php?rest_route=%2Fwp%2Fv2%2Fcomments&post=39292"}],"version-history":[{"count":2,"href":"https:\/\/infonews.az\/index.php?rest_route=\/wp\/v2\/posts\/39292\/revisions"}],"predecessor-version":[{"id":39295,"href":"https:\/\/infonews.az\/index.php?rest_route=\/wp\/v2\/posts\/39292\/revisions\/39295"}],"wp:featuredmedia":[{"embeddable":true,"href":"https:\/\/infonews.az\/index.php?rest_route=\/wp\/v2\/media\/39293"}],"wp:attachment":[{"href":"https:\/\/infonews.az\/index.php?rest_route=%2Fwp%2Fv2%2Fmedia&parent=39292"}],"wp:term":[{"taxonomy":"category","embeddable":true,"href":"https:\/\/infonews.az\/index.php?rest_route=%2Fwp%2Fv2%2Fcategories&post=39292"},{"taxonomy":"post_tag","embeddable":true,"href":"https:\/\/infonews.az\/index.php?rest_route=%2Fwp%2Fv2%2Ftags&post=39292"}],"curies":[{"name":"wp","href":"https:\/\/api.w.org\/{rel}","templated":true}]}}