{"id":393,"date":"2020-12-06T11:23:49","date_gmt":"2020-12-06T07:23:49","guid":{"rendered":"http:\/\/infonews.az\/?p=393"},"modified":"2020-12-06T13:36:34","modified_gmt":"2020-12-06T09:36:34","slug":"erm%c9%99nistanda-bugunku-faci%c9%99vi-m%c9%99nz%c9%99r%c9%99nin-memarlari-h%c9%99m-d%c9%99-sarkisyan-kocaryan-cutluyudur-politoloq","status":"publish","type":"post","link":"https:\/\/infonews.az\/?p=393","title":{"rendered":"Erm\u0259nistanda bug\u00fcnk\u00fc faci\u0259vi m\u0259nz\u0259r\u0259nin memarlar\u0131 h\u0259m d\u0259 Sarkisyan-Ko\u00e7aryan c\u00fctl\u00fcy\u00fcd\u00fcr &#8211; Politoloq"},"content":{"rendered":"<blockquote><p>Sarkisyan-Ko\u00e7aryan c\u00fctl\u00fcy\u00fc Az\u0259rbaycan xalq\u0131n\u0131n c\u0259lladlar\u0131 kimi tarix\u0259 h\u0259kk olundular. M\u0259hz onlar\u0131n r\u0259hb\u0259rlik etdiyi terror\u00e7u d\u0259st\u0259l\u0259r Az\u0259rbaycan xalq\u0131n\u0131 etnik t\u0259mizl\u0259m\u0259y\u0259 m\u0259ruz qoydu. 1 milyona yax\u0131n soyda\u015f\u0131m\u0131z\u0131n \u00f6z torpaqlar\u0131ndan did\u0259rgin d\u00fc\u015fm\u0259sinin g\u00fcnahkarlar\u0131 da o c\u0259lladlard\u0131r.<\/p><\/blockquote>\n<p><a href=\"http:\/\/infonews.az\"><span style=\"color: #ff0000;\">&#8220;\u0130NFONEWS&#8221;<\/span><\/a> x\u0259b\u0259r verir ki, bu bar\u0259d\u0259 Trend-\u0259 politoloq Ceyhun \u018fhm\u0259dli deyib.<\/p>\n<p>Politoloq bildirib ki, t\u0259\u0259ss\u00fcf do\u011furan m\u0259qam ondan ibar\u0259tdir ki, torpaqlar\u0131m\u0131z\u0131n i\u015f\u011fal alt\u0131na d\u00fc\u015fm\u0259sind\u0259 ba\u015f rolu ifa\u00e7\u0131lar\u0131 olan bu iki cani sonradan h\u0259min zehniyy\u0259tl\u0259 20 ild\u0259n \u00e7ox m\u00fcdd\u0259t \u0259rzind\u0259 Erm\u0259nistan d\u00f6vl\u0259tinin s\u00fckan\u0131 arxas\u0131nda oturdular:<\/p>\n<p>&#8220;H\u0259r\u00e7\u0259nd, erm\u0259ni xalq\u0131 Pa\u015finyandan umdu\u011funu g\u00f6r\u0259 bilm\u0259s\u0259 d\u0259, bug\u00fcnk\u00fc faci\u0259vi m\u0259nz\u0259r\u0259nin memar\u0131 he\u00e7 d\u0259 t\u0259kc\u0259 Pa\u015finyan deyil. Az\u0259rbaycan Prezidentinin d\u0259 ifad\u0259 etdiyi kimi, biz ke\u00e7mi\u015f kriminal rejimin yaratd\u0131\u011f\u0131 ordunu darmada\u011f\u0131n etmi\u015fik. Pa\u015finyan he\u00e7 kimdir. O, c\u0259mi 2 il yar\u0131md\u0131r hakimiyy\u0259td\u0259dir. Erm\u0259nistan is\u0259 30 il\u0259 yax\u0131nd\u0131r Qaraba\u011fda m\u00fcdafi\u0259 istahkamlar\u0131 qurur, bura silah v\u0259 texnika y\u0131\u011f\u0131rd\u0131. \u201cOhanyan x\u0259tti\u201d, \u201cM\u0259\u011flubedilm\u0259z ordu\u201d mifl\u0259ri d\u0259 sabiq erm\u0259ni xuntaba\u015f\u0131lar\u0131n\u0131n uydurdu\u011fu saxta t\u0259s\u0259vv\u00fcrl\u0259r idi. \u015eanl\u0131 Ordumuz bu mifl\u0259ri 44 g\u00fcn \u0259rzind\u0259 darmada\u011f\u0131n ed\u0259r\u0259k Ko\u00e7aryan-Sarkisyan c\u00fctl\u00fcy\u00fcn\u00fcn Az\u0259rbaycan xalq\u0131na ya\u015fatd\u0131\u011f\u0131 z\u00fcl\u00fcml\u0259rin qisas\u0131n\u0131 d\u00f6y\u00fc\u015f meydan\u0131nda ald\u0131. Amma \u0259lb\u0259tt\u0259 ki, bizim haqq m\u00fcbariz\u0259miz h\u00fcquq m\u00fcst\u0259visind\u0259 d\u0259 davam ed\u0259c\u0259k. \u018fli qana bulanm\u0131\u015f o canil\u0259r Beyn\u0259lxalq Cinay\u0259t M\u0259hk\u0259m\u0259si qar\u015f\u0131s\u0131nda m\u00fchakim\u0259 olunmal\u0131d\u0131rlar. \u018fdal\u0259t o zaman tam z\u0259f\u0259r \u00e7alacaq&#8221;.<\/p>\n<p>Politoloq qeyd edib ki, ad\u0131 \u00e7\u0259kil\u0259n \u015f\u0259xsl\u0259rin bu g\u00fcn \u0130r\u0259van k\u00fc\u00e7\u0259l\u0259rind\u0259 yenid\u0259n hakimiyy\u0259t u\u011frunda m\u00fcbariz\u0259y\u0259 qo\u015fulmas\u0131 k\u0259nardan \u00e7ox ac\u0131nacaql\u0131 v\u0259 miskin g\u00f6r\u00fcn\u00fcr. G\u00f6r\u0259s\u0259n, bunlar hans\u0131 \u00fczl\u0259 yenid\u0259n Erm\u0259nistan\u0131n s\u00fckan\u0131 arxas\u0131na ke\u00e7m\u0259k ist\u0259yirl\u0259r? Diz \u00e7\u00f6k\u0259n, r\u00fcsvay\u00e7\u0131 m\u0259\u011flubiyy\u0259t\u0259 d\u00fc\u00e7ar olan ordunu bunlar yaratmam\u0131\u015fd\u0131m\u0131?:<\/p>\n<p>&#8220;\u018fslind\u0259 erm\u0259ni xalq\u0131 \u00fc\u00e7\u00fcn tarixi bir f\u00fcrs\u0259t yaran\u0131b. Onlar hakimiyy\u0259td\u0259 sa\u011flam q\u00fcvv\u0259l\u0259rin olmas\u0131n\u0131 t\u0259min ed\u0259 bils\u0259l\u0259r, he\u00e7 olmasa bundan sonra layiqli h\u0259yat ya\u015fama\u011fa nail olacaqlar. Yox, \u0259g\u0259r eyforiyaya qap\u0131l\u0131b yenid\u0259n m\u00fcharib\u0259 canil\u0259rin\u0259 meydan vers\u0259l\u0259r, bug\u00fcnk\u00fc v\u0259ziyy\u0259tl\u0259rin\u0259 \u015f\u00fck\u00fcr ed\u0259c\u0259kl\u0259r&#8221;.<\/p>\n","protected":false},"excerpt":{"rendered":"<p>Sarkisyan-Ko\u00e7aryan c\u00fctl\u00fcy\u00fc Az\u0259rbaycan xalq\u0131n\u0131n c\u0259lladlar\u0131 kimi tarix\u0259 h\u0259kk olundular. M\u0259hz onlar\u0131n r\u0259hb\u0259rlik etdiyi terror\u00e7u d\u0259st\u0259l\u0259r Az\u0259rbaycan xalq\u0131n\u0131 etnik t\u0259mizl\u0259m\u0259y\u0259 m\u0259ruz qoydu. 1 milyona yax\u0131n soyda\u015f\u0131m\u0131z\u0131n \u00f6z torpaqlar\u0131ndan did\u0259rgin d\u00fc\u015fm\u0259sinin g\u00fcnahkarlar\u0131&hellip; <\/p>\n","protected":false},"author":3,"featured_media":394,"comment_status":"open","ping_status":"open","sticky":false,"template":"","format":"standard","meta":{"_mi_skip_tracking":false,"_monsterinsights_sitenote_active":false,"_monsterinsights_sitenote_note":"","_monsterinsights_sitenote_category":0,"footnotes":""},"categories":[6,11],"tags":[70,18],"aioseo_notices":[],"_links":{"self":[{"href":"https:\/\/infonews.az\/index.php?rest_route=\/wp\/v2\/posts\/393"}],"collection":[{"href":"https:\/\/infonews.az\/index.php?rest_route=\/wp\/v2\/posts"}],"about":[{"href":"https:\/\/infonews.az\/index.php?rest_route=\/wp\/v2\/types\/post"}],"author":[{"embeddable":true,"href":"https:\/\/infonews.az\/index.php?rest_route=\/wp\/v2\/users\/3"}],"replies":[{"embeddable":true,"href":"https:\/\/infonews.az\/index.php?rest_route=%2Fwp%2Fv2%2Fcomments&post=393"}],"version-history":[{"count":2,"href":"https:\/\/infonews.az\/index.php?rest_route=\/wp\/v2\/posts\/393\/revisions"}],"predecessor-version":[{"id":396,"href":"https:\/\/infonews.az\/index.php?rest_route=\/wp\/v2\/posts\/393\/revisions\/396"}],"wp:featuredmedia":[{"embeddable":true,"href":"https:\/\/infonews.az\/index.php?rest_route=\/wp\/v2\/media\/394"}],"wp:attachment":[{"href":"https:\/\/infonews.az\/index.php?rest_route=%2Fwp%2Fv2%2Fmedia&parent=393"}],"wp:term":[{"taxonomy":"category","embeddable":true,"href":"https:\/\/infonews.az\/index.php?rest_route=%2Fwp%2Fv2%2Fcategories&post=393"},{"taxonomy":"post_tag","embeddable":true,"href":"https:\/\/infonews.az\/index.php?rest_route=%2Fwp%2Fv2%2Ftags&post=393"}],"curies":[{"name":"wp","href":"https:\/\/api.w.org\/{rel}","templated":true}]}}