{"id":39309,"date":"2024-01-24T13:28:47","date_gmt":"2024-01-24T09:28:47","guid":{"rendered":"https:\/\/infonews.az\/?p=39309"},"modified":"2024-01-24T13:29:22","modified_gmt":"2024-01-24T09:29:22","slug":"turkiy%c9%99d%c9%99ki-az%c9%99rbaycan-c%c9%99miyy%c9%99tl%c9%99ri-kitabi-teqdimat","status":"publish","type":"post","link":"https:\/\/infonews.az\/?p=39309","title":{"rendered":"\u201cT\u00fcrkiy\u0259d\u0259ki Az\u0259rbaycan c\u0259miyy\u0259tl\u0259ri\u201d kitab\u0131 &#8211; T\u018fQD\u0130MAT"},"content":{"rendered":"<p><span style=\"color: #ffffff;\">\u201cT\u00fcrkiy\u0259d\u0259ki Az\u0259rbaycan c\u0259miyy\u0259tl\u0259ri\u201d kitab\u0131 &#8211; T\u018fQD\u0130MAT\u00a0<\/span><\/p>\n<blockquote><p>\u0130stanbulda \u201cT\u00fcrkiy\u0259d\u0259ki Az\u0259rbaycan c\u0259miyy\u0259tl\u0259ri\u201d kitab\u0131n\u0131n t\u0259qdimat\u0131 ke\u00e7irilib. T\u00fcrkiy\u0259 C\u00fcmhuriyy\u0259tinin yaranmas\u0131n\u0131n 100-c\u00fc ild\u00f6n\u00fcm\u00fcn\u0259 h\u0259sr edil\u0259n n\u0259\u015frd\u0259 1920-1991-ci ill\u0259rd\u0259 az\u0259rbaycanl\u0131 m\u00fchacirl\u0259rin T\u00fcrkiy\u0259d\u0259 qurduqlar\u0131 ictimai-m\u0259d\u0259ni t\u0259\u015fkilatlar\u0131n tarixi \u0259ks etdirilib.<\/p><\/blockquote>\n<p><a href=\"https:\/\/infonews.az\/?p=39309\"><span style=\"color: #333399;\"><strong>&#8220;\u0130NFONEWS&#8221;<\/strong> <\/span><\/a>x\u0259b\u0259r verir ki, bu bar\u0259d\u0259 kitab\u0131n m\u00fc\u0259llifi, Az\u0259rbaycan m\u00fchacir\u0259t tarixinin t\u0259dqiqat\u00e7\u0131s\u0131 Dilq\u0259m \u018fhm\u0259d AZ\u018fRTAC &#8211; a m\u00fcsahib\u0259sind\u0259 bildirib.<\/p>\n<p>N\u0259\u015frin m\u00fchacir\u0259t d\u00f6vr\u00fcnd\u0259 Az\u0259rbaycandan T\u00fcrkiy\u0259y\u0259 k\u00f6\u00e7 etm\u0259k m\u0259cburiyy\u0259ti qar\u015f\u0131s\u0131nda qalan siyas\u0259t\u00e7il\u0259rimiz, yaz\u0131\u00e7\u0131lar\u0131m\u0131z, ictimai xadiml\u0259rimizin d\u0259 daxil oldu\u011fu ictimai-m\u0259d\u0259ni d\u0259rn\u0259kl\u0259rin tarixini \u0259hat\u0259 etdiyini bildir\u0259n m\u00fc\u0259llif deyib: \u201cT\u00fcrkiy\u0259d\u0259ki Az\u0259rbaycan c\u0259miyy\u0259tl\u0259ri\u201d kitab\u0131nda 10-dan \u00e7ox c\u0259miyy\u0259tin tarixi \u0259ks olunub. Aralar\u0131nda 1920-ci ill\u0259rd\u0259 qurulanlar da var. Bunlara \u201cAz\u0259ri-T\u00fcrk G\u0259ncl\u0259r Birliyi\u201d, \u201cAz\u0259rbaycan-T\u00fcrk T\u0259l\u0259b\u0259 Birliyi\u201d kimi c\u0259miyy\u0259tl\u0259rimizi misal \u00e7\u0259km\u0259k olar. Burada g\u0259ncl\u0259r birlikl\u0259ri olduqca vacibdir. Bel\u0259 ki, T\u00fcrkiy\u0259d\u0259 ya\u015fayan az\u0259rbaycanl\u0131lar, universitet t\u0259l\u0259b\u0259l\u0259ri, ictimai f\u0259aliyy\u0259ti olan g\u0259ncl\u0259rimiz birl\u0259\u015f\u0259r\u0259k bu c\u0259miyy\u0259tl\u0259ri qurublar. N\u0259\u015frd\u0259, eyni zamanda, bu birlikl\u0259rin ke\u00e7irdikl\u0259ri konfranslar, n\u0259\u015fr etdirdikl\u0259ri kitablar, x\u00fcsusil\u0259 28 May &#8211; M\u00fcst\u0259qillik G\u00fcn\u00fc olmaqla \u0259h\u0259miyy\u0259tli tarixl\u0259rimizi qeyd etm\u0259l\u0259ri il\u0259 ba\u011fl\u0131 faktlar toplan\u0131b. B\u00fct\u00fcn bu faktlar olduqca \u0259h\u0259miyy\u0259tli foto\u015f\u0259kill\u0259r, d\u0259rn\u0259kl\u0259rin nizamnam\u0259l\u0259ri il\u0259 oxucuya t\u0259qdim edilib. Bildiyiniz kimi, \u00f6lk\u0259 ba\u015f\u00e7\u0131s\u0131 bu il Az\u0259rbaycan Xalq C\u00fcmhuriyy\u0259tinin banil\u0259rind\u0259n biri M\u0259h\u0259mm\u0259d \u018fmin R\u0259sulzad\u0259nin 140 illik yubileyinin qeyd edilm\u0259si il\u0259 ba\u011fl\u0131 S\u0259r\u0259ncam imzalay\u0131b. Yubiley m\u00fcnasib\u0259til\u0259 n\u0259\u015frd\u0259 M\u0259h\u0259mm\u0259d \u018fmin R\u0259sulzad\u0259 t\u0259r\u0259find\u0259n 1940-c\u0131 ild\u0259 qurulan Az\u0259rbaycan M\u0259d\u0259niyy\u0259t D\u0259rn\u0259yinin f\u0259aliyy\u0259tin\u0259 x\u00fcsusi yer verilib. Bu d\u0259rn\u0259yin ilk 25 illik f\u0259aliyy\u0259tind\u0259 ke\u00e7irdiyi b\u00fct\u00fcn t\u0259dbirl\u0259r, o c\u00fcml\u0259d\u0259n verdiyi 20-d\u0259n art\u0131q konfrans g\u00fcnb\u0259g\u00fcn \u0259ks olunub. Onu da deyim ki, bu d\u0259rn\u0259k h\u0259l\u0259 d\u0259 Ankarada f\u0259aliyy\u0259tini davam etdirir. Qurulan b\u00fct\u00fcn bu birlikl\u0259rin \u0259sas m\u0259qs\u0259di Az\u0259rbaycan\u0131n musiqisini, m\u0259d\u0259niyy\u0259tini t\u0259bli\u011f etm\u0259k, qar\u015f\u0131l\u0131ql\u0131 yard\u0131mla\u015fmaq olub. Bunlar\u0131n aras\u0131nda ilk d\u0259f\u0259 geni\u015f \u00fcz\u0259 \u00e7\u0131xartd\u0131\u011f\u0131m Az\u0259rbaycan-T\u00fcrk Musiqi Hey\u0259ti var ki, bunu \u015fu\u015fal\u0131 xan\u0259nd\u0259 M\u0259\u015f\u0259di M\u0259h\u0259mm\u0259d F\u0259rz\u0259liyev 1920-ci ill\u0259rin sonunda T\u00fcrkiy\u0259d\u0259 yarad\u0131b. Xan\u0259nd\u0259 T\u00fcrkiy\u0259d\u0259 Mehmet Ferzal\u0131 olaraq tan\u0131n\u0131b. Bu c\u0259miyy\u0259timiz 1930-cu ill\u0259rd\u0259 T\u00fcrk hey\u0259ti il\u0259 birlikd\u0259 Misir\u0259 s\u0259f\u0259r ed\u0259r\u0259k orada konsert proqram\u0131 il\u0259 d\u0259 \u00e7\u0131x\u0131\u015f edib. Bununla da, biz bu birliyin geni\u015f f\u0259aliyy\u0259t g\u00f6st\u0259rdiyinin \u015fahidi oluruq\u201d.<\/p>\n<p>Yaz\u0131\u00e7\u0131 deyib ki, n\u0259\u015frd\u0259 1950-1960-c\u0131, el\u0259c\u0259 d\u0259 1980-ci ill\u0259rd\u0259 qurulan d\u0259rn\u0259kl\u0259r haqq\u0131nda da m\u0259lumat verilib: \u201cFikrimc\u0259, bu, diaspor tariximiz bax\u0131m\u0131ndan olduqca \u0259h\u0259miyy\u0259tli bir kitabd\u0131r. Kitab\u0131n \u0259rs\u0259y\u0259 g\u0259lm\u0259sind\u0259 g\u00f6st\u0259rdiyi maddi d\u0259st\u0259y\u0259 g\u00f6r\u0259 Az\u0259rbaycan Diasporuna D\u0259st\u0259k Fonduna t\u0259\u015f\u0259kk\u00fcr edir\u0259m\u201d.<\/p>\n<p>Dilq\u0259m \u018fhm\u0259d g\u0259l\u0259c\u0259kd\u0259 m\u00fchacirl\u0259rimizin d\u00fcnya \u00fczr\u0259 f\u0259aliyy\u0259ti v\u0259 onlar\u0131n d\u00fcnyan\u0131n m\u00fcxt\u0259lif \u00f6lk\u0259l\u0259rind\u0259 qurduqlar\u0131 d\u0259rn\u0259kl\u0259ri i\u015f\u0131q \u00fcz\u00fcn\u0259 \u00e7\u0131xarma\u011f\u0131 planla\u015fd\u0131rd\u0131qlar\u0131n\u0131 deyib.<\/p>\n","protected":false},"excerpt":{"rendered":"<p>\u201cT\u00fcrkiy\u0259d\u0259ki Az\u0259rbaycan c\u0259miyy\u0259tl\u0259ri\u201d kitab\u0131 &#8211; T\u018fQD\u0130MAT\u00a0 \u0130stanbulda \u201cT\u00fcrkiy\u0259d\u0259ki Az\u0259rbaycan c\u0259miyy\u0259tl\u0259ri\u201d kitab\u0131n\u0131n t\u0259qdimat\u0131 ke\u00e7irilib. T\u00fcrkiy\u0259 C\u00fcmhuriyy\u0259tinin yaranmas\u0131n\u0131n 100-c\u00fc ild\u00f6n\u00fcm\u00fcn\u0259 h\u0259sr edil\u0259n n\u0259\u015frd\u0259 1920-1991-ci ill\u0259rd\u0259 az\u0259rbaycanl\u0131 m\u00fchacirl\u0259rin T\u00fcrkiy\u0259d\u0259 qurduqlar\u0131 ictimai-m\u0259d\u0259ni t\u0259\u015fkilatlar\u0131n tarixi&hellip; <\/p>\n","protected":false},"author":14,"featured_media":39310,"comment_status":"open","ping_status":"open","sticky":false,"template":"","format":"standard","meta":{"_mi_skip_tracking":false,"_monsterinsights_sitenote_active":false,"_monsterinsights_sitenote_note":"","_monsterinsights_sitenote_category":0,"footnotes":""},"categories":[5373,4,11],"tags":[4928,15,4413,4519,12],"aioseo_notices":[],"_links":{"self":[{"href":"https:\/\/infonews.az\/index.php?rest_route=\/wp\/v2\/posts\/39309"}],"collection":[{"href":"https:\/\/infonews.az\/index.php?rest_route=\/wp\/v2\/posts"}],"about":[{"href":"https:\/\/infonews.az\/index.php?rest_route=\/wp\/v2\/types\/post"}],"author":[{"embeddable":true,"href":"https:\/\/infonews.az\/index.php?rest_route=\/wp\/v2\/users\/14"}],"replies":[{"embeddable":true,"href":"https:\/\/infonews.az\/index.php?rest_route=%2Fwp%2Fv2%2Fcomments&post=39309"}],"version-history":[{"count":2,"href":"https:\/\/infonews.az\/index.php?rest_route=\/wp\/v2\/posts\/39309\/revisions"}],"predecessor-version":[{"id":39312,"href":"https:\/\/infonews.az\/index.php?rest_route=\/wp\/v2\/posts\/39309\/revisions\/39312"}],"wp:featuredmedia":[{"embeddable":true,"href":"https:\/\/infonews.az\/index.php?rest_route=\/wp\/v2\/media\/39310"}],"wp:attachment":[{"href":"https:\/\/infonews.az\/index.php?rest_route=%2Fwp%2Fv2%2Fmedia&parent=39309"}],"wp:term":[{"taxonomy":"category","embeddable":true,"href":"https:\/\/infonews.az\/index.php?rest_route=%2Fwp%2Fv2%2Fcategories&post=39309"},{"taxonomy":"post_tag","embeddable":true,"href":"https:\/\/infonews.az\/index.php?rest_route=%2Fwp%2Fv2%2Ftags&post=39309"}],"curies":[{"name":"wp","href":"https:\/\/api.w.org\/{rel}","templated":true}]}}