{"id":39399,"date":"2024-01-29T16:40:41","date_gmt":"2024-01-29T12:40:41","guid":{"rendered":"https:\/\/infonews.az\/?p=39399"},"modified":"2024-01-29T16:40:41","modified_gmt":"2024-01-29T12:40:41","slug":"7-fevral-seckil%c9%99ri-iqtisadiyyatimizda-yeni-m%c9%99rh%c9%99l%c9%99nin-baslangici-olacaq-zahid-memmedov","status":"publish","type":"post","link":"https:\/\/infonews.az\/?p=39399","title":{"rendered":"&#8220;7 fevral se\u00e7kil\u0259ri iqtisadiyyat\u0131m\u0131zda yeni m\u0259rh\u0259l\u0259nin ba\u015flan\u011f\u0131c\u0131 olacaq&#8221; &#8211; Zahid M\u018fMM\u018fDOV"},"content":{"rendered":"<p><span style=\"color: #ffffff;\">&#8220;&#8221;7 fevral se\u00e7kil\u0259ri iqtisadiyyat\u0131m\u0131zda yeni m\u0259rh\u0259l\u0259nin ba\u015flan\u011f\u0131c\u0131 olacaq&#8221; &#8211; Zahid M\u018fMM\u018fDOV<\/span><\/p>\n<blockquote><p><em><strong>\u201cFevral\u0131n 7-d\u0259 ke\u00e7iril\u0259c\u0259k prezident se\u00e7kil\u0259ri Az\u0259rbaycanda r\u0259qab\u0259t qabiliyy\u0259tli iqtisadiyyat\u0131n v\u0259 sosial \u0259dal\u0259t\u0259 hesablanan c\u0259miyy\u0259tin inki\u015faf\u0131 namin\u0259 g\u00f6r\u00fcl\u0259n i\u015fl\u0259rin yeni m\u0259rh\u0259l\u0259sinin ba\u015flanmas\u0131 bax\u0131m\u0131ndan \u00e7ox \u0259h\u0259miyy\u0259tlidir\u201d<\/strong><\/em><\/p><\/blockquote>\n<p><a href=\"https:\/\/infonews.az\/?p=39399\"><span style=\"color: #333399;\"><strong>&#8220;\u0130NFONEWS&#8221;<\/strong><\/span> <\/a>x\u0259b\u0259r verir ki, bunu &#8220;secki-2024.az&#8221; sayt\u0131na a\u00e7\u0131qlamas\u0131nda Az\u0259rbaycan D\u00f6vl\u0259t \u0130qtisad Universitetinin (UNEC) professoru, iqtisad elml\u0259ri doktoru Zahid M\u0259mm\u0259dov bildirib.<\/p>\n<p>\u0130qtisad\u00e7\u0131 alim vur\u011fulay\u0131b ki, 7 fevral se\u00e7kil\u0259ri tariximiz\u0259 \u0259b\u0259di olaraq yaz\u0131lacaq: \u201c\u00c7\u00fcnki Az\u0259rbaycan \u00f6z torpaqlar\u0131nda erm\u0259ni i\u015f\u011fal\u0131na, separatizm\u0259 son qoyub, \u0259razi b\u00fct\u00f6vl\u00fcy\u00fcn\u00fc v\u0259 suverenliyini b\u0259rpa edib, bu g\u00fcn Qaraba\u011fda, \u015e\u0259rqi Z\u0259ng\u0259zurda m\u00fcq\u0259dd\u0259s \u00fc\u00e7r\u0259ngli bayra\u011f\u0131m\u0131z dal\u011falan\u0131r v\u0259 ilk d\u0259f\u0259dir se\u00e7kil\u0259r m\u00fcst\u0259qil Az\u0259rbaycan\u0131n b\u00fct\u00fcn, o c\u00fcml\u0259d\u0259n i\u015f\u011faldan azad edilmi\u015f \u0259razil\u0259rind\u0259 ke\u00e7irilir. B\u00f6y\u00fck Qay\u0131d\u0131\u015f\u0131n ba\u015flanmas\u0131 v\u0259 s\u00fcr\u0259tl\u0259 davam etm\u0259si, apar\u0131lan m\u0259qs\u0259dy\u00f6nl\u00fc b\u0259rpa-quruculuq i\u015fl\u0259ri Qaraba\u011f\u0131n, \u015e\u0259rqi Z\u0259ng\u0259zurun ekoloji c\u0259h\u0259td\u0259n t\u0259miz, \u201cya\u015f\u0131l\u201d iqtisadi zona kimi inki\u015faf\u0131na s\u0259b\u0259b olacaq. B\u00fct\u00fcn bu qeyd edil\u0259nl\u0259r Az\u0259rbaycan\u0131n beyn\u0259lxalq s\u0259viyy\u0259d\u0259 n\u00fcfuzunun daha da artmas\u0131n \u015f\u0259rtl\u0259ndir\u0259n m\u00fch\u00fcm amill\u0259rd\u0259ndir. T\u0259sad\u00fcfi deyil ki, \u00f6lk\u0259miz bu il BMT-nin \u0130qlim D\u0259yi\u015fikliyi \u00fczr\u0259 \u00c7\u0259r\u00e7iv\u0259 Konvensiyas\u0131n\u0131n T\u0259r\u0259fl\u0259r Konfrans\u0131n\u0131n 29-cu sessiyas\u0131na (COP29) ev sahibliyi ed\u0259c\u0259k\u201d.<\/p>\n<p>Z.M\u0259mm\u0259dov, h\u0259m\u00e7inin qeyd edib ki, 7 fevral se\u00e7kil\u0259ri Az\u0259rbaycan d\u00f6vl\u0259tinin b\u00fct\u00fcn sah\u0259l\u0259rd\u0259, o c\u00fcml\u0259d\u0259n iqtisadi sferada prioritet istiqam\u0259t kimi yana\u015fd\u0131\u011f\u0131 m\u00fcasir innovasiyalar\u0131n t\u0259tbiqinin geni\u015fl\u0259ndirilm\u0259si bax\u0131m\u0131ndan da x\u00fcsusi \u00f6n\u0259m\u0259 malikdir.<\/p>\n","protected":false},"excerpt":{"rendered":"<p>&#8220;&#8221;7 fevral se\u00e7kil\u0259ri iqtisadiyyat\u0131m\u0131zda yeni m\u0259rh\u0259l\u0259nin ba\u015flan\u011f\u0131c\u0131 olacaq&#8221; &#8211; Zahid M\u018fMM\u018fDOV \u201cFevral\u0131n 7-d\u0259 ke\u00e7iril\u0259c\u0259k prezident se\u00e7kil\u0259ri Az\u0259rbaycanda r\u0259qab\u0259t qabiliyy\u0259tli iqtisadiyyat\u0131n v\u0259 sosial \u0259dal\u0259t\u0259 hesablanan c\u0259miyy\u0259tin inki\u015faf\u0131 namin\u0259 g\u00f6r\u00fcl\u0259n i\u015fl\u0259rin yeni&hellip; <\/p>\n","protected":false},"author":14,"featured_media":39400,"comment_status":"open","ping_status":"open","sticky":false,"template":"","format":"standard","meta":{"_mi_skip_tracking":false,"_monsterinsights_sitenote_active":false,"_monsterinsights_sitenote_note":"","_monsterinsights_sitenote_category":0,"footnotes":""},"categories":[5373,4,11],"tags":[47,15,9676,12460],"aioseo_notices":[],"_links":{"self":[{"href":"https:\/\/infonews.az\/index.php?rest_route=\/wp\/v2\/posts\/39399"}],"collection":[{"href":"https:\/\/infonews.az\/index.php?rest_route=\/wp\/v2\/posts"}],"about":[{"href":"https:\/\/infonews.az\/index.php?rest_route=\/wp\/v2\/types\/post"}],"author":[{"embeddable":true,"href":"https:\/\/infonews.az\/index.php?rest_route=\/wp\/v2\/users\/14"}],"replies":[{"embeddable":true,"href":"https:\/\/infonews.az\/index.php?rest_route=%2Fwp%2Fv2%2Fcomments&post=39399"}],"version-history":[{"count":1,"href":"https:\/\/infonews.az\/index.php?rest_route=\/wp\/v2\/posts\/39399\/revisions"}],"predecessor-version":[{"id":39401,"href":"https:\/\/infonews.az\/index.php?rest_route=\/wp\/v2\/posts\/39399\/revisions\/39401"}],"wp:featuredmedia":[{"embeddable":true,"href":"https:\/\/infonews.az\/index.php?rest_route=\/wp\/v2\/media\/39400"}],"wp:attachment":[{"href":"https:\/\/infonews.az\/index.php?rest_route=%2Fwp%2Fv2%2Fmedia&parent=39399"}],"wp:term":[{"taxonomy":"category","embeddable":true,"href":"https:\/\/infonews.az\/index.php?rest_route=%2Fwp%2Fv2%2Fcategories&post=39399"},{"taxonomy":"post_tag","embeddable":true,"href":"https:\/\/infonews.az\/index.php?rest_route=%2Fwp%2Fv2%2Ftags&post=39399"}],"curies":[{"name":"wp","href":"https:\/\/api.w.org\/{rel}","templated":true}]}}