{"id":39402,"date":"2024-01-29T16:58:27","date_gmt":"2024-01-29T12:58:27","guid":{"rendered":"https:\/\/infonews.az\/?p=39402"},"modified":"2024-01-29T16:58:27","modified_gmt":"2024-01-29T12:58:27","slug":"asan-xidm%c9%99tin-cagri-m%c9%99rk%c9%99zind%c9%99-suni-intellekt-t%c9%99tbiq-olunacaq","status":"publish","type":"post","link":"https:\/\/infonews.az\/?p=39402","title":{"rendered":"&#8220;ASAN xidm\u0259t\u201din \u00c7a\u011fr\u0131 M\u0259rk\u0259zind\u0259 s\u00fcni intellekt t\u0259tbiq olunacaq"},"content":{"rendered":"<p><span style=\"color: #ffffff;\">&#8220;ASAN xidm\u0259t\u201din \u00c7a\u011fr\u0131 M\u0259rk\u0259zind\u0259 s\u00fcni intellekt t\u0259tbiq olunacaq <\/span><\/p>\n<blockquote><p>Yanvar\u0131n 29-da Az\u0259rbaycan Respublikas\u0131n\u0131n Prezidenti yan\u0131nda V\u0259t\u0259nda\u015flara Xidm\u0259t v\u0259 Sosial \u0130nnovasiyalar \u00fczr\u0259 D\u00f6vl\u0259t Agentliyinin s\u0259dri \u00dclvi Mehdiyev Koreya Respublikas\u0131n\u0131n Az\u0259rbaycan Respublikas\u0131ndak\u0131 f\u00f6vq\u0259lad\u0259 v\u0259 s\u0259lahiyy\u0259tli s\u0259firi Li \u0130n-Yonq v\u0259 Koreya Beyn\u0259lxalq \u0130nki\u015faf Agentliyinin Az\u0259rbaycan n\u00fcmay\u0259nd\u0259liyinin direktoru Moon Jong Hyun il\u0259 g\u00f6r\u00fc\u015f\u00fcb.<\/p><\/blockquote>\n<p><a href=\"https:\/\/infonews.az\/?p=39402\"><span style=\"color: #333399;\"><strong>&#8220;\u0130NFONEWS&#8221;<\/strong><\/span><\/a> x\u0259b\u0259r verir ki, qonaqlara \u201cASAN xidm\u0259t\u201d, el\u0259c\u0259 d\u0259 D\u00f6vl\u0259t Agentliyinin dig\u0259r f\u0259aliyy\u0259t istiqam\u0259tl\u0259ri, sosial innovasiyalar sah\u0259l\u0259rind\u0259 h\u0259yata ke\u00e7iril\u0259n i\u015fl\u0259r bar\u0259d\u0259 \u0259trafl\u0131 m\u0259lumat verilib. Bildirilib ki, bu g\u00fcn\u0259d\u0259k 70 milyona yax\u0131n v\u0259t\u0259nda\u015f m\u00fcraci\u0259ti qeyd\u0259 al\u0131n\u0131b.<\/p>\n<p>G\u00f6r\u00fc\u015f zaman\u0131 xidm\u0259tl\u0259rin g\u00f6st\u0259rilm\u0259sind\u0259 \u0259n son innovasiya v\u0259 texnologiyalar\u0131n t\u0259tbiqi, d\u00f6vl\u0259t xidm\u0259tl\u0259rinin g\u0259l\u0259c\u0259yi il\u0259 \u0259laq\u0259dar fikir m\u00fcbadil\u0259si apar\u0131l\u0131b.<\/p>\n<p>Sonra \u201cKoreya Respublikas\u0131n\u0131n 2023-c\u00fc il \u00fczr\u0259 Ki\u00e7ikh\u0259cmli \u0130nki\u015fafa R\u0259smi Yard\u0131m\u201d proqram\u0131 \u00e7\u0259r\u00e7iv\u0259sind\u0259 h\u0259yata ke\u00e7iril\u0259n \u201cM\u0259rk\u0259zl\u0259\u015fdirilmi\u015f D\u00f6vl\u0259t Xidm\u0259tl\u0259ri \u00c7a\u011fr\u0131 M\u0259rk\u0259zinin optimalla\u015fd\u0131r\u0131lmas\u0131nda S\u00fcni \u0130ntellektin T\u0259tbiqi\u201d layih\u0259si \u00e7\u0259r\u00e7iv\u0259sind\u0259 avadanl\u0131qlar\u0131n verilm\u0259si haqq\u0131nda q\u0259bul v\u0259 t\u0259hvil-t\u0259slim protokolunun imzalanma m\u0259rasimi ke\u00e7irilib.<\/p>\n<p>Layih\u0259 m\u00fcvafiq avadanl\u0131qlar vasit\u0259sil\u0259 \u201cASAN xidm\u0259t\u201din 108 \u00c7a\u011fr\u0131 M\u0259rk\u0259zind\u0259 az\u0259rbaycanl\u0131 m\u00fct\u0259x\u0259ssisl\u0259rin haz\u0131rlad\u0131\u011f\u0131 s\u00fcni intellektin t\u0259tbiqi \u0259sas\u0131nda xidm\u0259tl\u0259rin daha da t\u0259kmill\u0259\u015fdirilm\u0259sini, qlobal standartlara uy\u011funla\u015fd\u0131r\u0131lmas\u0131n\u0131 h\u0259d\u0259fl\u0259yir. H\u0259min avadanl\u0131qlar tap\u015f\u0131r\u0131qlar\u0131n avtomatla\u015fd\u0131r\u0131lmas\u0131na, \u00e7oxsayl\u0131 z\u0259ngl\u0259rin eyni anda q\u0259buluna v\u0259 g\u00f6zl\u0259m\u0259 m\u00fcdd\u0259tinin azald\u0131lmas\u0131na imkan ver\u0259c\u0259k. \u00c7a\u011fr\u0131 M\u0259rk\u0259zinin f\u0259aliyy\u0259ti 24 saat \u0259rzind\u0259 t\u0259min edil\u0259c\u0259k, insan resurslar\u0131na v\u0259 dig\u0259r x\u0259rcl\u0259r\u0259 q\u0259na\u0259t olunacaq. Eyni zamanda, toplanm\u0131\u015f m\u0259lumat analitikas\u0131 vasit\u0259sil\u0259 xidm\u0259tl\u0259rin f\u0259rdil\u0259\u015fdirilm\u0259si v\u0259 optimalla\u015fd\u0131r\u0131lmas\u0131 m\u00fcmk\u00fcn olacaq.<\/p>\n<p>Qonaqlar \u201cASAN xidm\u0259t\u201din, \u201cBilim Bak\u0131\u201dn\u0131n, ASAN \u0130nnovativ \u0130nki\u015faf M\u0259rk\u0259zinin, &#8220;INNOLAND&#8221; \u0130nkubasiya v\u0259 Akselerasiya M\u0259rk\u0259zinin, \u201cABAD\u201d\u0131n v\u0259 S\u0259yyar ASAN xidm\u0259tin f\u0259aliyy\u0259ti il\u0259 d\u0259 tan\u0131\u015f olublar.<\/p>\n","protected":false},"excerpt":{"rendered":"<p>&#8220;ASAN xidm\u0259t\u201din \u00c7a\u011fr\u0131 M\u0259rk\u0259zind\u0259 s\u00fcni intellekt t\u0259tbiq olunacaq Yanvar\u0131n 29-da Az\u0259rbaycan Respublikas\u0131n\u0131n Prezidenti yan\u0131nda V\u0259t\u0259nda\u015flara Xidm\u0259t v\u0259 Sosial \u0130nnovasiyalar \u00fczr\u0259 D\u00f6vl\u0259t Agentliyinin s\u0259dri \u00dclvi Mehdiyev Koreya Respublikas\u0131n\u0131n Az\u0259rbaycan Respublikas\u0131ndak\u0131 f\u00f6vq\u0259lad\u0259&hellip; <\/p>\n","protected":false},"author":14,"featured_media":39403,"comment_status":"open","ping_status":"open","sticky":false,"template":"","format":"standard","meta":{"_mi_skip_tracking":false,"_monsterinsights_sitenote_active":false,"_monsterinsights_sitenote_note":"","_monsterinsights_sitenote_category":0,"footnotes":""},"categories":[5373,11],"tags":[4073,15,804,401],"aioseo_notices":[],"_links":{"self":[{"href":"https:\/\/infonews.az\/index.php?rest_route=\/wp\/v2\/posts\/39402"}],"collection":[{"href":"https:\/\/infonews.az\/index.php?rest_route=\/wp\/v2\/posts"}],"about":[{"href":"https:\/\/infonews.az\/index.php?rest_route=\/wp\/v2\/types\/post"}],"author":[{"embeddable":true,"href":"https:\/\/infonews.az\/index.php?rest_route=\/wp\/v2\/users\/14"}],"replies":[{"embeddable":true,"href":"https:\/\/infonews.az\/index.php?rest_route=%2Fwp%2Fv2%2Fcomments&post=39402"}],"version-history":[{"count":1,"href":"https:\/\/infonews.az\/index.php?rest_route=\/wp\/v2\/posts\/39402\/revisions"}],"predecessor-version":[{"id":39404,"href":"https:\/\/infonews.az\/index.php?rest_route=\/wp\/v2\/posts\/39402\/revisions\/39404"}],"wp:featuredmedia":[{"embeddable":true,"href":"https:\/\/infonews.az\/index.php?rest_route=\/wp\/v2\/media\/39403"}],"wp:attachment":[{"href":"https:\/\/infonews.az\/index.php?rest_route=%2Fwp%2Fv2%2Fmedia&parent=39402"}],"wp:term":[{"taxonomy":"category","embeddable":true,"href":"https:\/\/infonews.az\/index.php?rest_route=%2Fwp%2Fv2%2Fcategories&post=39402"},{"taxonomy":"post_tag","embeddable":true,"href":"https:\/\/infonews.az\/index.php?rest_route=%2Fwp%2Fv2%2Ftags&post=39402"}],"curies":[{"name":"wp","href":"https:\/\/api.w.org\/{rel}","templated":true}]}}