{"id":39422,"date":"2024-01-30T07:49:36","date_gmt":"2024-01-30T03:49:36","guid":{"rendered":"https:\/\/infonews.az\/?p=39422"},"modified":"2024-01-30T09:03:04","modified_gmt":"2024-01-30T05:03:04","slug":"aspa-r%c9%99zil-addimlari-il%c9%99-az%c9%99rbaycan-kimi-t%c9%99r%c9%99fdasi-ozund%c9%99n-uzaqlasdirir","status":"publish","type":"post","link":"https:\/\/infonews.az\/?p=39422","title":{"rendered":"A\u015ePA r\u0259zil add\u0131mlar\u0131 il\u0259 Az\u0259rbaycan kimi t\u0259r\u0259fda\u015f\u0131 \u00f6z\u00fcnd\u0259n uzaqla\u015fd\u0131r\u0131r"},"content":{"rendered":"<p class=\"entry-title\"><span style=\"color: #ffffff;\">A\u015ePA r\u0259zil add\u0131mlar\u0131 il\u0259 Az\u0259rbaycan kimi t\u0259r\u0259fda\u015f\u0131 \u00f6z\u00fcnd\u0259n uzaqla\u015fd\u0131r\u0131r<\/span><\/p>\n<blockquote><p>Avropa \u015euras\u0131 Parlament Assambleyas\u0131 (A\u015ePA) Az\u0259rbaycan n\u00fcmay\u0259nd\u0259 hey\u0259tinin etimadnam\u0259sini t\u0259sdiql\u0259m\u0259m\u0259kl\u0259 \u00f6z\u00fc \u00fc\u00e7\u00fcn biab\u0131r\u00e7\u0131 bir s\u0259hif\u0259 a\u00e7d\u0131. Bu t\u0259\u015fkilat f\u0259aliyy\u0259tini demokratiya, insan haqlar\u0131 v\u0259 qanunun aliliyi prinsipl\u0259ri \u00fcz\u0259rind\u0259 qurmal\u0131 oldu\u011fu halda, \u00f6z\u00fcn\u00fcn t\u0259m\u0259l prinsipl\u0259rinin icras\u0131nda acizliyini n\u00fcmayi\u015f etdirdi. Bel\u0259 ki, verdiyi q\u0259rarlarla A\u015ePA \u00f6z\u00fcn\u00fcn t\u0259m\u0259l prinsipl\u0259rini m\u00fcdafi\u0259 ed\u0259n t\u0259\u015fkilat yox, 1-2 d\u00f6vl\u0259tin sifari\u015fl\u0259rinin icra\u00e7\u0131s\u0131 oldu\u011funu s\u00fcbuta yetirdi. Bu bax\u0131mdan Fransan\u0131n sifari\u015fi il\u0259 haz\u0131rlanan v\u0259 q\u0259bul olunan Az\u0259rbaycanla ba\u011fl\u0131 q\u0259rara s\u0259s ver\u0259n avropal\u0131 parlamentaril\u0259r reall\u0131qdan uzaq, \u0259dal\u0259tsiz v\u0259 riyakar olduqlar\u0131n\u0131 g\u00f6st\u0259rdil\u0259r.<\/p><\/blockquote>\n<p><a href=\"https:\/\/infonews.az\/?p=39422\"><span style=\"color: #333399;\"><strong>&#8220;\u0130NFONEWS&#8221;<\/strong><\/span><\/a> AZ\u018fRTAC &#8211; a istinad\u0259n x\u0259b\u0259r verir ki, bu s\u00f6zl\u0259ri mill\u0259t v\u0259kili Az\u0259r Badamov s\u00f6yl\u0259yib.<\/p>\n<p>Deputat deyib: \u201cAvropa \u015euras\u0131na \u00fczv d\u00f6vl\u0259tl\u0259rin dini m\u0259nsubiyy\u0259tl\u0259rin\u0259 baxsaq g\u00f6r\u0259rik ki, t\u0259\u015fkilatda T\u00fcrkiy\u0259 v\u0259 Az\u0259rbaycandan ba\u015fqa \u0130slam dininin da\u015f\u0131y\u0131c\u0131lar\u0131 yoxdur. Amma son vaxtlar T\u00fcrkiy\u0259nin v\u0259 Az\u0259rbaycan\u0131n y\u00fcr\u00fctd\u00fckl\u0259ri m\u00fcst\u0259qil siyas\u0259tl\u0259 d\u00fcnyada n\u00fcmayi\u015f etdirdikl\u0259ri c\u0259sar\u0259tli m\u00f6vqe dig\u0259r d\u00f6vl\u0259tl\u0259rin maraqlar\u0131na cavab vermir. Ona g\u00f6r\u0259 d\u0259 A\u015ePA-da t\u0259msil olunan xristian birliyi \u0259dal\u0259ti v\u0259 beyn\u0259lxalq h\u00fcququ yaddan \u00e7\u0131xardaraq islamofob, t\u00fcrkofob, az\u0259rbaycanofob m\u0259qs\u0259dl\u0259rini realla\u015fd\u0131rma\u011fa \u00e7al\u0131\u015f\u0131r. Avropal\u0131 parlamentaril\u0259r utanmadan yalan, b\u00f6htan v\u0259 iftira dolu \u00e7\u0131x\u0131\u015flar\u0131 il\u0259 Az\u0259rbaycan\u0131n etimadnam\u0259sini t\u0259sdiq etm\u0259y\u0259c\u0259kl\u0259rini bildirdil\u0259r. \u018fslind\u0259, A\u015ePA bu r\u0259zil add\u0131m\u0131 atmaqla Az\u0259rbaycan kimi t\u0259r\u0259fda\u015f\u0131n\u0131 \u00f6z\u00fcnd\u0259n uzaqla\u015fd\u0131rd\u0131\u201d.<\/p>\n<p>Az\u0259rbaycan A\u015ePA-ya \u00fczv olanda torpaqlar\u0131m\u0131z erm\u0259ni i\u015f\u011fal\u0131 alt\u0131nda idi v\u0259 \u00f6lk\u0259miz 1 milyona yax\u0131n qa\u00e7q\u0131n v\u0259 m\u0259cburi k\u00f6\u00e7k\u00fcn problemi il\u0259 \u00fczl\u0259\u015fmi\u015fdi. Lakin A\u015ePA probleml\u0259rimizin \u00fcz\u0259rind\u0259n susqunluqla ke\u00e7\u0259r\u0259k he\u00e7 n\u0259 ba\u015f verm\u0259mi\u015f kimi davran\u0131rd\u0131. C\u0259zas\u0131zl\u0131\u011f\u0131 g\u00f6r\u0259n Erm\u0259nistan is\u0259 daha az\u011f\u0131nla\u015f\u0131r v\u0259 Az\u0259rbaycan\u0131 yeni \u0259razil\u0259r u\u011frunda yeni m\u00fcharib\u0259 il\u0259 h\u0259d\u0259l\u0259yirdi. A\u015ePA-dan \u0259lav\u0259, Q\u0259rbin dig\u0259r beyn\u0259lxalq t\u0259\u015fkilatlar\u0131 da Erm\u0259nistana he\u00e7 bir t\u0259zyiq g\u00f6st\u0259rm\u0259di v\u0259 onlardan beyn\u0259lxalq h\u00fcquqa h\u00f6rm\u0259t qoymalar\u0131n\u0131 t\u0259l\u0259b etm\u0259di. Lakin Az\u0259rbaycan\u0131n \u0259razil\u0259rini i\u015f\u011faldan azad etm\u0259si Q\u0259rbin b\u00fct\u00fcn planlar\u0131n\u0131 alt-\u00fcst etdi.<\/p>\n<p>\u201c\u018fvv\u0259l m\u00fcnaqi\u015f\u0259l\u0259r\u0259 qar\u0131\u015fmad\u0131\u011f\u0131n\u0131 dey\u0259n A\u015ePA Az\u0259rbaycana qar\u015f\u0131 q\u0259r\u0259zli q\u0259tnam\u0259l\u0259r q\u0259bul etm\u0259y\u0259 ba\u015flad\u0131. X\u00fcsusil\u0259 Fransa Az\u0259rbaycana qar\u015f\u0131 a\u00e7\u0131q \u015f\u0259kild\u0259 d\u00fc\u015fm\u0259n\u00e7iliy\u0259 ke\u00e7di. Bel\u0259 g\u00f6r\u00fcn\u00fcr ki, onlara \u201cs\u00f6z\u0259baxan\u201d Az\u0259rbaycan laz\u0131m imi\u015f. Eyni siyas\u0259t x\u0259ttin\u0259 sadiq qalan Fransa Milli Assambleyas\u0131 v\u0259 Senat\u0131 da Az\u0259rbaycana qar\u015f\u0131 q\u0259tnam\u0259l\u0259r q\u0259bul etdi. \u0130ndi d\u0259 \u00f6z\u00fcn\u00fcn oyunca\u011f\u0131na \u00e7evirdiyi Almaniyan\u0131n \u0259li il\u0259 A\u015ePA-da Az\u0259rbaycana qar\u015f\u0131 m\u0259s\u0259l\u0259ni g\u00fcnd\u0259liy\u0259 g\u0259tirdi. Amma \u00f6lk\u0259mizl\u0259 ba\u011fl\u0131 s\u0259sl\u0259ndiril\u0259n arqumentl\u0259r d\u0259 tamamil\u0259 yanl\u0131\u015f v\u0259 q\u0259r\u0259zli idi. H\u0259tta almaniyal\u0131 deputat Frank \u015evabenin BBC-y\u0259 m\u00fcsahib\u0259sind\u0259 bu m\u0259s\u0259l\u0259ni \u00f6z\u00fcn\u00fcn ist\u0259yi il\u0259 g\u00fcnd\u0259liy\u0259 g\u0259tirm\u0259diyini g\u00f6rm\u0259k \u00e7\u0259tin deyildi. Sual oluna bil\u0259r ki, Az\u0259rbaycan\u0131n A\u015ePA-da i\u015ftirak etm\u0259m\u0259sind\u0259n kim n\u0259 qazan\u0131r v\u0259 kim n\u0259 itirir? Birincisi, qeyd etm\u0259k ist\u0259yir\u0259m ki, A\u015ePA Az\u0259rbaycan\u0131n \u00fcmidl\u0259rini do\u011frultmad\u0131 v\u0259 bu ill\u0259rd\u0259 ancaq insan haqlar\u0131 ad\u0131 alt\u0131nda \u00f6lk\u0259mizd\u0259 ictimai-siyasi sabitliyi pozma\u011fa c\u0259hdl\u0259rl\u0259 yadda qald\u0131. B\u00fct\u00fcn bu iki\u00fczl\u00fcl\u00fckl\u0259rin\u0259 baxmayaraq, Az\u0259rbaycan A\u015ePA-n\u0131, sad\u0259c\u0259, dialoq \u00fc\u00e7\u00fcn bir platforma kimi q\u0259bul ed\u0259r\u0259k orada t\u0259msil olunurdu\u201d, &#8211; dey\u0259 o vur\u011fulay\u0131b.<\/p>\n<p>Deputat bildirib ki, avropal\u0131 parlamentaril\u0259r bird\u0259f\u0259lik qulaqlar\u0131nda s\u0131r\u011fa etm\u0259lidirl\u0259r &#8211; onlar\u0131n riyakar add\u0131mlar\u0131 xalq\u0131m\u0131z\u0131n irad\u0259sin\u0259 t\u0259sir g\u00f6st\u0259r\u0259 v\u0259 bizi yolumuzdan d\u00f6nd\u0259r\u0259 bilm\u0259y\u0259c\u0259k. \u00c7\u00fcnki Az\u0259rbaycan haqq yolundad\u0131r, bizim yolumuz beyn\u0259lxalq h\u00fcquq v\u0259 \u0259dal\u0259t \u00fcz\u0259rind\u0259 qurulub. G\u00fccl\u00fc Az\u0259rbaycan bundan sonra da \u00f6z \u0259dal\u0259tli m\u00f6vqeyini he\u00e7 n\u0259y\u0259 baxmayaraq qoruyacaq.<\/p>\n","protected":false},"excerpt":{"rendered":"<p>A\u015ePA r\u0259zil add\u0131mlar\u0131 il\u0259 Az\u0259rbaycan kimi t\u0259r\u0259fda\u015f\u0131 \u00f6z\u00fcnd\u0259n uzaqla\u015fd\u0131r\u0131r Avropa \u015euras\u0131 Parlament Assambleyas\u0131 (A\u015ePA) Az\u0259rbaycan n\u00fcmay\u0259nd\u0259 hey\u0259tinin etimadnam\u0259sini t\u0259sdiql\u0259m\u0259m\u0259kl\u0259 \u00f6z\u00fc \u00fc\u00e7\u00fcn biab\u0131r\u00e7\u0131 bir s\u0259hif\u0259 a\u00e7d\u0131. Bu t\u0259\u015fkilat f\u0259aliyy\u0259tini demokratiya, insan&hellip; <\/p>\n","protected":false},"author":14,"featured_media":39423,"comment_status":"open","ping_status":"open","sticky":false,"template":"","format":"standard","meta":{"_mi_skip_tracking":false,"_monsterinsights_sitenote_active":false,"_monsterinsights_sitenote_note":"","_monsterinsights_sitenote_category":0,"footnotes":""},"categories":[4,699,6],"tags":[12472,15,12471],"aioseo_notices":[],"_links":{"self":[{"href":"https:\/\/infonews.az\/index.php?rest_route=\/wp\/v2\/posts\/39422"}],"collection":[{"href":"https:\/\/infonews.az\/index.php?rest_route=\/wp\/v2\/posts"}],"about":[{"href":"https:\/\/infonews.az\/index.php?rest_route=\/wp\/v2\/types\/post"}],"author":[{"embeddable":true,"href":"https:\/\/infonews.az\/index.php?rest_route=\/wp\/v2\/users\/14"}],"replies":[{"embeddable":true,"href":"https:\/\/infonews.az\/index.php?rest_route=%2Fwp%2Fv2%2Fcomments&post=39422"}],"version-history":[{"count":1,"href":"https:\/\/infonews.az\/index.php?rest_route=\/wp\/v2\/posts\/39422\/revisions"}],"predecessor-version":[{"id":39424,"href":"https:\/\/infonews.az\/index.php?rest_route=\/wp\/v2\/posts\/39422\/revisions\/39424"}],"wp:featuredmedia":[{"embeddable":true,"href":"https:\/\/infonews.az\/index.php?rest_route=\/wp\/v2\/media\/39423"}],"wp:attachment":[{"href":"https:\/\/infonews.az\/index.php?rest_route=%2Fwp%2Fv2%2Fmedia&parent=39422"}],"wp:term":[{"taxonomy":"category","embeddable":true,"href":"https:\/\/infonews.az\/index.php?rest_route=%2Fwp%2Fv2%2Fcategories&post=39422"},{"taxonomy":"post_tag","embeddable":true,"href":"https:\/\/infonews.az\/index.php?rest_route=%2Fwp%2Fv2%2Ftags&post=39422"}],"curies":[{"name":"wp","href":"https:\/\/api.w.org\/{rel}","templated":true}]}}