{"id":39606,"date":"2024-01-30T16:45:14","date_gmt":"2024-01-30T12:45:14","guid":{"rendered":"https:\/\/infonews.az\/?p=39606"},"modified":"2024-01-31T16:51:15","modified_gmt":"2024-01-31T12:51:15","slug":"dovl%c9%99t-gomruk-komit%c9%99sinin-yaradilmasindan-32-il-otur","status":"publish","type":"post","link":"https:\/\/infonews.az\/?p=39606","title":{"rendered":"D\u00f6vl\u0259t G\u00f6mr\u00fck Komit\u0259sinin yarad\u0131lmas\u0131ndan 32 il \u00f6t\u00fcr"},"content":{"rendered":"<blockquote><p>Bu g\u00fcn Az\u0259rbaycan Respublikas\u0131 D\u00f6vl\u0259t G\u00f6mr\u00fck Komit\u0259sinin yarad\u0131lmas\u0131ndan 32 il \u00f6t\u00fcr.<\/p><\/blockquote>\n<p><strong><a href=\"https:\/\/infonews.az\/?p=39471\">\u201c\u0130NFONEWS\u201d<\/a><\/strong> x\u0259b\u0259r verir ki, g\u00f6mr\u00fck \u0259m\u0259kda\u015flar\u0131 pe\u015f\u0259 bayram\u0131 m\u00fcnasib\u0259til\u0259 F\u0259xri xiyabana g\u0259l\u0259r\u0259k \u00fcmummilli lider Heyd\u0259r \u018fliyevin xatir\u0259sini ehtiramla yad edib, m\u0259zar\u0131 \u00f6n\u00fcn\u0259 \u0259klil qoyublar. Sonra \u015e\u0259hidl\u0259r xiyaban\u0131n\u0131 ziyar\u0259t edibl\u0259r.<ins id=\"ainsyndicationid17067051036298\" class=\"ainsyndicationid17067051036298\" data-ad-slot=\"5387\" data-ainsyndication-status=\"done\"><ins><\/ins><\/ins><\/p>\n<div id=\"AinsyndicationPlayerId1706705103\" class=\"inpage\" data-viewable=\"1\">\n<div class=\"inpage-wrap\">\n<div class=\"inpage-video\">\n<div id=\"fluid_video_wrapper_AinsyndicationPlayer\" class=\"fluid_video_wrapper fluid_player_layout_default\">Qeyd ed\u0259k ki, D\u00f6vl\u0259t G\u00f6mr\u00fck Komit\u0259si d\u00f6vl\u0259t m\u00fcst\u0259qilliyinin b\u0259rpas\u0131ndan \u00fc\u00e7 ay sonra &#8211; 1992-ci il yanvar\u0131n 30-da yarad\u0131l\u0131b. Bu bayram \u00fcmummilli lider Heyd\u0259r \u018fliyevin 10 yanvar 1997-ci il tarixli s\u0259r\u0259ncam\u0131 il\u0259 t\u0259sis olunub.<\/div>\n<\/div>\n<\/div>\n<\/div>\n","protected":false},"excerpt":{"rendered":"<p>Bu g\u00fcn Az\u0259rbaycan Respublikas\u0131 D\u00f6vl\u0259t G\u00f6mr\u00fck Komit\u0259sinin yarad\u0131lmas\u0131ndan 32 il \u00f6t\u00fcr. \u201c\u0130NFONEWS\u201d x\u0259b\u0259r verir ki, g\u00f6mr\u00fck \u0259m\u0259kda\u015flar\u0131 pe\u015f\u0259 bayram\u0131 m\u00fcnasib\u0259til\u0259 F\u0259xri xiyabana g\u0259l\u0259r\u0259k \u00fcmummilli lider Heyd\u0259r \u018fliyevin xatir\u0259sini ehtiramla yad&hellip; <\/p>\n","protected":false},"author":30,"featured_media":39607,"comment_status":"open","ping_status":"open","sticky":false,"template":"","format":"standard","meta":{"_mi_skip_tracking":false,"_monsterinsights_sitenote_active":false,"_monsterinsights_sitenote_note":"","_monsterinsights_sitenote_category":0,"footnotes":""},"categories":[12518,11],"tags":[417,99,87,5611],"aioseo_notices":[],"_links":{"self":[{"href":"https:\/\/infonews.az\/index.php?rest_route=\/wp\/v2\/posts\/39606"}],"collection":[{"href":"https:\/\/infonews.az\/index.php?rest_route=\/wp\/v2\/posts"}],"about":[{"href":"https:\/\/infonews.az\/index.php?rest_route=\/wp\/v2\/types\/post"}],"author":[{"embeddable":true,"href":"https:\/\/infonews.az\/index.php?rest_route=\/wp\/v2\/users\/30"}],"replies":[{"embeddable":true,"href":"https:\/\/infonews.az\/index.php?rest_route=%2Fwp%2Fv2%2Fcomments&post=39606"}],"version-history":[{"count":1,"href":"https:\/\/infonews.az\/index.php?rest_route=\/wp\/v2\/posts\/39606\/revisions"}],"predecessor-version":[{"id":39608,"href":"https:\/\/infonews.az\/index.php?rest_route=\/wp\/v2\/posts\/39606\/revisions\/39608"}],"wp:featuredmedia":[{"embeddable":true,"href":"https:\/\/infonews.az\/index.php?rest_route=\/wp\/v2\/media\/39607"}],"wp:attachment":[{"href":"https:\/\/infonews.az\/index.php?rest_route=%2Fwp%2Fv2%2Fmedia&parent=39606"}],"wp:term":[{"taxonomy":"category","embeddable":true,"href":"https:\/\/infonews.az\/index.php?rest_route=%2Fwp%2Fv2%2Fcategories&post=39606"},{"taxonomy":"post_tag","embeddable":true,"href":"https:\/\/infonews.az\/index.php?rest_route=%2Fwp%2Fv2%2Ftags&post=39606"}],"curies":[{"name":"wp","href":"https:\/\/api.w.org\/{rel}","templated":true}]}}