{"id":39613,"date":"2023-12-24T20:12:46","date_gmt":"2023-12-24T16:12:46","guid":{"rendered":"https:\/\/infonews.az\/?p=39613"},"modified":"2024-01-31T20:20:01","modified_gmt":"2024-01-31T16:20:01","slug":"putin-prezident-ilham-eliyevi-t%c9%99brik-edib","status":"publish","type":"post","link":"https:\/\/infonews.az\/?p=39613","title":{"rendered":"Putin Prezident \u0130lham \u018fliyevi t\u0259brik edib"},"content":{"rendered":"<blockquote><p>Rusiya Federasiyas\u0131n\u0131n Prezidenti Vladimir Putin dekabr\u0131n 24-d\u0259 Az\u0259rbaycan Respublikas\u0131n\u0131n Prezidenti \u0130lham \u018fliyev\u0259 z\u0259ng edib.<\/p><\/blockquote>\n<p><a href=\"https:\/\/infonews.az\/?p=39541\"><strong>\u201c\u0130NFONEWS\u201d<\/strong><\/a>\u00a0x\u0259b\u0259r verir ki, Vladimir Putin Az\u0259rbaycan Prezidentini ad g\u00fcn\u00fc m\u00fcnasib\u0259til\u0259 t\u0259brik edib, prezidentlik f\u0259aliyy\u0259tind\u0259 yeni u\u011furlar v\u0259 cansa\u011fl\u0131\u011f\u0131 arzulay\u0131b.<\/p>\n<p>D\u00f6vl\u0259timizin ba\u015f\u00e7\u0131s\u0131 g\u00f6st\u0259ril\u0259n diqq\u0259t\u0259 v\u0259 t\u0259brik\u0259 g\u00f6r\u0259 minn\u0259tdarl\u0131\u011f\u0131n\u0131 bildirib.<\/p>\n<p>Telefon s\u00f6hb\u0259ti zaman\u0131 ikit\u0259r\u0259fli dostluq m\u00fcnasib\u0259tl\u0259rimizin m\u00fcxt\u0259lif sah\u0259l\u0259rd\u0259 u\u011furla inki\u015faf etdiyi m\u0259mnunluqla vur\u011fulan\u0131b, \u0259laq\u0259l\u0259rimizin bundan sonra da geni\u015fl\u0259n\u0259c\u0259yin\u0259 \u0259minlik ifad\u0259 olunub.<\/p>\n<p>D\u00f6vl\u0259t ba\u015f\u00e7\u0131lar\u0131 ikit\u0259r\u0259fli m\u00fcnasib\u0259tl\u0259rimizin perspektivl\u0259ri \u0259traf\u0131nda fikir m\u00fcbadil\u0259si apar\u0131blar.<\/p>\n","protected":false},"excerpt":{"rendered":"<p>Rusiya Federasiyas\u0131n\u0131n Prezidenti Vladimir Putin dekabr\u0131n 24-d\u0259 Az\u0259rbaycan Respublikas\u0131n\u0131n Prezidenti \u0130lham \u018fliyev\u0259 z\u0259ng edib. \u201c\u0130NFONEWS\u201d\u00a0x\u0259b\u0259r verir ki, Vladimir Putin Az\u0259rbaycan Prezidentini ad g\u00fcn\u00fc m\u00fcnasib\u0259til\u0259 t\u0259brik edib, prezidentlik f\u0259aliyy\u0259tind\u0259 yeni u\u011furlar&hellip; <\/p>\n","protected":false},"author":30,"featured_media":39614,"comment_status":"open","ping_status":"open","sticky":false,"template":"","format":"standard","meta":{"_mi_skip_tracking":false,"_monsterinsights_sitenote_active":false,"_monsterinsights_sitenote_note":"","_monsterinsights_sitenote_category":0,"footnotes":""},"categories":[11],"tags":[13,20,143,942,198],"aioseo_notices":[],"_links":{"self":[{"href":"https:\/\/infonews.az\/index.php?rest_route=\/wp\/v2\/posts\/39613"}],"collection":[{"href":"https:\/\/infonews.az\/index.php?rest_route=\/wp\/v2\/posts"}],"about":[{"href":"https:\/\/infonews.az\/index.php?rest_route=\/wp\/v2\/types\/post"}],"author":[{"embeddable":true,"href":"https:\/\/infonews.az\/index.php?rest_route=\/wp\/v2\/users\/30"}],"replies":[{"embeddable":true,"href":"https:\/\/infonews.az\/index.php?rest_route=%2Fwp%2Fv2%2Fcomments&post=39613"}],"version-history":[{"count":1,"href":"https:\/\/infonews.az\/index.php?rest_route=\/wp\/v2\/posts\/39613\/revisions"}],"predecessor-version":[{"id":39615,"href":"https:\/\/infonews.az\/index.php?rest_route=\/wp\/v2\/posts\/39613\/revisions\/39615"}],"wp:featuredmedia":[{"embeddable":true,"href":"https:\/\/infonews.az\/index.php?rest_route=\/wp\/v2\/media\/39614"}],"wp:attachment":[{"href":"https:\/\/infonews.az\/index.php?rest_route=%2Fwp%2Fv2%2Fmedia&parent=39613"}],"wp:term":[{"taxonomy":"category","embeddable":true,"href":"https:\/\/infonews.az\/index.php?rest_route=%2Fwp%2Fv2%2Fcategories&post=39613"},{"taxonomy":"post_tag","embeddable":true,"href":"https:\/\/infonews.az\/index.php?rest_route=%2Fwp%2Fv2%2Ftags&post=39613"}],"curies":[{"name":"wp","href":"https:\/\/api.w.org\/{rel}","templated":true}]}}