{"id":39616,"date":"2023-12-24T20:20:17","date_gmt":"2023-12-24T16:20:17","guid":{"rendered":"https:\/\/infonews.az\/?p=39616"},"modified":"2024-01-31T20:30:43","modified_gmt":"2024-01-31T16:30:43","slug":"almaniyada-ukrayna-il%c9%99-h%c9%99mr%c9%99ylikl%c9%99-%c9%99laq%c9%99dar-vergi-t%c9%99tbiqi-t%c9%99klif-olunub","status":"publish","type":"post","link":"https:\/\/infonews.az\/?p=39616","title":{"rendered":"Almaniyada Ukrayna il\u0259 h\u0259mr\u0259ylikl\u0259 \u0259laq\u0259dar vergi t\u0259tbiqi t\u0259klif olunub"},"content":{"rendered":"<p>Almaniyada Ukrayna il\u0259 h\u0259mr\u0259ylikl\u0259 \u0259laq\u0259dar vergi t\u0259tbiqi t\u0259klif olunub.<\/p>\n<p><a href=\"https:\/\/infonews.az\/?p=39541\"><strong>\u201c\u0130NFONEWS\u201d<\/strong><\/a>-\u00fcn \u201cRheinische Post\u201d q\u0259zetin\u0259 istinad\u0259n verdiyi x\u0259b\u0259r\u0259 g\u00f6r\u0259, Almaniya h\u00f6kum\u0259ti yan\u0131nda \u0130qtisadi Ekspertl\u0259r \u015euras\u0131n\u0131n s\u0259dri Monika \u015enitzer bel\u0259 bir t\u0259klifl\u0259 \u00e7\u0131x\u0131\u015f edib.<\/p>\n<p>Monika \u015enitzer deyib ki, x\u00fcsusi hadis\u0259l\u0259r x\u00fcsusi t\u0259dbirl\u0259r t\u0259l\u0259b edir: \u201cH\u0259rbi k\u00f6m\u0259k \u00fc\u00e7\u00fcn Almaniyada Ukrayna il\u0259 h\u0259mr\u0259ylikl\u0259 \u0259laq\u0259dar vergi t\u0259tbiqi bu \u00e7a\u011f\u0131r\u0131\u015fa cavab ola bil\u0259rdi. D\u00fczd\u00fcr, bu, qeyri-populyar add\u0131md\u0131r. Ancaq son n\u0259tic\u0259d\u0259 bu m\u00fcharib\u0259d\u0259 bizi t\u0259hl\u00fck\u0259sizliyimizd\u0259n s\u00f6hb\u0259t gedir. \u018fn yax\u015f\u0131s\u0131 indi h\u0259r\u0259k\u0259t\u0259 ke\u00e7m\u0259kdir\u201d.<\/p>\n","protected":false},"excerpt":{"rendered":"<p>Almaniyada Ukrayna il\u0259 h\u0259mr\u0259ylikl\u0259 \u0259laq\u0259dar vergi t\u0259tbiqi t\u0259klif olunub. \u201c\u0130NFONEWS\u201d-\u00fcn \u201cRheinische Post\u201d q\u0259zetin\u0259 istinad\u0259n verdiyi x\u0259b\u0259r\u0259 g\u00f6r\u0259, Almaniya h\u00f6kum\u0259ti yan\u0131nda \u0130qtisadi Ekspertl\u0259r \u015euras\u0131n\u0131n s\u0259dri Monika \u015enitzer bel\u0259 bir t\u0259klifl\u0259 \u00e7\u0131x\u0131\u015f&hellip; <\/p>\n","protected":false},"author":30,"featured_media":39617,"comment_status":"open","ping_status":"open","sticky":false,"template":"","format":"standard","meta":{"_mi_skip_tracking":false,"_monsterinsights_sitenote_active":false,"_monsterinsights_sitenote_note":"","_monsterinsights_sitenote_category":0,"footnotes":""},"categories":[9,11],"tags":[12538,11028,9377,123,12537,172],"aioseo_notices":[],"_links":{"self":[{"href":"https:\/\/infonews.az\/index.php?rest_route=\/wp\/v2\/posts\/39616"}],"collection":[{"href":"https:\/\/infonews.az\/index.php?rest_route=\/wp\/v2\/posts"}],"about":[{"href":"https:\/\/infonews.az\/index.php?rest_route=\/wp\/v2\/types\/post"}],"author":[{"embeddable":true,"href":"https:\/\/infonews.az\/index.php?rest_route=\/wp\/v2\/users\/30"}],"replies":[{"embeddable":true,"href":"https:\/\/infonews.az\/index.php?rest_route=%2Fwp%2Fv2%2Fcomments&post=39616"}],"version-history":[{"count":1,"href":"https:\/\/infonews.az\/index.php?rest_route=\/wp\/v2\/posts\/39616\/revisions"}],"predecessor-version":[{"id":39618,"href":"https:\/\/infonews.az\/index.php?rest_route=\/wp\/v2\/posts\/39616\/revisions\/39618"}],"wp:featuredmedia":[{"embeddable":true,"href":"https:\/\/infonews.az\/index.php?rest_route=\/wp\/v2\/media\/39617"}],"wp:attachment":[{"href":"https:\/\/infonews.az\/index.php?rest_route=%2Fwp%2Fv2%2Fmedia&parent=39616"}],"wp:term":[{"taxonomy":"category","embeddable":true,"href":"https:\/\/infonews.az\/index.php?rest_route=%2Fwp%2Fv2%2Fcategories&post=39616"},{"taxonomy":"post_tag","embeddable":true,"href":"https:\/\/infonews.az\/index.php?rest_route=%2Fwp%2Fv2%2Ftags&post=39616"}],"curies":[{"name":"wp","href":"https:\/\/api.w.org\/{rel}","templated":true}]}}