{"id":39622,"date":"2023-12-24T20:56:28","date_gmt":"2023-12-24T16:56:28","guid":{"rendered":"https:\/\/infonews.az\/?p=39622"},"modified":"2024-01-31T21:01:18","modified_gmt":"2024-01-31T17:01:18","slug":"lukasenko-az%c9%99rbaycan-prezidentini-t%c9%99brik-edib","status":"publish","type":"post","link":"https:\/\/infonews.az\/?p=39622","title":{"rendered":"Luka\u015fenko Az\u0259rbaycan Prezidentini t\u0259brik edib"},"content":{"rendered":"<div class=\"texts mb-site\">\n<blockquote><p>Belarus Respublikas\u0131n\u0131n Prezidenti Aleksandr Luka\u015fenko dekabr\u0131n 24-d\u0259 Az\u0259rbaycan Respublikas\u0131n\u0131n Prezidenti \u0130lham \u018fliyev\u0259 z\u0259ng edib.<\/p><\/blockquote>\n<p><a href=\"https:\/\/infonews.az\/?p=39541\"><strong>\u201c\u0130NFONEWS\u201d<\/strong><\/a> x\u0259b\u0259r verir ki, Aleksandr Luka\u015fenko d\u00f6vl\u0259timizin ba\u015f\u00e7\u0131s\u0131n\u0131 ad g\u00fcn\u00fc m\u00fcnasib\u0259til\u0259 t\u0259brik edib, d\u00f6vl\u0259t\u00e7ilik f\u0259aliyy\u0259tind\u0259 yeni u\u011furlar v\u0259 cansa\u011fl\u0131\u011f\u0131 arzulay\u0131b.<br \/>\nPrezident \u0130lham \u018fliyev g\u00f6st\u0259ril\u0259n diqq\u0259t\u0259 v\u0259 t\u0259brik\u0259 g\u00f6r\u0259 minn\u0259tdarl\u0131\u011f\u0131n\u0131 bildirib.<br \/>\nAz\u0259rbaycan v\u0259 Belarus prezidentl\u0259ri \u00f6lk\u0259l\u0259rimiz aras\u0131nda ikit\u0259r\u0259fli dostluq m\u00fcnasib\u0259tl\u0259rinin u\u011furlu inki\u015faf\u0131ndan m\u0259mnunluqlar\u0131n\u0131 bildirib, g\u0259l\u0259c\u0259kd\u0259 \u0259laq\u0259l\u0259rimizin daha da geni\u015fl\u0259n\u0259c\u0259yin\u0259 \u0259minlikl\u0259rini ifad\u0259 edibl\u0259r.<br \/>\nTelefon s\u00f6hb\u0259ti zaman\u0131 d\u00f6vl\u0259t ba\u015f\u00e7\u0131lar\u0131 \u0259m\u0259kda\u015fl\u0131\u011f\u0131m\u0131z\u0131n perspektivl\u0259ri il\u0259 ba\u011fl\u0131 fikir m\u00fcbadil\u0259si apar\u0131blar.<\/p>\n<\/div>\n<div class=\"tabs_container\">\n<div id=\"photos\" class=\"tab active_tab\">\n<div id=\"news_in_gallery\" class=\"news_in_gallery\"><\/div>\n<\/div>\n<\/div>\n<div class=\"tags mt-site\">\n<div class=\"logo\"><\/div>\n<div class=\"links\"><\/div>\n<\/div>\n","protected":false},"excerpt":{"rendered":"<p>Belarus Respublikas\u0131n\u0131n Prezidenti Aleksandr Luka\u015fenko dekabr\u0131n 24-d\u0259 Az\u0259rbaycan Respublikas\u0131n\u0131n Prezidenti \u0130lham \u018fliyev\u0259 z\u0259ng edib. \u201c\u0130NFONEWS\u201d x\u0259b\u0259r verir ki, Aleksandr Luka\u015fenko d\u00f6vl\u0259timizin ba\u015f\u00e7\u0131s\u0131n\u0131 ad g\u00fcn\u00fc m\u00fcnasib\u0259til\u0259 t\u0259brik edib, d\u00f6vl\u0259t\u00e7ilik f\u0259aliyy\u0259tind\u0259 yeni&hellip; <\/p>\n","protected":false},"author":30,"featured_media":39623,"comment_status":"open","ping_status":"open","sticky":false,"template":"","format":"standard","meta":{"_mi_skip_tracking":false,"_monsterinsights_sitenote_active":false,"_monsterinsights_sitenote_note":"","_monsterinsights_sitenote_category":0,"footnotes":""},"categories":[11,3394,10171],"tags":[9991,13,5258,20,139,942],"aioseo_notices":[],"_links":{"self":[{"href":"https:\/\/infonews.az\/index.php?rest_route=\/wp\/v2\/posts\/39622"}],"collection":[{"href":"https:\/\/infonews.az\/index.php?rest_route=\/wp\/v2\/posts"}],"about":[{"href":"https:\/\/infonews.az\/index.php?rest_route=\/wp\/v2\/types\/post"}],"author":[{"embeddable":true,"href":"https:\/\/infonews.az\/index.php?rest_route=\/wp\/v2\/users\/30"}],"replies":[{"embeddable":true,"href":"https:\/\/infonews.az\/index.php?rest_route=%2Fwp%2Fv2%2Fcomments&post=39622"}],"version-history":[{"count":1,"href":"https:\/\/infonews.az\/index.php?rest_route=\/wp\/v2\/posts\/39622\/revisions"}],"predecessor-version":[{"id":39624,"href":"https:\/\/infonews.az\/index.php?rest_route=\/wp\/v2\/posts\/39622\/revisions\/39624"}],"wp:featuredmedia":[{"embeddable":true,"href":"https:\/\/infonews.az\/index.php?rest_route=\/wp\/v2\/media\/39623"}],"wp:attachment":[{"href":"https:\/\/infonews.az\/index.php?rest_route=%2Fwp%2Fv2%2Fmedia&parent=39622"}],"wp:term":[{"taxonomy":"category","embeddable":true,"href":"https:\/\/infonews.az\/index.php?rest_route=%2Fwp%2Fv2%2Fcategories&post=39622"},{"taxonomy":"post_tag","embeddable":true,"href":"https:\/\/infonews.az\/index.php?rest_route=%2Fwp%2Fv2%2Ftags&post=39622"}],"curies":[{"name":"wp","href":"https:\/\/api.w.org\/{rel}","templated":true}]}}