{"id":39625,"date":"2023-12-24T21:03:04","date_gmt":"2023-12-24T17:03:04","guid":{"rendered":"https:\/\/infonews.az\/?p=39625"},"modified":"2024-01-31T21:08:25","modified_gmt":"2024-01-31T17:08:25","slug":"savkat-mirziyoyev-prezident-ilham-eliyevi-t%c9%99brik-edib","status":"publish","type":"post","link":"https:\/\/infonews.az\/?p=39625","title":{"rendered":"\u015eavkat Mirziyoyev Prezident \u0130lham \u018fliyevi t\u0259brik edib"},"content":{"rendered":"<blockquote><p>Dekabr\u0131n 24-d\u0259 \u00d6zb\u0259kistan Respublikas\u0131n\u0131n Prezidenti \u015eavkat Mirziyoyev Az\u0259rbaycan Respublikas\u0131n\u0131n Prezidenti \u0130lham \u018fliyev\u0259 z\u0259ng edib.<\/p><\/blockquote>\n<p><a href=\"https:\/\/infonews.az\/?p=39541\"><strong>\u201c\u0130NFONEWS\u201d<\/strong><\/a> -\u00fcn x\u0259b\u0259rin\u0259 g\u00f6r\u0259, \u015eavkat Mirziyoyev d\u00f6vl\u0259timizin ba\u015f\u00e7\u0131s\u0131na ad g\u00fcn\u00fc m\u00fcnasib\u0259til\u0259 t\u0259brikl\u0259rini \u00e7atd\u0131r\u0131b, prezidentlik f\u0259aliyy\u0259tind\u0259 yeni u\u011furlar v\u0259 cansa\u011fl\u0131\u011f\u0131 arzulay\u0131b.<\/p>\n<p>Prezident \u0130lham \u018fliyev g\u00f6st\u0259ril\u0259n diqq\u0259t\u0259 v\u0259 t\u0259brik\u0259 g\u00f6r\u0259 minn\u0259tdarl\u0131\u011f\u0131n\u0131 ifad\u0259 edib.<\/p>\n<p>D\u00f6vl\u0259t ba\u015f\u00e7\u0131lar\u0131 Az\u0259rbaycan il\u0259 \u00d6zb\u0259kistan aras\u0131nda dostluq v\u0259 qarda\u015fl\u0131q m\u00fcnasib\u0259tl\u0259rinin b\u00fct\u00fcn sah\u0259l\u0259rd\u0259 u\u011furla inki\u015faf etdiyini vur\u011fulayaraq, y\u00fcks\u0259k s\u0259viyy\u0259d\u0259 ke\u00e7iril\u0259n m\u00fct\u0259madi g\u00f6r\u00fc\u015fl\u0259rin v\u0259 t\u0259maslar\u0131n \u0259m\u0259kda\u015fl\u0131\u011f\u0131m\u0131z\u0131n geni\u015fl\u0259nm\u0259sin\u0259 t\u00f6hf\u0259 verdiyini qeyd edibl\u0259r.<\/p>\n<p>Prezident \u0130lham \u018fliyev COP29-un g\u0259l\u0259n il Az\u0259rbaycanda ke\u00e7irilm\u0259si il\u0259 ba\u011fl\u0131 q\u0259bul edilmi\u015f q\u0259rar m\u00fcnasib\u0259til\u0259 \u00d6zb\u0259kistan Prezidentinin g\u00f6nd\u0259rdiyi t\u0259brik m\u0259ktubuna g\u00f6r\u0259 t\u0259\u015f\u0259kk\u00fcr\u00fcn\u00fc bildirib.<\/p>\n<p>\u00d6z n\u00f6vb\u0259sind\u0259 \u00d6zb\u0259kistan Prezidenti bu m\u00fcnasib\u0259tl\u0259 d\u00f6vl\u0259timizin ba\u015f\u00e7\u0131s\u0131n\u0131 bir daha t\u0259brik ed\u0259r\u0259k, bunu Az\u0259rbaycan\u0131n beyn\u0259lxalq al\u0259md\u0259 n\u00fcfuzunun m\u00f6hk\u0259ml\u0259nm\u0259sinin v\u0259 \u00f6lk\u0259miz\u0259 g\u00f6st\u0259ril\u0259n h\u00f6rm\u0259tin t\u0259zah\u00fcr\u00fc kimi d\u0259y\u0259rl\u0259ndirib.<\/p>\n<p>Telefon s\u00f6hb\u0259ti zaman\u0131 \u0259laq\u0259l\u0259rimizin perspektivl\u0259ri il\u0259 ba\u011fl\u0131 fikir m\u00fcbadil\u0259si apar\u0131l\u0131b, \u0259m\u0259kda\u015fl\u0131\u011f\u0131m\u0131z\u0131n daha da m\u00f6hk\u0259ml\u0259n\u0259c\u0259yin\u0259 \u0259minlik ifad\u0259 olunub, g\u0259l\u0259n il yeni t\u0259maslar bar\u0259d\u0259 dan\u0131\u015f\u0131l\u0131b.<\/p>\n","protected":false},"excerpt":{"rendered":"<p>Dekabr\u0131n 24-d\u0259 \u00d6zb\u0259kistan Respublikas\u0131n\u0131n Prezidenti \u015eavkat Mirziyoyev Az\u0259rbaycan Respublikas\u0131n\u0131n Prezidenti \u0130lham \u018fliyev\u0259 z\u0259ng edib. \u201c\u0130NFONEWS\u201d -\u00fcn x\u0259b\u0259rin\u0259 g\u00f6r\u0259, \u015eavkat Mirziyoyev d\u00f6vl\u0259timizin ba\u015f\u00e7\u0131s\u0131na ad g\u00fcn\u00fc m\u00fcnasib\u0259til\u0259 t\u0259brikl\u0259rini \u00e7atd\u0131r\u0131b, prezidentlik f\u0259aliyy\u0259tind\u0259 yeni&hellip; <\/p>\n","protected":false},"author":30,"featured_media":39626,"comment_status":"open","ping_status":"open","sticky":false,"template":"","format":"standard","meta":{"_mi_skip_tracking":false,"_monsterinsights_sitenote_active":false,"_monsterinsights_sitenote_note":"","_monsterinsights_sitenote_category":0,"footnotes":""},"categories":[11,3394,10171],"tags":[13,20,1208,139,8205,942],"aioseo_notices":[],"_links":{"self":[{"href":"https:\/\/infonews.az\/index.php?rest_route=\/wp\/v2\/posts\/39625"}],"collection":[{"href":"https:\/\/infonews.az\/index.php?rest_route=\/wp\/v2\/posts"}],"about":[{"href":"https:\/\/infonews.az\/index.php?rest_route=\/wp\/v2\/types\/post"}],"author":[{"embeddable":true,"href":"https:\/\/infonews.az\/index.php?rest_route=\/wp\/v2\/users\/30"}],"replies":[{"embeddable":true,"href":"https:\/\/infonews.az\/index.php?rest_route=%2Fwp%2Fv2%2Fcomments&post=39625"}],"version-history":[{"count":1,"href":"https:\/\/infonews.az\/index.php?rest_route=\/wp\/v2\/posts\/39625\/revisions"}],"predecessor-version":[{"id":39627,"href":"https:\/\/infonews.az\/index.php?rest_route=\/wp\/v2\/posts\/39625\/revisions\/39627"}],"wp:featuredmedia":[{"embeddable":true,"href":"https:\/\/infonews.az\/index.php?rest_route=\/wp\/v2\/media\/39626"}],"wp:attachment":[{"href":"https:\/\/infonews.az\/index.php?rest_route=%2Fwp%2Fv2%2Fmedia&parent=39625"}],"wp:term":[{"taxonomy":"category","embeddable":true,"href":"https:\/\/infonews.az\/index.php?rest_route=%2Fwp%2Fv2%2Fcategories&post=39625"},{"taxonomy":"post_tag","embeddable":true,"href":"https:\/\/infonews.az\/index.php?rest_route=%2Fwp%2Fv2%2Ftags&post=39625"}],"curies":[{"name":"wp","href":"https:\/\/api.w.org\/{rel}","templated":true}]}}