{"id":39639,"date":"2023-12-24T21:52:13","date_gmt":"2023-12-24T17:52:13","guid":{"rendered":"https:\/\/infonews.az\/?p=39639"},"modified":"2024-01-31T21:58:12","modified_gmt":"2024-01-31T17:58:12","slug":"samil-ayrim-az%c9%99rbaycan-prezidentini-t%c9%99brik-edib","status":"publish","type":"post","link":"https:\/\/infonews.az\/?p=39639","title":{"rendered":"\u015eamil Ayr\u0131m Az\u0259rbaycan Prezidentini t\u0259brik edib"},"content":{"rendered":"<div class=\"news_main\">\n<div class=\"content_main\">\n<div class=\"news_content mt-site\">\n<div class=\"texts mb-site\">\n<blockquote><p>T\u00fcrkiy\u0259 B\u00f6y\u00fck Mill\u0259t M\u0259clisinin deputat\u0131, T\u00fcrkiy\u0259-Az\u0259rbaycan parlamentl\u0259raras\u0131 dostluq qrupunun r\u0259hb\u0259ri \u015eamil Ayr\u0131m Prezident \u0130lham \u018fliyevi t\u0259brik edib.<\/p><\/blockquote>\n<p><a href=\"https:\/\/infonews.az\/?p=39544\"><strong>\u201c\u0130NFONEWS\u201d<\/strong><\/a>-\u00fcn x\u0259b\u0259rin\u0259 g\u00f6r\u0259, t\u0259brikd\u0259 deyilir:<\/p>\n<p>&#8220;M\u00f6ht\u0259r\u0259m c\u0259nab Prezident.<\/p>\n<p>Sizi do\u011fum g\u00fcn\u00fcn\u00fcz m\u00fcnasib\u0259til\u0259 s\u0259mimi-q\u0259lbd\u0259n t\u0259brik edir, Zati-aliniz\u0259 v\u0259 ail\u0259niz\u0259 m\u00f6hk\u0259m cansa\u011fl\u0131\u011f\u0131, \u00f6m\u00fcr boyu xo\u015fb\u0259xtlik arzulay\u0131ram.<\/p>\n<p>Zati-alinizin Ali Ba\u015f Komandanl\u0131\u011f\u0131 il\u0259 44 g\u00fcnl\u00fck V\u0259t\u0259n m\u00fcharib\u0259si v\u0259 24 saatl\u0131q antiterror t\u0259dbirl\u0259ri n\u0259tic\u0259sind\u0259 Can Az\u0259rbaycan\u0131n \u0259razi b\u00fct\u00f6vl\u00fcy\u00fcn\u00fc tam b\u0259rpa ed\u0259r\u0259k h\u0259m \u00dcmummilli Lider Heyd\u0259r \u018fliyevin v\u0259siyy\u0259tini yerin\u0259 yetirdiniz, h\u0259m d\u0259 Az\u0259rbaycan xalq\u0131n\u0131n arzular\u0131n\u0131 ger\u00e7\u0259kl\u0259\u015fdirdiniz. Sizin humanist, m\u00fcdrik siyas\u0259tiniz say\u0259sind\u0259 Az\u0259rbaycan Respublikas\u0131 d\u00fcnyada g\u00fcnd\u0259n-g\u00fcn\u0259 etibar\u0131n\u0131 m\u00f6hk\u0259ml\u0259ndirir.<\/p>\n<p>M\u00f6ht\u0259r\u0259m Prezident, h\u0259r iki \u00f6lk\u0259nin xalqlar\u0131 c\u0259nab Prezidentimiz R\u0259c\u0259b Tayyib \u018frdo\u011fan il\u0259 birlikd\u0259 T\u00fcrkiy\u0259 v\u0259 Az\u0259rbaycan aras\u0131nda b\u00f6y\u00fck layih\u0259l\u0259rin realla\u015fmas\u0131ndan q\u00fcrur duyur&#8221;.<\/p>\n<\/div>\n<div class=\"tabs_container\">\n<div id=\"photos\" class=\"tab active_tab\">\n<div id=\"news_in_gallery\" class=\"news_in_gallery\"><\/div>\n<\/div>\n<\/div>\n<div class=\"tags mt-site\">\n<div class=\"logo\"><\/div>\n<div class=\"links\"><\/div>\n<\/div>\n<\/div>\n<\/div>\n<div class=\"rek_banner mb-site news_in_down\">\n<p>&nbsp;<\/p>\n<div id=\"adviad-zoneid-946680727028\"><\/div>\n<div>\n<p>&nbsp;<\/p>\n<div id=\"beacon_b801af0f9e\"><img loading=\"lazy\" decoding=\"async\" src=\"https:\/\/ads2.newmedia.az\/www\/delivery\/lg.php?bannerid=7603&amp;campaignid=2749&amp;zoneid=946&amp;loc=https:\/\/apa.az\/resmi-xeber\/samil-ayrim-azerbaycan-prezidentini-tebrik-edib-806239&amp;referer=https:\/\/apa.az\/archive?page=214&amp;cb=b801af0f9e&amp;p1=1706722955&amp;p2=6cf038e55469cc665ba868b6f279&amp;p3=8530188542.fbe39c80d36f7fcf4157c88c8f5f4e34277be2a3\" alt=\"\" width=\"0\" height=\"0\" \/><\/div>\n<p>&nbsp;<\/p>\n<\/div>\n<p>&nbsp;<\/p>\n<\/div>\n<\/div>\n<div class=\"social-media-wrap social-web\">\n<div class=\"telegram-row\"><\/div>\n<\/div>\n","protected":false},"excerpt":{"rendered":"<p>T\u00fcrkiy\u0259 B\u00f6y\u00fck Mill\u0259t M\u0259clisinin deputat\u0131, T\u00fcrkiy\u0259-Az\u0259rbaycan parlamentl\u0259raras\u0131 dostluq qrupunun r\u0259hb\u0259ri \u015eamil Ayr\u0131m Prezident \u0130lham \u018fliyevi t\u0259brik edib. \u201c\u0130NFONEWS\u201d-\u00fcn x\u0259b\u0259rin\u0259 g\u00f6r\u0259, t\u0259brikd\u0259 deyilir: &#8220;M\u00f6ht\u0259r\u0259m c\u0259nab Prezident. Sizi do\u011fum g\u00fcn\u00fcn\u00fcz m\u00fcnasib\u0259til\u0259 s\u0259mimi-q\u0259lbd\u0259n&hellip; <\/p>\n","protected":false},"author":30,"featured_media":39429,"comment_status":"open","ping_status":"open","sticky":false,"template":"","format":"standard","meta":{"_mi_skip_tracking":false,"_monsterinsights_sitenote_active":false,"_monsterinsights_sitenote_note":"","_monsterinsights_sitenote_category":0,"footnotes":""},"categories":[11,3394],"tags":[13,205,20,139,12542,942,12],"aioseo_notices":[],"_links":{"self":[{"href":"https:\/\/infonews.az\/index.php?rest_route=\/wp\/v2\/posts\/39639"}],"collection":[{"href":"https:\/\/infonews.az\/index.php?rest_route=\/wp\/v2\/posts"}],"about":[{"href":"https:\/\/infonews.az\/index.php?rest_route=\/wp\/v2\/types\/post"}],"author":[{"embeddable":true,"href":"https:\/\/infonews.az\/index.php?rest_route=\/wp\/v2\/users\/30"}],"replies":[{"embeddable":true,"href":"https:\/\/infonews.az\/index.php?rest_route=%2Fwp%2Fv2%2Fcomments&post=39639"}],"version-history":[{"count":2,"href":"https:\/\/infonews.az\/index.php?rest_route=\/wp\/v2\/posts\/39639\/revisions"}],"predecessor-version":[{"id":39641,"href":"https:\/\/infonews.az\/index.php?rest_route=\/wp\/v2\/posts\/39639\/revisions\/39641"}],"wp:featuredmedia":[{"embeddable":true,"href":"https:\/\/infonews.az\/index.php?rest_route=\/wp\/v2\/media\/39429"}],"wp:attachment":[{"href":"https:\/\/infonews.az\/index.php?rest_route=%2Fwp%2Fv2%2Fmedia&parent=39639"}],"wp:term":[{"taxonomy":"category","embeddable":true,"href":"https:\/\/infonews.az\/index.php?rest_route=%2Fwp%2Fv2%2Fcategories&post=39639"},{"taxonomy":"post_tag","embeddable":true,"href":"https:\/\/infonews.az\/index.php?rest_route=%2Fwp%2Fv2%2Ftags&post=39639"}],"curies":[{"name":"wp","href":"https:\/\/api.w.org\/{rel}","templated":true}]}}