{"id":39643,"date":"2023-12-24T22:01:33","date_gmt":"2023-12-24T18:01:33","guid":{"rendered":"https:\/\/infonews.az\/?p=39643"},"modified":"2024-01-31T22:11:42","modified_gmt":"2024-01-31T18:11:42","slug":"nizami-g%c9%99nc%c9%99vi-beyn%c9%99lxalq-m%c9%99rk%c9%99zinin-uzvl%c9%99ri-az%c9%99rbaycan-prezidentini-t%c9%99brik-edib","status":"publish","type":"post","link":"https:\/\/infonews.az\/?p=39643","title":{"rendered":"Nizami G\u0259nc\u0259vi Beyn\u0259lxalq M\u0259rk\u0259zinin \u00fczvl\u0259ri Az\u0259rbaycan Prezidentini t\u0259brik edib"},"content":{"rendered":"<blockquote><p>Nizami G\u0259nc\u0259vi Beyn\u0259lxalq M\u0259rk\u0259zinin \u00fczvl\u0259ri Az\u0259rbaycan Prezidenti \u0130lham \u018fliyevi t\u0259brik edibl\u0259r.<\/p><\/blockquote>\n<p><a href=\"https:\/\/infonews.az\/?p=39544\"><strong>\u201c\u0130NFONEWS\u201d<\/strong><\/a>\u00a0Nizami G\u0259nc\u0259vi Beyn\u0259lxalq M\u0259rk\u0259zinin \u00fczvl\u0259rin\u0131n d\u00f6vl\u0259t ba\u015f\u00e7\u0131lar\u0131na t\u0259brikl\u0259rini t\u0259qdim edir:<\/p>\n<p>&nbsp;<\/p>\n<p><strong>Nizami G\u0259nc\u0259vi Beyn\u0259lxalq M\u0259rk\u0259zinin h\u0259ms\u0259dri, 1999-2007-ci ill\u0259rd\u0259 Latviya Respublikas\u0131n\u0131n Prezidenti Vayra Vike-Freyberqa v\u0259 h\u0259yat yolda\u015f\u0131 \u0130mants Freyberqs:<\/strong><\/p>\n<p>&#8211; H\u00f6rm\u0259tli c\u0259nab Prezident.<\/p>\n<p>Do\u011fum g\u00fcn\u00fcn\u00fcz m\u00fcnasib\u0259til\u0259 Siz\u0259 \u0259n s\u0259mimi t\u0259brikl\u0259rimizi v\u0259 xo\u015f arzular\u0131m\u0131z\u0131 \u00e7atd\u0131r\u0131r\u0131q. Bu \u0259lam\u0259tdar g\u00fcnd\u0259 f\u00fcrs\u0259td\u0259n istifad\u0259 ed\u0259r\u0259k Sizi Az\u0259rbaycan\u0131n \u0259razi b\u00fct\u00f6vl\u00fcy\u00fcn\u00fcn t\u0259min edilm\u0259si m\u00fcnasib\u0259til\u0259 bir daha t\u0259brik edirik. Siz\u0259 f\u0259aliyy\u0259tinizd\u0259 m\u00fcv\u0259ff\u0259qiyy\u0259tl\u0259r dil\u0259yirik.<\/p>\n<p>* * *<\/p>\n<p><strong>Nizami G\u0259nc\u0259vi Beyn\u0259lxalq M\u0259rk\u0259zinin h\u0259ms\u0259dri, 1992-2000-ci ill\u0259rd\u0259 D\u00fcnya Bank\u0131n\u0131n vitse-prezidenti \u0130smail Serageldin:<\/strong><\/p>\n<p>&#8211; H\u00f6rm\u0259tli c\u0259nab Prezident.<\/p>\n<p>Sizi do\u011fum g\u00fcn\u00fcn\u00fcz m\u00fcnasib\u0259til\u0259 t\u0259brik edir, \u0259n s\u0259mimi v\u0259 xo\u015f arzular\u0131m\u0131 bildirir\u0259m. X\u00fcsusil\u0259 bu tarixi d\u00f6n\u0259md\u0259 &#8211; Az\u0259rbaycan\u0131n \u0259razi b\u00fct\u00f6vl\u00fcy\u00fcn\u00fc b\u0259rpa etdiyiniz bir vaxtda qoy Sizin bu z\u0259f\u0259r mar\u015f\u0131n\u0131z yeni-yeni u\u011furlar g\u0259tirsin, dostlar\u0131n\u0131z v\u0259 Sizi sev\u0259nl\u0259r bu u\u011furlara bax\u0131b sevinsinl\u0259r!<\/p>\n<p>* * *<\/p>\n<p><strong>2004-2012-ci ill\u0259rd\u0259 Serbiyan\u0131n Prezidenti Boris Tadi\u00e7:<\/strong><\/p>\n<p>&#8211; \u018fziz dostum, Prezident \u018fliyev.<\/p>\n<p>Do\u011fum g\u00fcn\u00fcn\u00fcz m\u00fcnasib\u0259til\u0259 Sizi \u00fcr\u0259kd\u0259n t\u0259brik edir, ne\u00e7\u0259-ne\u00e7\u0259 bel\u0259 g\u00f6z\u0259l ill\u0259r\u0259 \u00e7\u0131xma\u011f\u0131n\u0131z\u0131 arzulay\u0131ram.<\/p>\n<p>* * *<\/p>\n<p><strong>2009-2011-ci ill\u0259rd\u0259 Bel\u00e7ikan\u0131n Ba\u015f naziri \u0130v L\u00f6term:<\/strong><\/p>\n<p>&#8211; H\u00f6rm\u0259tli Prezident.<\/p>\n<p>Do\u011fum g\u00fcn\u00fcn\u00fcz m\u00fcnasib\u0259til\u0259 Sizi s\u0259mimi-q\u0259lbd\u0259n t\u0259brik edir\u0259m. Nizami G\u0259nc\u0259vi Beyn\u0259lxalq M\u0259rk\u0259zin\u0259 g\u00f6st\u0259rdiyiniz d\u0259st\u0259y\u0259 g\u00f6r\u0259 Siz\u0259 minn\u0259tdaram. Siz\u0259, ail\u0259niz\u0259 v\u0259 Az\u0259rbaycan xalq\u0131na \u0259n xo\u015f arzular\u0131m\u0131 \u00e7atd\u0131r\u0131ram.<\/p>\n<p>* * *<\/p>\n<p><strong>2006-2009-cu ill\u0259rd\u0259 \u0130srailin Ba\u015f nazirinin m\u00fcavini, xarici i\u015fl\u0259r naziri, 2006-2007-ci, 2013-2014-c\u00fc ill\u0259rd\u0259 \u0259dliyy\u0259 naziri Tzipi Livni:<\/strong><\/p>\n<p>&#8211; H\u00f6rm\u0259tli Prezident \u018fliyev.<\/p>\n<p>Do\u011fum g\u00fcn\u00fcn\u00fcz m\u00fcnasib\u0259til\u0259 Sizi t\u0259brik edir\u0259m. Siz\u0259 m\u00f6hk\u0259m cansa\u011fl\u0131\u011f\u0131 v\u0259 xo\u015fb\u0259xtlik dil\u0259yir, Az\u0259rbaycan xalq\u0131n\u0131n rifah\u0131 namin\u0259 f\u0259aliyy\u0259tinizd\u0259 u\u011furlar arzulay\u0131ram. M\u0259rk\u0259zimiz\u0259 g\u00f6st\u0259rdiyiniz d\u0259st\u0259y\u0259 g\u00f6r\u0259 Siz\u0259 d\u0259rin minn\u0259tdarl\u0131\u011f\u0131m\u0131 bildirir\u0259m.<\/p>\n<p>* * *<\/p>\n<p><strong>S\u0259udiyy\u0259 \u018fr\u0259bistan\u0131n\u0131n Kral Faysal \u0130slam Ara\u015fd\u0131rmalar M\u0259rk\u0259zinin \u0130dar\u0259 Hey\u0259tinin s\u0259dri \u015eahzad\u0259 Turki Al Faysal Al Saud:<\/strong><\/p>\n<p>&#8211; Zati-alil\u0259ri Prezident \u0130lham \u018fliyev.<\/p>\n<p>Do\u011fum g\u00fcn\u00fcn\u00fcz m\u00fcnasib\u0259til\u0259 \u0259n s\u0259mimi t\u0259brikl\u0259rimi q\u0259bul etm\u0259yinizi xahi\u015f edir\u0259m. Bu \u0259lam\u0259tdar g\u00fcnd\u0259 Siz\u0259, ail\u0259niz\u0259 v\u0259 Az\u0259rbaycan xalq\u0131na cansa\u011fl\u0131\u011f\u0131 v\u0259 xo\u015fb\u0259xtlik dil\u0259yir\u0259m.<\/p>\n<p>* * *<\/p>\n<p><strong>1997-2000-ci, 2001-2005-ci ill\u0259rd\u0259 Norve\u00e7in Ba\u015f naziri Kyel Maqne Bondevik:<\/strong><\/p>\n<p>-H\u00f6rm\u0259tli Prezident, \u0259ziz dostum.<\/p>\n<p>Nizami G\u0259nc\u0259vi Beyn\u0259lxalq M\u0259rk\u0259zin\u0259 g\u00f6st\u0259rdiyiniz d\u0259st\u0259y\u0259 g\u00f6r\u0259 Siz\u0259 h\u0259mkarlar\u0131m ad\u0131mdan v\u0259 \u015f\u0259xs\u0259n \u00f6z ad\u0131mdan minn\u0259tdarl\u0131\u011f\u0131m\u0131z\u0131 bildirir\u0259m. Sizinl\u0259 \u0259m\u0259kda\u015fl\u0131q etm\u0259k \u00e7ox xo\u015fdur. Siz\u0259 t\u0259brikl\u0259rimi v\u0259 \u0259n xo\u015f arzular\u0131m\u0131 \u00e7atd\u0131r\u0131ram.<\/p>\n<p>* * *<\/p>\n<p><strong>2012-2022-ci ill\u0259rd\u0259 Sloveniyan\u0131n Prezidenti Borut Pahor:<\/strong><\/p>\n<p>-H\u00f6rm\u0259tli Prezident v\u0259 \u0259ziz dost.<\/p>\n<p>Do\u011fum g\u00fcn\u00fcn\u00fcz m\u00fcnasib\u0259til\u0259 Siz\u0259 \u0259n xo\u015f arzular\u0131m\u0131 \u00e7atd\u0131r\u0131ram. M\u0259n Nizami G\u0259nc\u0259vi Beyn\u0259lxalq M\u0259rk\u0259zinin m\u00f6ht\u0259\u015f\u0259m komandas\u0131 il\u0259 birg\u0259 Sizinl\u0259 \u015f\u0259xs\u0259n g\u00f6r\u00fc\u015f\u00fcm\u00fcz\u00fc s\u0259birsizlikl\u0259 g\u00f6zl\u0259yir\u0259m. Siz\u0259 u\u011furlar dil\u0259yir\u0259m.<\/p>\n<p>* * *<\/p>\n<p><strong>\u201cM\u00fcasir K\u00f6l\u0259liy\u0259 Son Qoyaq\u201d Qlobal Fondunun \u0130dar\u0259 Hey\u0259tinin s\u0259dri, \u201cExxon Mobile\u201d \u015firk\u0259tinin sabiq vitse-prezidenti Jan Bader\u015fneyder:<\/strong><\/p>\n<p>&#8211; H\u00f6rm\u0259tli Prezident \u018fliyev.<\/p>\n<p>Sizi do\u011fum g\u00fcn\u00fcn\u00fcz m\u00fcnasib\u0259til\u0259 t\u0259brik edir, Zati-aliniz\u0259 m\u00f6hk\u0259m cansa\u011fl\u0131\u011f\u0131, xo\u015fb\u0259xtlik v\u0259 \u0259min-amanl\u0131q arzulay\u0131ram. Siz d\u00fcnyan\u0131n \u00e7ox d\u0259y\u0259rli v\u0259 m\u00fch\u00fcm \u0259h\u0259miyy\u0259t k\u0259sb ed\u0259n b\u00f6lg\u0259sind\u0259 m\u00f6ht\u0259\u015f\u0259m liderlik n\u00fcmayi\u015f etdirirsiniz. Bizim daha \u00e7ox m\u00fcdrik v\u0259 c\u0259sar\u0259tli liderl\u0259r\u0259 ehtiyac\u0131m\u0131z var. M\u0259n Az\u0259rbaycan\u0131 d\u0259st\u0259kl\u0259m\u0259y\u0259 davam ed\u0259c\u0259y\u0259m. Sizinl\u0259 birg\u0259 i\u015fl\u0259m\u0259y\u0259 \u00fcmidvaram.<\/p>\n<p>* * *<\/p>\n<p><strong>2012-2017-ci ill\u0259rd\u0259 Bolqar\u0131stan\u0131n Prezidenti Rosen Plevneliyev v\u0259 1997-2002-ci ill\u0259rd\u0259 Bolqar\u0131stan\u0131n Prezidenti Petar Stoyanov:<\/strong><\/p>\n<p>-M\u00f6ht\u0259r\u0259m c\u0259nab Prezident.<\/p>\n<p>Do\u011fum g\u00fcn\u00fcn\u00fcz m\u00fcnasib\u0259til\u0259 Siz\u0259 b\u00fct\u00fcn Bolqar\u0131stan xalq\u0131 ad\u0131ndan v\u0259 \u015f\u0259xs\u0259n \u00f6z ad\u0131m\u0131zdan \u0259n xo\u015f arzular\u0131m\u0131z\u0131 \u00e7atd\u0131r\u0131r\u0131q. Siz\u0259 ali d\u00f6vl\u0259ti f\u0259aliyy\u0259tinizd\u0259 u\u011furlar, dost Az\u0259rbaycan xalq\u0131na is\u0259 daha firavan h\u0259yat dil\u0259yirik. Bizim Nizami G\u0259nc\u0259vi Beyn\u0259lxalq M\u0259rk\u0259zinin \u00fczvl\u0259ri Sizinl\u0259 f\u0259xr edirl\u0259r.<\/p>\n<p>* * *<\/p>\n<p><strong>BMT Ba\u015f Assambleyas\u0131n\u0131n 73-c\u00fc sessiyas\u0131n\u0131n s\u0259dri, 2012-2014-c\u00fc ill\u0259rd\u0259 Ekvadorun m\u00fcdafi\u0259 naziri, 2017-2018-ci ill\u0259rd\u0259 xarici i\u015fl\u0259r naziri Mariya Fernanda Espinoza:<\/strong><\/p>\n<p>&#8211; H\u00f6rm\u0259tli c\u0259nab Prezident.<\/p>\n<p>Do\u011fum g\u00fcn\u00fcn\u00fcz m\u00fcnasib\u0259til\u0259 Sizi t\u0259brik edir, Siz\u0259 uzun \u00f6m\u00fcr, cansa\u011fl\u0131\u011f\u0131 v\u0259 firavan h\u0259yat dil\u0259yir\u0259m. Az\u0259rbaycana \u0259b\u0259di s\u00fclh arzulay\u0131r, el\u0259c\u0259 d\u0259 Nizami G\u0259nc\u0259vi Beyn\u0259lxalq M\u0259rk\u0259zinin f\u0259aliyy\u0259tinin \u0259sas\u0131n\u0131 t\u0259\u015fkil ed\u0259n m\u0259d\u0259niyy\u0259tl\u0259raras\u0131 dialoq v\u0259 qar\u015f\u0131l\u0131ql\u0131 anla\u015fmaya g\u00f6st\u0259rdiyiniz davaml\u0131 d\u0259st\u0259y\u0259 g\u00f6r\u0259 Siz\u0259 minn\u0259tdarl\u0131\u011f\u0131m\u0131 bildirir\u0259m.<\/p>\n<p>* * *<\/p>\n<p><strong>TENEO \u015firk\u0259tinin Ba\u015f m\u00fc\u015faviri, Fransan\u0131n sabiq Prezidenti \u015earl de Qolun n\u0259v\u0259si Natali Qule:<\/strong><\/p>\n<p>&#8211; C\u0259nab Prezident.<\/p>\n<p>Do\u011fum g\u00fcn\u00fcn\u00fcz m\u00fcnasib\u0259til\u0259 Sizi t\u0259brik edir\u0259m v\u0259 qar\u015f\u0131dan g\u0259l\u0259n ild\u0259 Siz\u0259 yeni-yeni u\u011furlar arzulay\u0131ram.<\/p>\n<p>Yeni ild\u0259 Siz\u0259 sevinc dolu g\u00fcnl\u0259r v\u0259 xo\u015fb\u0259xtlik dil\u0259yir\u0259m.<\/p>\n<p>* * *<\/p>\n<p><strong>2015-2018-ci ill\u0259rd\u0259 Mavrikinin Prezidenti Amina Qurib-Fakim:<\/strong><\/p>\n<p>&#8211; M\u00f6ht\u0259r\u0259m c\u0259nab Prezident.<\/p>\n<p>Do\u011fum g\u00fcn\u00fcn\u00fcz m\u00fcnasib\u0259til\u0259 Sizi t\u0259brik edir\u0259m. Siz\u0259 cansa\u011fl\u0131\u011f\u0131 v\u0259 firavanl\u0131q arzulay\u0131ram. Qoy Az\u0259rbaycan d\u00f6vl\u0259ti h\u0259mi\u015f\u0259 Sizin g\u00fccl\u00fc liderliyinizd\u0259n b\u0259hr\u0259l\u0259nsin!<\/p>\n<p>* * *<\/p>\n<p><strong>2007-2011-ci ill\u0259rd\u0259 Latviyan\u0131n Prezidenti Valdis Zatlers:<\/strong><\/p>\n<p>&#8211; Zati-alil\u0259ri, c\u0259nab Prezident.<\/p>\n<p>Sizinl\u0259 tez-tez g\u00f6r\u00fc\u015fm\u0259s\u0259k d\u0259, s\u0259mimi m\u00fcnasib\u0259timiz h\u0259mi\u015f\u0259 davam ed\u0259c\u0259k. M\u0259n h\u0259mi\u015f\u0259 Sizi etibarl\u0131 dostum hesab ed\u0259c\u0259y\u0259m. Do\u011fum g\u00fcn\u00fcn\u00fcz m\u00fcbar\u0259k, h\u00f6rm\u0259tli Prezident.<\/p>\n<p>* * *<\/p>\n<p><strong>2014-2018-ci ill\u0259rd\u0259 Bosniya v\u0259 Herseqovinan\u0131n R\u0259yas\u0259t Hey\u0259tinin S\u0259dri Mladen \u0130vani\u00e7:<\/strong><\/p>\n<p>&#8211; \u018fziz dostum, h\u00f6rm\u0259tli Prezident \u018fliyev.<\/p>\n<p>Do\u011fum g\u00fcn\u00fcn\u00fcz m\u00fcnasib\u0259til\u0259 Sizi t\u0259brik edir\u0259m. Dost Az\u0259rbaycan xalq\u0131n\u0131n m\u0259nafeyi namin\u0259 Siz\u0259 ali d\u00f6vl\u0259ti f\u0259aliyy\u0259tinizd\u0259 yeni-yeni u\u011furlar arzulay\u0131ram. Qar\u015f\u0131dan g\u0259l\u0259n Yeni il bayram\u0131 m\u00fcnasib\u0259til\u0259 d\u0259 \u0259n xo\u015f arzular\u0131m\u0131 q\u0259bul etm\u0259yinizi xahi\u015f edir\u0259m.<\/p>\n<p>* * *<\/p>\n<p><strong>2022-2023-c\u00fc ill\u0259rd\u0259 BMT-nin Ba\u015f Assambleyas\u0131n\u0131n 77-ci sessiyas\u0131n\u0131n s\u0259dri Ksaba Korosi:<\/strong><\/p>\n<p>&#8211; H\u00f6rm\u0259tli Prezident,<\/p>\n<p>Birg\u0259 ke\u00e7irdiyimiz universitet ill\u0259rini xat\u0131rlayaraq, Nizami G\u0259nc\u0259vi Beyn\u0259lxalq M\u0259rk\u0259zinin ail\u0259sin\u0259 g\u00f6st\u0259rdiyiniz b\u00f6y\u00fck d\u0259st\u0259y\u0259 g\u00f6r\u0259 Siz\u0259 minn\u0259tdarl\u0131\u011f\u0131m\u0131 bildirir\u0259m. Siz\u0259 v\u0259 sevdiyim \u00f6lk\u0259niz\u0259 yeni-yeni u\u011furlar arzulay\u0131ram.<\/p>\n<p>* * *<\/p>\n<p><strong>2012-2016-c\u0131 ill\u0259rd\u0259 Monteneqronun m\u00fcdafi\u0259 naziri Milisa Pjanovi\u00e7-Durisi\u00e7:<\/strong><\/p>\n<p>&#8211; H\u00f6rm\u0259tli c\u0259nab Prezident.<\/p>\n<p>\u0130caz\u0259 verin bu xo\u015f f\u00fcrs\u0259td\u0259n istifad\u0259 ed\u0259r\u0259k Siz\u0259 do\u011fum g\u00fcn\u00fcn\u00fcz m\u00fcnasib\u0259til\u0259 \u0259n xo\u015f arzular\u0131m\u0131 \u00e7atd\u0131r\u0131m. Sizinl\u0259 g\u00f6r\u00fc\u015fl\u0259rimizi daim xat\u0131rlay\u0131r, t\u0259\u015fkilat\u0131m\u0131za g\u00f6st\u0259rdiyiniz diqq\u0259t v\u0259 qay\u011f\u0131ya g\u00f6r\u0259 Siz\u0259 \u0259n s\u0259mimi duy\u011fularla minn\u0259tdarl\u0131\u011f\u0131m\u0131 bildirir\u0259m.<\/p>\n<p>* * *<\/p>\n<p><strong>UNESCO-nun xo\u015fm\u0259raml\u0131 s\u0259firi v\u0259 m\u0259d\u0259ni diplomatiya \u00fczr\u0259 x\u00fcsusi n\u00fcmay\u0259nd\u0259si Hedva Ser:<\/strong><\/p>\n<p>&#8211; C\u0259nab Prezident, Sizi do\u011fum g\u00fcn\u00fcn\u00fcz m\u00fcnasib\u0259til\u0259 \u00fcr\u0259kd\u0259n t\u0259brik edir\u0259m. Siz\u0259 uzun \u00f6m\u00fcr, cansa\u011fl\u0131\u011f\u0131 arzu ed\u0259r\u0259k \u0259n y\u00fcks\u0259k ehtiram\u0131m\u0131 bildirir\u0259m.<\/p>\n<p>* * *<\/p>\n<p><strong>2010-2012-ci ill\u0259rd\u0259 Monteneqronun Ba\u015f naziri \u0130qor Luksi\u00e7:<\/strong><\/p>\n<p>&#8211; H\u00f6rm\u0259tli c\u0259nab Prezident \u018fliyev.<\/p>\n<p>Do\u011fum g\u00fcn\u00fcn\u00fcz\u00fc s\u0259mimi\u2013q\u0259lbd\u0259n t\u0259brik edir\u0259m. Bu xo\u015f f\u00fcrs\u0259td\u0259n istifad\u0259 ed\u0259r\u0259k Siz\u0259 ali d\u00f6vl\u0259ti f\u0259aliyy\u0259tinizd\u0259 yeni-yeni u\u011furlar dil\u0259yir, bizim Beyn\u0259lxalq M\u0259rk\u0259zimiz\u0259 g\u00f6st\u0259rdiyiniz diqq\u0259t v\u0259 qay\u011f\u0131ya g\u00f6r\u0259 minn\u0259tdarl\u0131\u011f\u0131m\u0131z\u0131 bildirir\u0259m.<\/p>\n<p>* * *<\/p>\n<p><strong>2010-2015-ci ill\u0259rd\u0259 Xorvatiyan\u0131n Prezidenti \u0130vo Yosipovi\u00e7:<\/strong><\/p>\n<p>-Zati-alil\u0259ri Prezident \u0130lham \u018fliyev.<\/p>\n<p>Do\u011fum g\u00fcn\u00fcn\u00fcz m\u00fcbar\u0259k olsun! Az\u0259rbaycan\u0131n Prezidenti v\u0259zif\u0259sind\u0259 m\u00f6ht\u0259\u015f\u0259m nailiyy\u0259tl\u0259riniz m\u00fcnasib\u0259til\u0259 Sizi t\u0259brik edir\u0259m. Sizin iqtisadiyyata, m\u0259d\u0259niyy\u0259t\u0259, xalqlar aras\u0131nda s\u00fclh\u0259 v\u0259 dostlu\u011fa verdiyiniz d\u0259y\u0259r yaln\u0131z \u00f6z g\u00f6z\u0259l \u00f6lk\u0259niz\u0259 deyil, b\u00fct\u00fcn d\u00fcnyaya t\u00f6hf\u0259dir. Bu xo\u015f f\u00fcrs\u0259td\u0259n istifad\u0259 ed\u0259r\u0259k, Siz\u0259 uzun \u00f6m\u00fcr, xo\u015fb\u0259xtlik v\u0259 m\u00f6ht\u0259\u015f\u0259m liderliyinizin davaml\u0131 olmas\u0131n\u0131 arzu edir\u0259m.<\/p>\n<p>***<\/p>\n<p><strong>2010-2012-ci ill\u0259rd\u0259 G\u00fcrc\u00fcstan\u0131n bas nazirinin m\u00fcavini, 2008-ci ild\u0259 xarici i\u015fl\u0259r naziri Eka Tke\u015fela\u015fvili:<\/strong><\/p>\n<p>&#8211; H\u00f6rm\u0259tli Prezident.<\/p>\n<p>Bu xo\u015f f\u00fcrs\u0259td\u0259n istifad\u0259 ed\u0259r\u0259k Sizi do\u011fum g\u00fcn\u00fcn\u00fcz m\u00fcnasib\u0259til\u0259 t\u0259brik edir\u0259m. Sizin xalq\u0131n\u0131z xo\u015fb\u0259xtdir ki, h\u0259yat\u0131n\u0131 \u00f6z V\u0259t\u0259ninin inki\u015faf\u0131na h\u0259sr ed\u0259n Lideri var. Az\u0259rbaycan\u0131n m\u00f6ht\u0259\u015f\u0259m nailiyy\u0259tl\u0259rini m\u00fc\u015fahid\u0259 etm\u0259k f\u00fcrs\u0259timiz oldu. Nizami G\u0259nc\u0259vi Beyn\u0259lxalq M\u0259rk\u0259zin\u0259 g\u00f6st\u0259rdiyiniz d\u0259st\u0259y\u0259 v\u0259 bizi bu m\u00fch\u00fcm prosesin bir hiss\u0259si olma\u011fa imkan yaratd\u0131\u011f\u0131n\u0131za g\u00f6r\u0259 Siz\u0259 d\u0259rin minn\u0259tdarl\u0131\u011f\u0131m\u0131 bildirir\u0259m. Siz\u0259 m\u00f6hk\u0259m cansa\u011fl\u0131\u011f\u0131 v\u0259 qar\u015f\u0131dak\u0131 planlar\u0131n\u0131z\u0131n h\u0259yata ke\u00e7m\u0259sini, Qaraba\u011f\u0131n tamamil\u0259 b\u0259rpa olunmas\u0131n\u0131, Az\u0259rbaycan\u0131n m\u00fch\u00fcm regional v\u0259 qlobal oyun\u00e7u kimi rolunun daha da artmas\u0131n\u0131 arzu edir\u0259m. Siz\u0259 v\u0259 ail\u0259niz\u0259 \u0259n xo\u015f arzular\u0131m\u0131 \u00e7atd\u0131r\u0131ram.<\/p>\n<p>* * *<\/p>\n<p><strong>Bosniya v\u0259 Herseqovinan\u0131n BMT-d\u0259 daimi n\u00fcmay\u0259nd\u0259si, 2001-2002-ci ill\u0259rd\u0259 Bosniya v\u0259 Herseqovinan\u0131n Ba\u015f naziri, 1993-1996-c\u0131, 2012-2015-ci ill\u0259rd\u0259 Ba\u015f nazirin m\u00fcavini Zlatko Laqumciya:<\/strong><\/p>\n<p>&#8211; H\u00f6rm\u0259tli Prezident v\u0259 \u0259ziz dost.<\/p>\n<p>Do\u011fum g\u00fcn\u00fcn\u00fcz m\u00fcnasib\u0259til\u0259 \u00fcr\u0259kd\u0259n g\u0259l\u0259n t\u0259brikl\u0259rimi q\u0259bul etm\u0259yinizi xahi\u015f edir\u0259m. Siz\u0259 v\u0259 \u00f6lk\u0259niz\u0259 \u0259n xo\u015f arzular\u0131m\u0131 \u00e7atd\u0131r\u0131ram. R\u0259hb\u0259rliyinizl\u0259 yarad\u0131lm\u0131\u015f Nizami G\u0259nc\u0259vi Beyn\u0259lxalq M\u0259rk\u0259zin\u0259 g\u00f6st\u0259rdiyiniz d\u0259st\u0259y\u0259 g\u00f6r\u0259 x\u00fcsusi minn\u0259tdarl\u0131\u011f\u0131m\u0131 bildirir\u0259m. Bizim h\u0259r zaman Az\u0259rbaycan\u0131n haqq i\u015fini d\u0259st\u0259kl\u0259y\u0259c\u0259yimiz\u0259 \u0259min ola bil\u0259rsiniz.<\/p>\n<p>* * *<\/p>\n<p><strong>2004-2014-c\u00fc ill\u0259rd\u0259 \u0130slam \u018fm\u0259kda\u015fl\u0131q T\u0259\u015fkilat\u0131n\u0131n Ba\u015f katibi Ekm\u0259l\u0259ddin \u0130hsano\u011flu:<\/strong><\/p>\n<p>&#8211; H\u00f6rm\u0259tli c\u0259nab Prezident.<\/p>\n<p>Do\u011fum g\u00fcn\u00fcn\u00fcz m\u00fcnasib\u0259til\u0259 Zati-aliniz\u0259, \u00e7ox h\u00f6rm\u0259tli xan\u0131m\u0131n\u0131za v\u0259 qarda\u015f Az\u0259rbaycan xalq\u0131na cansa\u011fl\u0131\u011f\u0131 v\u0259 uzun \u00f6m\u00fcr dil\u0259yir\u0259m. Bu il bizi sevindir\u0259n \u00e7ox b\u00f6y\u00fck nailiyy\u0259tl\u0259rin \u015fahidi olduq. Bel\u0259 ki, Sizin Ali Ba\u015f Komandanl\u0131\u011f\u0131n\u0131z, t\u00fcrk xalq\u0131n\u0131n m\u0259n\u0259vi d\u0259st\u0259yi il\u0259 q\u0259hr\u0259man Az\u0259rbaycan Ordusu i\u015f\u011fal alt\u0131ndak\u0131 dig\u0259r torpaqlar\u0131n\u0131 da azad etdi v\u0259 h\u0259r k\u0259sin iftixar hissin\u0259 \u00e7evril\u0259n daha bir \u015fanl\u0131 Z\u0259f\u0259r qazand\u0131. Qarda\u015f Az\u0259rbaycan xalq\u0131na Sizin r\u0259hb\u0259rliyinizl\u0259 daha firavan v\u0259 xo\u015fb\u0259xt h\u0259yat \u015f\u0259raiti arzu edir\u0259m. Sizin himay\u0259niz alt\u0131nda f\u0259aliyy\u0259t g\u00f6st\u0259r\u0259n Nizami G\u0259nc\u0259vi Beyn\u0259lxalq M\u0259rk\u0259zinin yeni-yeni u\u011furlar \u0259ld\u0259 ed\u0259c\u0259yin\u0259 inan\u0131ram. \u018fn s\u0259mimi arzu v\u0259 dil\u0259kl\u0259rimi q\u0259bul etm\u0259yinizi xahi\u015f edir\u0259m.<\/p>\n<p>* * *<\/p>\n<p><strong>ICESCO-nun sabiq Ba\u015f direktoru \u018fbd\u00fcl\u0259ziz bin Osman \u0259l-T\u00fcveycri:<\/strong><\/p>\n<p>-M\u00f6ht\u0259r\u0259m c\u0259nab Prezident \u0130lham \u018fliyev.<\/p>\n<p>Zati-alinizi do\u011fum g\u00fcn\u00fcn\u00fcz m\u00fcnasib\u0259til\u0259 t\u0259brik etm\u0259kd\u0259n b\u00f6y\u00fck \u015f\u0259r\u0259f duyuram. Siz d\u00fcnyada s\u00fclh\u00fcn, dialoqun v\u0259 birg\u0259ya\u015fay\u0131\u015f\u0131n t\u0259\u015fviqin\u0259 g\u00f6st\u0259rdiyiniz s\u0259mimi s\u0259yl\u0259r\u0259 g\u00f6r\u0259 z\u0259man\u0259mizin \u0259n m\u00fcdrik liderl\u0259rind\u0259n birisiniz. Siz\u0259 \u00f6lk\u0259nizin daha da inki\u015faf\u0131 yolunda davaml\u0131 u\u011furlar arzu edir\u0259m.<\/p>\n<p>* * *<\/p>\n<p><strong>BMT Ba\u015f Assambleyas\u0131n\u0131n 75-ci sessiyas\u0131n\u0131n s\u0259dri, 2015-2016-c\u0131 ill\u0259rd\u0259 T\u00fcrkiy\u0259nin Avropa \u0130ttifaq\u0131 i\u015fl\u0259ri \u00fczr\u0259 naziri Volkan Bozk\u0131r:<\/strong><\/p>\n<p>-C\u0259nab Prezident.<\/p>\n<p>Do\u011fum g\u00fcn\u00fcn\u00fcz m\u00fcnasib\u0259til\u0259 Sizi \u00fcr\u0259kd\u0259n t\u0259brik edir\u0259m. \u0130n\u015fallah bu g\u00fcn\u0259 q\u0259d\u0259r Az\u0259rbaycan \u00fc\u00e7\u00fcn g\u00f6rd\u00fcy\u00fcn\u00fcz m\u00f6ht\u0259\u015f\u0259m i\u015fl\u0259rinizin, b\u00fct\u00fcn d\u00fcnyan\u0131n qibt\u0259 il\u0259 izl\u0259diyi nailiyy\u0259tl\u0259rinizin davaml\u0131 olmas\u0131n\u0131 dil\u0259yir\u0259m.<\/p>\n<p>Xan\u0131m\u0131m Nazl\u0131 il\u0259 birlikd\u0259 Az\u0259rbaycan\u0131n birinci xan\u0131m\u0131na v\u0259 Zati-aliniz\u0259 \u0259n d\u0259rin ehtiram\u0131m\u0131 bildirir\u0259m.<\/p>\n<p>* * *<\/p>\n<p><strong>2018-2019-cu ill\u0259rd\u0259 Rum\u0131niyan\u0131n Ba\u015f nazirinin m\u00fcavini, 2019-cu ild\u0259 \u0259dliyy\u0259 naziri, 2012-2020-ci ill\u0259rd\u0259 parlamentin \u00fczv\u00fc Ana Bir\u00e7al:<\/strong><\/p>\n<p>-H\u00f6rm\u0259tli c\u0259nab Prezident.<\/p>\n<p>Siz\u0259 do\u011fum g\u00fcn\u00fcn\u00fcz m\u00fcnasib\u0259til\u0259 \u0259n s\u0259mimi arzular\u0131m\u0131 \u00e7atd\u0131r\u0131r v\u0259 ne\u00e7\u0259 bel\u0259 g\u00f6z\u0259l ill\u0259r\u0259 \u00e7\u0131xma\u011f\u0131n\u0131z\u0131 dil\u0259yir\u0259m. Siz m\u00fcdrikliyiniz v\u0259 strateji liderliyiniz say\u0259sind\u0259 Az\u0259rbaycan\u0131n \u0259razi b\u00fct\u00f6vl\u00fcy\u00fcn\u0259 nail olaraq \u00f6lk\u0259nizi beyn\u0259lxalq s\u0259viyy\u0259d\u0259 tan\u0131tm\u0131s\u0131n\u0131z. Bizim ortaq m\u0259qs\u0259dl\u0259rimiz &#8211; Rum\u0131niya il\u0259 Az\u0259rbaycan aras\u0131nda strateji t\u0259r\u0259fda\u015fl\u0131\u011f\u0131 g\u00fccl\u0259ndirm\u0259k v\u0259 d\u0259rinl\u0259\u015fdirm\u0259k istiqam\u0259tind\u0259 Sizinl\u0259 birg\u0259 \u00e7al\u0131\u015fmaq b\u00f6y\u00fck m\u0259mnunluq do\u011furur. Dahi Nizami G\u0259nc\u0259vinin dediyi kimi, bizim dostlu\u011fumuz s\u0259mimi v\u0259 saf olmal\u0131d\u0131r. Biz Sizin v\u0259 Az\u0259rbaycan\u0131n \u0259sl dostuyuq.<\/p>\n<p>* * *<\/p>\n<p><strong>2004-2007-ci ill\u0259rd\u0259 Pakistan\u0131n Ba\u015f naziri \u015e\u00f6vk\u0259t \u018fziz:<\/strong><\/p>\n<p>-Zati-alil\u0259ri c\u0259nab Prezident \u018fliyev.<\/p>\n<p>Nizami G\u0259nc\u0259vi Beyn\u0259lxalq M\u0259rk\u0259zinin \u00fczv\u00fc olmaq b\u00f6y\u00fck \u015f\u0259r\u0259fdir.<\/p>\n<p>M\u0259rk\u0259z s\u00fclh\u00fc, inki\u015faf\u0131 v\u0259 firavanl\u0131\u011f\u0131 t\u0259\u015fviq etm\u0259kd\u0259 m\u00fch\u00fcm rola malikdir.<\/p>\n<p>D\u00fcnyan\u0131n Sizin kimi liderl\u0259r\u0259 ehtiyac\u0131 var ki, onlar insanlar\u0131n h\u0259yat \u015f\u0259raitini, t\u0259hsilin s\u0259viyy\u0259sinin y\u00fcks\u0259ltm\u0259y\u0259 k\u00f6m\u0259k etsin. Zati-alil\u0259ri, Siz s\u00fclh\u00fcn, tolerantl\u0131\u011f\u0131n v\u0259 dinc ya\u015fay\u0131\u015f\u0131n b\u0259rq\u0259rar olmas\u0131 \u00fc\u00e7\u00fcn \u00e7ox i\u015f g\u00f6rm\u00fcs\u00fcn\u00fcz v\u0259 \u0259minik ki, bundan sonra da \u00e7ox i\u015f g\u00f6r\u0259c\u0259ksiniz. Sizin n\u0259cib t\u0259\u015f\u0259bb\u00fcsl\u0259rinizin bir hiss\u0259si olmaqdan f\u0259xr edir v\u0259 Siz\u0259 davaml\u0131 u\u011furlar arzulay\u0131r\u0131q.<\/p>\n<p>* * *<\/p>\n<p><strong>2003-2018-ci ill\u0259rd\u0259 Monteneqronun Prezidenti Filip Vuyanovi\u00e7:<\/strong><\/p>\n<p>-M\u00f6ht\u0259r\u0259m c\u0259nab Prezident.<\/p>\n<p>Do\u011fum g\u00fcn\u00fcn\u00fcz m\u00fcnasib\u0259til\u0259 s\u0259mimi t\u0259brikl\u0259rimi q\u0259bul etm\u0259yinizi xahi\u015f edir\u0259m. Monteneqronun Prezidenti oldu\u011fum ill\u0259rd\u0259 v\u0259 Nizami G\u0259nc\u0259vi Beyn\u0259lxalq M\u0259rk\u0259zinin \u00fczv\u00fc kimi Sizinl\u0259 g\u00f6r\u00fc\u015fl\u0259rimi, apard\u0131\u011f\u0131m\u0131z dan\u0131\u015f\u0131qlar\u0131 m\u0259mnunluqla xat\u0131rlay\u0131r, Siz\u0259 d\u0259rin ehtiram\u0131m\u0131 bildirir\u0259m. Monteneqro il\u0259 Az\u0259rbaycan aras\u0131nda dostluq \u0259laq\u0259l\u0259rinin daha da m\u00f6hk\u0259ml\u0259nm\u0259sin\u0259 Sizin bundan sonra da t\u00f6hf\u0259l\u0259rinizi g\u00f6rm\u0259kd\u0259n m\u0259mnun olaca\u011fam.<\/p>\n<p>* * *<\/p>\n<p><strong>2013-2020-ci ill\u0259rd\u0259 Maltan\u0131n Ba\u015f naziri Cozef Muskat:<\/strong><\/p>\n<p>-H\u00f6rm\u0259tli Prezident, \u0259ziz dostum.<\/p>\n<p>Do\u011fum g\u00fcn\u00fcn\u00fcz m\u00fcnasib\u0259til\u0259 ail\u0259m ad\u0131mdan v\u0259 \u015f\u0259xs\u0259n \u00f6z ad\u0131mdan Siz\u0259 \u0259n xo\u015f arzular\u0131m\u0131 bildirir\u0259m. Malta \u00fc\u00e7\u00fcn etdikl\u0259riniz\u0259 g\u00f6r\u0259 Siz\u0259 minn\u0259tdaram. M\u0259nim h\u0259mv\u0259t\u0259nl\u0259rim Siz\u0259 minn\u0259tdarl\u0131qlar\u0131n\u0131 bildirirl\u0259r. Biz Nizami G\u0259nc\u0259vi Beyn\u0259lxalq M\u0259rk\u0259zind\u0259 birg\u0259 f\u0259aliyy\u0259t g\u00f6st\u0259rm\u0259y\u0259 davam ed\u0259c\u0259yik.<\/p>\n<p>* * *<\/p>\n<p><strong>\u0130taliya Prezidentinin sabiq diplomatik m\u00fc\u015faviri, Malta H\u0259rbi Ordeninin Vatikandak\u0131 s\u0259firi, &#8220;Pirelli&#8221; \u015firk\u0259tinin ba\u015f m\u00fc\u015faviri Antonio Zanardi Landi:<\/strong><\/p>\n<p>&#8211; H\u00f6rm\u0259tli c\u0259nab Prezident \u018fliyev.<\/p>\n<p>\u0130caz\u0259 verin, do\u011fum g\u00fcn\u00fcn\u00fcz m\u00fcnasib\u0259til\u0259 Siz\u0259 \u0259n xo\u015f arzular\u0131m\u0131 \u00e7atd\u0131r\u0131m. Nizami G\u0259nc\u0259vi Beyn\u0259lxalq M\u0259rk\u0259zinin m\u00fcxt\u0259lif \u00f6lk\u0259l\u0259r aras\u0131nda dostluq v\u0259 anla\u015fman\u0131 g\u00fccl\u0259ndirm\u0259k \u00fc\u00e7\u00fcn g\u00f6st\u0259rdiyi m\u00fcst\u0259sna f\u0259aliyy\u0259t\u0259 verdiyiniz d\u0259st\u0259y\u0259 g\u00f6r\u0259 Siz\u0259 \u00e7ox minn\u0259tdar\u0131q. Zati-aliniz\u0259, ail\u0259niz\u0259 v\u0259 \u00f6lk\u0259niz\u0259 \u0259n xo\u015f arzular\u0131m\u0131 \u00e7atd\u0131r\u0131ram.<\/p>\n<p>* * *<\/p>\n<p><strong>2015-ci ild\u0259 Moldovan\u0131n Ba\u015f naziri Kirill Qaburi\u00e7i:<\/strong><\/p>\n<p>-Zati-alil\u0259ri c\u0259nab Prezident.<\/p>\n<p>Do\u011fum g\u00fcn\u00fcn\u00fcz m\u00fcnasib\u0259til\u0259 Siz\u0259 \u0259n s\u0259mimi t\u0259brikl\u0259rimi \u00e7atd\u0131r\u0131ram. Bel\u0259 xo\u015f g\u00fcnl\u0259ri bundan sonra da do\u011fmalar\u0131n\u0131z\u0131n v\u0259 yax\u0131nlar\u0131n\u0131z\u0131n \u0259hat\u0259sind\u0259 qeyd etm\u0259yinizi arzulay\u0131ram. Qar\u015f\u0131dan g\u0259l\u0259n ild\u0259 Az\u0259rbaycana yeni-yeni u\u011furlar, firavanl\u0131q v\u0259 davaml\u0131 inki\u015faf dil\u0259yir\u0259m.<\/p>\n","protected":false},"excerpt":{"rendered":"<p>Nizami G\u0259nc\u0259vi Beyn\u0259lxalq M\u0259rk\u0259zinin \u00fczvl\u0259ri Az\u0259rbaycan Prezidenti \u0130lham \u018fliyevi t\u0259brik edibl\u0259r. \u201c\u0130NFONEWS\u201d\u00a0Nizami G\u0259nc\u0259vi Beyn\u0259lxalq M\u0259rk\u0259zinin \u00fczvl\u0259rin\u0131n d\u00f6vl\u0259t ba\u015f\u00e7\u0131lar\u0131na t\u0259brikl\u0259rini t\u0259qdim edir: &nbsp; Nizami G\u0259nc\u0259vi Beyn\u0259lxalq M\u0259rk\u0259zinin h\u0259ms\u0259dri, 1999-2007-ci ill\u0259rd\u0259 Latviya&hellip; <\/p>\n","protected":false},"author":30,"featured_media":39644,"comment_status":"open","ping_status":"open","sticky":false,"template":"","format":"standard","meta":{"_mi_skip_tracking":false,"_monsterinsights_sitenote_active":false,"_monsterinsights_sitenote_note":"","_monsterinsights_sitenote_category":0,"footnotes":""},"categories":[11,3394],"tags":[20,1490,139,942],"aioseo_notices":[],"_links":{"self":[{"href":"https:\/\/infonews.az\/index.php?rest_route=\/wp\/v2\/posts\/39643"}],"collection":[{"href":"https:\/\/infonews.az\/index.php?rest_route=\/wp\/v2\/posts"}],"about":[{"href":"https:\/\/infonews.az\/index.php?rest_route=\/wp\/v2\/types\/post"}],"author":[{"embeddable":true,"href":"https:\/\/infonews.az\/index.php?rest_route=\/wp\/v2\/users\/30"}],"replies":[{"embeddable":true,"href":"https:\/\/infonews.az\/index.php?rest_route=%2Fwp%2Fv2%2Fcomments&post=39643"}],"version-history":[{"count":1,"href":"https:\/\/infonews.az\/index.php?rest_route=\/wp\/v2\/posts\/39643\/revisions"}],"predecessor-version":[{"id":39645,"href":"https:\/\/infonews.az\/index.php?rest_route=\/wp\/v2\/posts\/39643\/revisions\/39645"}],"wp:featuredmedia":[{"embeddable":true,"href":"https:\/\/infonews.az\/index.php?rest_route=\/wp\/v2\/media\/39644"}],"wp:attachment":[{"href":"https:\/\/infonews.az\/index.php?rest_route=%2Fwp%2Fv2%2Fmedia&parent=39643"}],"wp:term":[{"taxonomy":"category","embeddable":true,"href":"https:\/\/infonews.az\/index.php?rest_route=%2Fwp%2Fv2%2Fcategories&post=39643"},{"taxonomy":"post_tag","embeddable":true,"href":"https:\/\/infonews.az\/index.php?rest_route=%2Fwp%2Fv2%2Ftags&post=39643"}],"curies":[{"name":"wp","href":"https:\/\/api.w.org\/{rel}","templated":true}]}}