{"id":39667,"date":"2024-02-01T12:26:13","date_gmt":"2024-02-01T08:26:13","guid":{"rendered":"https:\/\/infonews.az\/?p=39667"},"modified":"2024-02-01T12:26:13","modified_gmt":"2024-02-01T08:26:13","slug":"milli-m%c9%99clisin-intizam-komissiyasi-yenid%c9%99n-formalasdirilib","status":"publish","type":"post","link":"https:\/\/infonews.az\/?p=39667","title":{"rendered":"Milli M\u0259clisin \u0130ntizam komissiyas\u0131 yenid\u0259n formala\u015fd\u0131r\u0131l\u0131b"},"content":{"rendered":"<blockquote><p>Bu g\u00fcn Milli M\u0259clisin yaz sessiyas\u0131 \u00e7\u0259r\u00e7iv\u0259sind\u0259 ilk plenar iclas\u0131nda \u201cAz\u0259rbaycan Respublikas\u0131 Milli M\u0259clisi \u0130ntizam komissiyas\u0131n\u0131n yarad\u0131lmas\u0131 haqq\u0131nda\u201d q\u0259rar layih\u0259si m\u00fczakir\u0259y\u0259 \u00e7\u0131xar\u0131l\u0131b.<\/p><\/blockquote>\n<p><a href=\"https:\/\/infonews.az\/?p=39547\"><strong>\u201c\u0130NFONEWS\u201d<\/strong><\/a> -\u00fcn x\u0259b\u0259rin\u0259 g\u00f6r\u0259, layih\u0259y\u0259 \u0259sas\u0259n, \u0130ntizam komissiyas\u0131n\u0131n t\u0259rkibinin a\u015fa\u011f\u0131dak\u0131 kimi formala\u015fd\u0131r\u0131lmas\u0131 t\u0259klif edilib:<\/p>\n<p>1. A\u011famal\u0131 F\u0259zail R\u0259him o\u011flu<\/p>\n<p>2. H\u0259s\u0259nov Nurlan Urfan o\u011flu<\/p>\n<p>3. H\u0259s\u0259nova Af\u0259t \u018fbil q\u0131z\u0131<\/p>\n<p>4. \u0130brahimq\u0131z\u0131 M\u0259lah\u0259t \u0130brahim q\u0131z\u0131<\/p>\n<p>5. \u0130brahimov Eldar Rza o\u011flu<\/p>\n<p>6. Qafarov K\u0259mal\u0259ddin N\u0259sr\u0259ddin o\u011flu<\/p>\n<p>7. M\u0259h\u0259m\u0259liyev N\u0259sib M\u0259h\u0259mm\u0259d o\u011flu<\/p>\n<p>8. M\u0259mm\u0259dov Hikm\u0259t Baba o\u011flu<\/p>\n<p>9. M\u0259mm\u0259dov M\u0259\u015fhur \u015eahbaz o\u011flu<\/p>\n<p>10. M\u00f6hbal\u0131yev S\u0259ttar Suliddin o\u011flu<\/p>\n<p>11. S\u0259f\u0259rov Nizami Abdulla o\u011flu<\/p>\n<p>Bel\u0259likl\u0259, \u0130ntizam komissiyas\u0131nda m\u0259rhum deputat Mad\u0259r Musayevi K\u0259mal\u0259ddin Qafarovun \u0259v\u0259zl\u0259m\u0259si t\u0259klif edilib.<\/p>\n<p>Layih\u0259 s\u0259sverm\u0259y\u0259 \u00e7\u0131xar\u0131laraq bir oxunu\u015fda q\u0259bul edilib.<\/p>\n","protected":false},"excerpt":{"rendered":"<p>Bu g\u00fcn Milli M\u0259clisin yaz sessiyas\u0131 \u00e7\u0259r\u00e7iv\u0259sind\u0259 ilk plenar iclas\u0131nda \u201cAz\u0259rbaycan Respublikas\u0131 Milli M\u0259clisi \u0130ntizam komissiyas\u0131n\u0131n yarad\u0131lmas\u0131 haqq\u0131nda\u201d q\u0259rar layih\u0259si m\u00fczakir\u0259y\u0259 \u00e7\u0131xar\u0131l\u0131b. \u201c\u0130NFONEWS\u201d -\u00fcn x\u0259b\u0259rin\u0259 g\u00f6r\u0259, layih\u0259y\u0259 \u0259sas\u0259n, \u0130ntizam komissiyas\u0131n\u0131n&hellip; <\/p>\n","protected":false},"author":30,"featured_media":39668,"comment_status":"open","ping_status":"open","sticky":false,"template":"","format":"standard","meta":{"_mi_skip_tracking":false,"_monsterinsights_sitenote_active":false,"_monsterinsights_sitenote_note":"","_monsterinsights_sitenote_category":0,"footnotes":""},"categories":[10170,10363,11],"tags":[205,12555,53,4601],"aioseo_notices":[],"_links":{"self":[{"href":"https:\/\/infonews.az\/index.php?rest_route=\/wp\/v2\/posts\/39667"}],"collection":[{"href":"https:\/\/infonews.az\/index.php?rest_route=\/wp\/v2\/posts"}],"about":[{"href":"https:\/\/infonews.az\/index.php?rest_route=\/wp\/v2\/types\/post"}],"author":[{"embeddable":true,"href":"https:\/\/infonews.az\/index.php?rest_route=\/wp\/v2\/users\/30"}],"replies":[{"embeddable":true,"href":"https:\/\/infonews.az\/index.php?rest_route=%2Fwp%2Fv2%2Fcomments&post=39667"}],"version-history":[{"count":1,"href":"https:\/\/infonews.az\/index.php?rest_route=\/wp\/v2\/posts\/39667\/revisions"}],"predecessor-version":[{"id":39669,"href":"https:\/\/infonews.az\/index.php?rest_route=\/wp\/v2\/posts\/39667\/revisions\/39669"}],"wp:featuredmedia":[{"embeddable":true,"href":"https:\/\/infonews.az\/index.php?rest_route=\/wp\/v2\/media\/39668"}],"wp:attachment":[{"href":"https:\/\/infonews.az\/index.php?rest_route=%2Fwp%2Fv2%2Fmedia&parent=39667"}],"wp:term":[{"taxonomy":"category","embeddable":true,"href":"https:\/\/infonews.az\/index.php?rest_route=%2Fwp%2Fv2%2Fcategories&post=39667"},{"taxonomy":"post_tag","embeddable":true,"href":"https:\/\/infonews.az\/index.php?rest_route=%2Fwp%2Fv2%2Ftags&post=39667"}],"curies":[{"name":"wp","href":"https:\/\/api.w.org\/{rel}","templated":true}]}}