{"id":39694,"date":"2024-02-01T13:21:52","date_gmt":"2024-02-01T09:21:52","guid":{"rendered":"https:\/\/infonews.az\/?p=39694"},"modified":"2024-02-01T13:21:52","modified_gmt":"2024-02-01T09:21:52","slug":"deputat-az%c9%99rbaycanda-qida-z%c9%99h%c9%99rl%c9%99nm%c9%99si-hallari-artib","status":"publish","type":"post","link":"https:\/\/infonews.az\/?p=39694","title":{"rendered":"Deputat: \u201cAz\u0259rbaycanda qida z\u0259h\u0259rl\u0259nm\u0259si hallar\u0131 art\u0131b\u201d"},"content":{"rendered":"<blockquote><p>Milli M\u0259clisin deputat\u0131 Azay Quliyev son zamanlar Az\u0259rbaycanda qida z\u0259h\u0259rl\u0259nm\u0259si hallar\u0131n\u0131n artd\u0131\u011f\u0131n\u0131 bildirib.<\/p><\/blockquote>\n<p><a href=\"https:\/\/infonews.az\/?p=39547\"><strong>\u201c\u0130NFONEWS\u201d<\/strong><\/a>-\u00fcn m\u0259lumat\u0131na g\u00f6r\u0259, parlamentin bug\u00fcnk\u00fc plenar iclas\u0131nda \u201cQida t\u0259hl\u00fck\u0259sizliyi haqq\u0131nda\u201d qanuna t\u0259klif edil\u0259n d\u0259yi\u015fikl\u0259rin m\u00fczakir\u0259si zaman\u0131 dan\u0131\u015fan deputat bildirib ki, bu m\u0259s\u0259l\u0259d\u0259 statistika d\u00fczg\u00fcn apar\u0131lmal\u0131d\u0131r.<\/p>\n<p>O s\u00f6yl\u0259yib ki, qida z\u0259h\u0259rl\u0259nm\u0259l\u0259rind\u0259n \u00f6l\u0259nl\u0259rin say\u0131 art\u0131b: \u201cBu da S\u0259hiyy\u0259 Nazirliyi v\u0259 Az\u0259rbaycan Qida T\u0259h\u00fclk\u0259sizliyi Agentliyi (AQTA) \u00fc\u00e7\u00fcn ciddi siqnal olmal\u0131d\u0131r. Bu kimi hallar\u0131n s\u0259b\u0259bl\u0259ri il\u0259 ba\u011fl\u0131 ictimaiyy\u0259t\u0259 m\u0259lumat verilm\u0259lidir\u201d.<\/p>\n<p>A.Quliyev eyni zamanda vur\u011fulay\u0131b ki, AQTA t\u0259k qidan\u0131n t\u0259hl\u00fck\u0259sizliyin\u0259 yox, el\u0259c\u0259 d\u0259 keyfiyy\u0259t m\u0259sl\u0259sin\u0259 d\u0259 fikir verm\u0259lidir: \u201cBu g\u00fcn bazarda keyfiyy\u0259ti a\u015fa\u011f\u0131 v\u0259 t\u0259hl\u00fck\u0259li qida m\u0259hsullar\u0131 sat\u0131l\u0131r. Bundan ba\u015fqa, keyfiyy\u0259tsiz v\u0259 t\u0259hl\u00fck\u0259li qidalar s\u0259rh\u0259di ke\u00e7\u0259r\u0259k \u00f6lk\u0259y\u0259 daxil olur. Bu m\u0259s\u0259l\u0259y\u0259 ciddi yana\u015fmaq laz\u0131md\u0131r\u201d.<\/p>\n","protected":false},"excerpt":{"rendered":"<p>Milli M\u0259clisin deputat\u0131 Azay Quliyev son zamanlar Az\u0259rbaycanda qida z\u0259h\u0259rl\u0259nm\u0259si hallar\u0131n\u0131n artd\u0131\u011f\u0131n\u0131 bildirib. \u201c\u0130NFONEWS\u201d-\u00fcn m\u0259lumat\u0131na g\u00f6r\u0259, parlamentin bug\u00fcnk\u00fc plenar iclas\u0131nda \u201cQida t\u0259hl\u00fck\u0259sizliyi haqq\u0131nda\u201d qanuna t\u0259klif edil\u0259n d\u0259yi\u015fikl\u0259rin m\u00fczakir\u0259si zaman\u0131 dan\u0131\u015fan&hellip; <\/p>\n","protected":false},"author":30,"featured_media":39695,"comment_status":"open","ping_status":"open","sticky":false,"template":"","format":"standard","meta":{"_mi_skip_tracking":false,"_monsterinsights_sitenote_active":false,"_monsterinsights_sitenote_note":"","_monsterinsights_sitenote_category":0,"footnotes":""},"categories":[10363,11],"tags":[12564,52,12566,205,53,11678,5610,12563,12565],"aioseo_notices":[],"_links":{"self":[{"href":"https:\/\/infonews.az\/index.php?rest_route=\/wp\/v2\/posts\/39694"}],"collection":[{"href":"https:\/\/infonews.az\/index.php?rest_route=\/wp\/v2\/posts"}],"about":[{"href":"https:\/\/infonews.az\/index.php?rest_route=\/wp\/v2\/types\/post"}],"author":[{"embeddable":true,"href":"https:\/\/infonews.az\/index.php?rest_route=\/wp\/v2\/users\/30"}],"replies":[{"embeddable":true,"href":"https:\/\/infonews.az\/index.php?rest_route=%2Fwp%2Fv2%2Fcomments&post=39694"}],"version-history":[{"count":1,"href":"https:\/\/infonews.az\/index.php?rest_route=\/wp\/v2\/posts\/39694\/revisions"}],"predecessor-version":[{"id":39696,"href":"https:\/\/infonews.az\/index.php?rest_route=\/wp\/v2\/posts\/39694\/revisions\/39696"}],"wp:featuredmedia":[{"embeddable":true,"href":"https:\/\/infonews.az\/index.php?rest_route=\/wp\/v2\/media\/39695"}],"wp:attachment":[{"href":"https:\/\/infonews.az\/index.php?rest_route=%2Fwp%2Fv2%2Fmedia&parent=39694"}],"wp:term":[{"taxonomy":"category","embeddable":true,"href":"https:\/\/infonews.az\/index.php?rest_route=%2Fwp%2Fv2%2Fcategories&post=39694"},{"taxonomy":"post_tag","embeddable":true,"href":"https:\/\/infonews.az\/index.php?rest_route=%2Fwp%2Fv2%2Ftags&post=39694"}],"curies":[{"name":"wp","href":"https:\/\/api.w.org\/{rel}","templated":true}]}}