{"id":39721,"date":"2024-02-01T17:49:46","date_gmt":"2024-02-01T13:49:46","guid":{"rendered":"https:\/\/infonews.az\/?p=39721"},"modified":"2024-02-01T17:49:46","modified_gmt":"2024-02-01T13:49:46","slug":"bundan-sonra-da-g%c9%99ncl%c9%99rimiz-v%c9%99t%c9%99nin-mudafi%c9%99sin%c9%99-hazir-olmalidirlar-sahin-rehmanli","status":"publish","type":"post","link":"https:\/\/infonews.az\/?p=39721","title":{"rendered":"\u201cBundan sonra da g\u0259ncl\u0259rimiz V\u0259t\u0259nin m\u00fcdafi\u0259sin\u0259 haz\u0131r olmal\u0131d\u0131rlar\u201d- \u015eahin R\u018fHMANLI"},"content":{"rendered":"<p><span style=\"color: #ffffff;\">\u201cBundan sonra da g\u0259ncl\u0259rimiz V\u0259t\u0259nin m\u00fcdafi\u0259sin\u0259 haz\u0131r olmal\u0131d\u0131rlar\u201d- \u015eahin R\u018fHMANLI<\/span><\/p>\n<p><a href=\"https:\/\/infonews.az\/?p=39721\"><span style=\"color: #333399;\"><strong>&#8220;\u0130NFONEWS&#8221;<\/strong> <\/span><\/a>t\u0259qdim edir:<\/p>\n<p style=\"text-align: center;\"><strong>BUNDAN SONRA DA G\u018fNCL\u018fR\u0130M\u0130Z V\u018fT\u018fN\u0130N M\u00dcDAF\u0130\u018fS\u0130N\u018f HAZIR OLMALIDIR<\/strong><\/p>\n<p>Bu g\u00fcn 2 Fevral \u2013 Az\u0259rbaycan G\u0259ncl\u0259ri G\u00fcn\u00fcd\u00fcr. Bu m\u00fcnasib\u0259tl\u0259 m\u0259n b\u00fct\u00fcn Az\u0259rbaycan g\u0259ncliyini t\u0259brik edir, onlara u\u011furlar arzulay\u0131ram. Az\u0259rbaycan\u0131n parlaq g\u0259l\u0259c\u0259yi m\u0259hz g\u0259ncl\u0259rimizin z\u0259hm\u0259tke\u015fliyi, f\u0259dakarl\u0131 v\u0259 yarad\u0131c\u0131l\u0131\u011f\u0131na ehtiyac duyur. G\u0259ncl\u0259r h\u0259r bir d\u00f6vl\u0259tin h\u0259r\u0259k\u0259tverici q\u00fcvv\u0259si olmaqla yana\u015f\u0131, h\u0259m d\u0259 \u00fcmummilli m\u0259s\u0259l\u0259l\u0259rd\u0259 h\u0259lledici m\u00f6vqey\u0259 sahibdir.<\/p>\n<p>D\u00f6vl\u0259t g\u0259ncl\u0259r siyas\u0259tinin \u0259sas fundamental t\u0259m\u0259ll\u0259rini atark\u0259n Ulu \u00d6nd\u0259r Heyd\u0259r \u018fliyev m\u00fcasir Az\u0259rbaycan g\u0259ncl\u0259rinin qar\u015f\u0131s\u0131nda m\u00fch\u00fcm tarixi v\u0259zif\u0259l\u0259ri m\u00fc\u0259yy\u0259nl\u0259\u015fdirdi. H\u0259min d\u00f6vrd\u0259 m\u00fcxt\u0259lif t\u0259hl\u00fck\u0259l\u0259rin \u2013 m\u00fcharib\u0259 \u015f\u0259raiti, sosial probleml\u0259r, ideoloji basq\u0131lar fonunda g\u0259ncl\u0259rin enerjisinin, dinamikas\u0131n\u0131n \u00f6lk\u0259mizin milli maraqlar\u0131 u\u011frunda s\u0259f\u0259rb\u0259r edilm\u0259si, m\u00fcasir Az\u0259rbaycan\u00e7\u0131l\u0131q ideologiyas\u0131 \u0259sas\u0131nda, v\u0259t\u0259np\u0259rv\u0259rlik ruhunda t\u0259rbiy\u0259si i\u015finin t\u0259\u015fkili m\u0259hz uzaqg\u00f6r\u0259n siyas\u0259tin ana x\u0259tti idi.<\/p>\n<p>M\u0259hz Ulu \u00d6nd\u0259rin hakimiyy\u0259t\u0259 g\u0259li\u015find\u0259n sonra \u00f6lk\u0259d\u0259 g\u0259ncl\u0259r sah\u0259sin\u0259 x\u00fcsusi diqq\u0259t ayr\u0131lmas\u0131, ilk ixtisasla\u015fm\u0131\u015f d\u00f6vl\u0259t qurumunun G\u0259ncl\u0259r v\u0259 \u0130dman Nazirliyi olmas\u0131, Az\u0259rbaycan G\u0259ncl\u0259rinin I Forumu, 1997-c\u0131 ild\u0259 2 Fevral \u2013 G\u0259ncl\u0259r G\u00fcn\u00fcn\u00fcn t\u0259sis olunmas\u0131 (M\u0259hz Beyn\u0259lxalq G\u0259ncl\u0259r G\u00fcn\u00fcnd\u0259n \u00f6nc\u0259, o 1998-d\u0259 q\u0259bul olunub) kimi bir s\u0131ra g\u00f6r\u00fclm\u00fc\u015f i\u015fl\u0259ri qeyd ed\u0259 bil\u0259rik. T\u0259bii ki, \u00dcmummilli Lider h\u0259r bir zaman Az\u0259rbaycan g\u0259ncini v\u0259t\u0259np\u0259rv\u0259r, savadl\u0131, intellektual v\u0259 r\u0259qab\u0259t\u0259davaml\u0131 g\u00f6rm\u0259k ist\u0259yirdi. O zamanlardan g\u0259ncl\u0259rin n\u00fcfuzlu ali t\u0259hsil m\u00fc\u0259ssis\u0259l\u0259rind\u0259 t\u0259hsil almalar\u0131na \u015f\u0259raitin yarad\u0131lmas\u0131, orduda ruh y\u00fcks\u0259kliyinin art\u0131r\u0131lmas\u0131 kimi bir s\u0131ra m\u00fch\u00fcm add\u0131mlar at\u0131l\u0131b ki, bu add\u0131mlar 30 il sonra tarixi \u0259dal\u0259tin b\u0259rpas\u0131nda Az\u0259rbaycan g\u0259ncliyinin b\u00fct\u00fcn m\u00fcsb\u0259t keyfiyy\u0259tl\u0259ri il\u0259 bir yumruqt\u0259k Ali Ba\u015f Komandan\u0131n \u0259traf\u0131nda s\u0131x birl\u0259\u015fm\u0259si il\u0259 n\u0259tic\u0259l\u0259n\u0259c\u0259kdi.<\/p>\n<p>Prezident \u0130lham \u018fliyevin f\u0259aliyy\u0259ti d\u00f6vr\u00fcnd\u0259 \u00f6lk\u0259 g\u0259ncliyin\u0259 g\u00f6st\u0259ril\u0259n daimi diqq\u0259t u\u011furla davam etdirilib. \u201cAz\u0259rbaycan G\u0259ncliyi\u201d D\u00f6vl\u0259t Proqramlar\u0131, \u201cAz\u0259rbaycan G\u0259ncliyinin 2015-2025-ci ill\u0259rd\u0259 \u0130nki\u015faf Strategiyas\u0131\u201d, g\u0259ncl\u0259rin d\u00fcnyan\u0131n n\u00fcfuzlu ali t\u0259hsil m\u00fc\u0259ssis\u0259l\u0259rind\u0259 t\u0259hsil almas\u0131 \u00fc\u00e7\u00fcn q\u0259bul olunan D\u00f6vl\u0259t proqramlar\u0131, G\u0259ncl\u0259r \u00fc\u00e7\u00fcn Prezident m\u00fckafatlar\u0131, \u201cHeyd\u0259r \u018fliyev ad\u0131na T\u0259qa\u00fcd\u201d, \u201cG\u0259nc istedadlar\u0131n q\u0131z\u0131l kitab\u0131\u201d, \u201cY\u00fcks\u0259li\u015f m\u00fcsabiq\u0259si\u201d \u2013 b\u00fct\u00fcn bunlar d\u00f6vl\u0259tin h\u0259yata ke\u00e7irdiyi u\u011furlu g\u0259ncl\u0259r siyas\u0259tinin motivl\u0259rind\u0259ndir.<\/p>\n<p>Lakin \u0259n \u0259sas m\u0259qam g\u0259ncl\u0259rin v\u0259t\u0259np\u0259rv\u0259r v\u0259 milli ruhda formala\u015fd\u0131r\u0131lmas\u0131d\u0131r. M\u00fcz\u0259ff\u0259r Ali Ba\u015f Komandan c\u0259nab \u0130lham \u018fliyevin r\u0259hb\u0259rliyi il\u0259 \u0259sas\u0131 g\u0259ncl\u0259rd\u0259n t\u0259\u015fkil olunmu\u015f ordumuzun V\u0259t\u0259n m\u00fcharib\u0259sind\u0259 qazanm\u0131\u015f oldu\u011fu misilsiz q\u0259l\u0259b\u0259 bir daha s\u00fcbut etdi ki, bug\u00fcnk\u00fc g\u0259nclik v\u0259t\u0259np\u0259rv\u0259rdir, g\u00fccl\u00fcd\u00fcr, milli-m\u0259n\u0259vi d\u0259y\u0259rl\u0259rin\u0259 sadiqdir. Az\u0259rbaycan G\u0259ncl\u0259ri G\u00fcn\u00fcn\u00fcn 25 illiyin\u0259 h\u0259sr olunmu\u015f t\u0259dbird\u0259 Prezident \u0130lham \u018fliyev d\u00f6vl\u0259t g\u0259ncl\u0259r siyas\u0259ti haqq\u0131nda dan\u0131\u015fark\u0259n qeyd edirdi: \u201c\u00c7ox \u015fadam, f\u0259xr edir\u0259m ki, V\u0259t\u0259n u\u011frunda, torpaq u\u011frunda qaba\u011fa ged\u0259nl\u0259rin \u0259ks\u0259riyy\u0259ti g\u0259ncl\u0259r idi. Bu, h\u0259r birimiz \u00fc\u00e7\u00fcn q\u00fcrur m\u0259nb\u0259yidir. \u00c7\u00fcnki el\u0259 bir g\u0259nc n\u0259sil yeti\u015fdi ki, h\u0259tta Qaraba\u011f\u0131 g\u00f6rm\u0259y\u0259n, o ac\u0131 tarixi g\u00f6rm\u0259y\u0259n g\u0259ncl\u0259r Qaraba\u011f u\u011frunda, V\u0259t\u0259n u\u011frunda, milli l\u0259yaq\u0259t u\u011frunda \u00f6l\u00fcm\u0259 gedirdil\u0259r v\u0259 \u015f\u0259hid oldular, qazi oldular v\u0259 m\u00fcz\u0259ff\u0259r Ordumuzun \u015f\u00f6hr\u0259tini y\u00fcks\u0259kl\u0259r\u0259 qald\u0131rd\u0131lar. \u018fg\u0259r bu siyas\u0259t olmasayd\u0131, \u0259g\u0259r g\u0259ncl\u0259r v\u0259t\u0259np\u0259rv\u0259rlik ruhunda t\u0259rbiy\u0259 almasayd\u0131lar, bilm\u0259k olmazd\u0131 m\u00fcharib\u0259nin n\u0259tic\u0259l\u0259ri nec\u0259 ola bil\u0259rdi\u201d. G\u00f6r\u00fc\u015f zaman\u0131 x\u00fcsusil\u0259 postm\u00fcharib\u0259 d\u00f6vr\u00fcn\u00fcn yeni \u00e7a\u011f\u0131r\u0131\u015flar\u0131 fonunda Az\u0259rbaycan g\u0259ncliyinin inki\u015faf tendensiyalar\u0131 d\u00f6vl\u0259t ba\u015f\u00e7\u0131s\u0131 t\u0259r\u0259find\u0259n inc\u0259likl\u0259 vur\u011fuland\u0131.<\/p>\n<p>B\u00fct\u00fcn bu istiqam\u0259tl\u0259ri n\u0259z\u0259r\u0259 alaraq, g\u0259ncl\u0259rimiz bundan sonra da, v\u0259t\u0259np\u0259rv\u0259r, fiziki v\u0259 zehni haz\u0131rl\u0131ql\u0131 olmal\u0131, Qaraba\u011f\u0131n, \u00f6lk\u0259mizin h\u0259r bir regionunun quruculu\u011funda rol almal\u0131, d\u00f6vl\u0259t maraqlar\u0131n\u0131 h\u0259r \u015feyd\u0259n \u00fcst\u00fcn tutmal\u0131, h\u0259r hans\u0131 bir t\u0259hdid\u0259 qar\u015f\u0131 daim m\u00fcdafi\u0259y\u0259 haz\u0131r olmal\u0131d\u0131rlar.<\/p>\n<p>M\u0259xsusi olaraq qeyd etm\u0259liyik ki, Az\u0259rbaycan g\u0259ncliyi 44 g\u00fcnl\u00fck V\u0259t\u0259n m\u00fcharib\u0259sind\u0259n sonra d\u00f6vl\u0259t suverenliyinin t\u0259min olunmas\u0131nda da f\u0259al i\u015ftirak etdi. 19-20 sentyabr tarixl\u0259rind\u0259 \u00a0ba\u015f tutmu\u015f lokal xarakterli antiterror t\u0259dbirl\u0259ri n\u0259tic\u0259sind\u0259 Xank\u0259ndi, Xocal\u0131, Xocav\u0259nd, A\u011fd\u0259r\u0259 \u015f\u0259h\u0259rl\u0259ri v\u0259 dig\u0259r \u0259razil\u0259rimizd\u0259 d\u00f6vl\u0259t suverenliyi t\u0259min olunaraq, Az\u0259rbaycan Respublikas\u0131n\u0131n D\u00f6vl\u0259t Bayra\u011f\u0131 ucald\u0131ld\u0131.<\/p>\n<p>Qar\u015f\u0131dak\u0131 g\u00fcnl\u0259rd\u0259 xalq\u0131m\u0131z daha bir m\u00fch\u00fcm hadis\u0259y\u0259 \u015fahidlik ed\u0259c\u0259k. 7 fevral tarixind\u0259 Az\u0259rbaycan Respublikas\u0131 Prezidentinin se\u00e7kil\u0259ri ilk d\u0259f\u0259dir ki, respublikam\u0131z\u0131n b\u00fct\u00fcn b\u00f6lg\u0259l\u0259rind\u0259 h\u0259yata ke\u00e7iril\u0259c\u0259k. F\u00fcrs\u0259td\u0259n istifad\u0259 ed\u0259r\u0259k, g\u0259ncl\u0259rimizi v\u0259 b\u00fct\u00fcn v\u0259t\u0259nda\u015flar\u0131m\u0131z\u0131 se\u00e7kil\u0259rd\u0259 f\u0259al i\u015ftirak etm\u0259y\u0259 \u00e7a\u011f\u0131r\u0131ram. \u018fminik ki, b\u00fct\u00fcn \u00fcmummilli m\u0259s\u0259l\u0259l\u0259rd\u0259 oldu\u011fu kimi Az\u0259rbaycan g\u0259ncliyi bu se\u00e7kil\u0259rd\u0259 d\u0259 \u00f6z f\u0259all\u0131\u011f\u0131n\u0131 n\u00fcmayi\u015f etdir\u0259r\u0259k, V\u0259t\u0259n \u00fc\u00e7\u00fcn, g\u0259nclik \u00fc\u00e7\u00fcn, g\u0259l\u0259c\u0259k \u00fc\u00e7\u00fcn \u0130R\u018fL\u0130 dey\u0259c\u0259kl\u0259r.<\/p>\n<p><strong><em>\u015eahin R\u018fHMANLI<\/em><\/strong><\/p>\n<p>\u201c\u0130R\u018fL\u0130\u201d \u0130ctimai Birliyinin s\u0259dri<\/p>\n","protected":false},"excerpt":{"rendered":"<p>\u201cBundan sonra da g\u0259ncl\u0259rimiz V\u0259t\u0259nin m\u00fcdafi\u0259sin\u0259 haz\u0131r olmal\u0131d\u0131rlar\u201d- \u015eahin R\u018fHMANLI &#8220;\u0130NFONEWS&#8221; t\u0259qdim edir: BUNDAN SONRA DA G\u018fNCL\u018fR\u0130M\u0130Z V\u018fT\u018fN\u0130N M\u00dcDAF\u0130\u018fS\u0130N\u018f HAZIR OLMALIDIR Bu g\u00fcn 2 Fevral \u2013 Az\u0259rbaycan G\u0259ncl\u0259ri G\u00fcn\u00fcd\u00fcr. Bu&hellip; <\/p>\n","protected":false},"author":14,"featured_media":39722,"comment_status":"open","ping_status":"open","sticky":false,"template":"","format":"standard","meta":{"_mi_skip_tracking":false,"_monsterinsights_sitenote_active":false,"_monsterinsights_sitenote_note":"","_monsterinsights_sitenote_category":0,"footnotes":""},"categories":[5373,4,11],"tags":[9711,15,12356],"aioseo_notices":[],"_links":{"self":[{"href":"https:\/\/infonews.az\/index.php?rest_route=\/wp\/v2\/posts\/39721"}],"collection":[{"href":"https:\/\/infonews.az\/index.php?rest_route=\/wp\/v2\/posts"}],"about":[{"href":"https:\/\/infonews.az\/index.php?rest_route=\/wp\/v2\/types\/post"}],"author":[{"embeddable":true,"href":"https:\/\/infonews.az\/index.php?rest_route=\/wp\/v2\/users\/14"}],"replies":[{"embeddable":true,"href":"https:\/\/infonews.az\/index.php?rest_route=%2Fwp%2Fv2%2Fcomments&post=39721"}],"version-history":[{"count":1,"href":"https:\/\/infonews.az\/index.php?rest_route=\/wp\/v2\/posts\/39721\/revisions"}],"predecessor-version":[{"id":39723,"href":"https:\/\/infonews.az\/index.php?rest_route=\/wp\/v2\/posts\/39721\/revisions\/39723"}],"wp:featuredmedia":[{"embeddable":true,"href":"https:\/\/infonews.az\/index.php?rest_route=\/wp\/v2\/media\/39722"}],"wp:attachment":[{"href":"https:\/\/infonews.az\/index.php?rest_route=%2Fwp%2Fv2%2Fmedia&parent=39721"}],"wp:term":[{"taxonomy":"category","embeddable":true,"href":"https:\/\/infonews.az\/index.php?rest_route=%2Fwp%2Fv2%2Fcategories&post=39721"},{"taxonomy":"post_tag","embeddable":true,"href":"https:\/\/infonews.az\/index.php?rest_route=%2Fwp%2Fv2%2Ftags&post=39721"}],"curies":[{"name":"wp","href":"https:\/\/api.w.org\/{rel}","templated":true}]}}