{"id":39739,"date":"2024-02-02T09:20:52","date_gmt":"2024-02-02T05:20:52","guid":{"rendered":"https:\/\/infonews.az\/?p=39739"},"modified":"2024-02-02T09:44:29","modified_gmt":"2024-02-02T05:44:29","slug":"prezidentd%c9%99n-az%c9%99rbaycan-g%c9%99ncl%c9%99ri-gunu-munasib%c9%99til%c9%99-paylasim","status":"publish","type":"post","link":"https:\/\/infonews.az\/?p=39739","title":{"rendered":"Prezidentd\u0259n Az\u0259rbaycan G\u0259ncl\u0259ri G\u00fcn\u00fc m\u00fcnasib\u0259til\u0259 PAYLA\u015eIM"},"content":{"rendered":"<p><span style=\"color: #ffffff;\">Prezidentd\u0259n Az\u0259rbaycan G\u0259ncl\u0259ri G\u00fcn\u00fc m\u00fcnasib\u0259til\u0259 PAYLA\u015eIM <\/span><\/p>\n<blockquote><p>Az\u0259rbaycan Respublikas\u0131n\u0131n Prezidenti \u0130lham \u018fliyev 2 Fevral \u2013 Az\u0259rbaycan G\u0259ncl\u0259ri G\u00fcn\u00fc m\u00fcnasib\u0259til\u0259 sosial \u015f\u0259b\u0259k\u0259 hesablar\u0131nda payla\u015f\u0131m edib.<\/p><\/blockquote>\n<p><a href=\"https:\/\/infonews.az\/?p=39739\"><strong><span style=\"color: #333399;\">&#8220;\u0130NFONEWS&#8221;<\/span> <\/strong><\/a>x\u0259b\u0259r verir ki, Prezident \u0130lham \u018fliyev payla\u015f\u0131m\u0131nda qeyd edib: \u201cBizim g\u0259ncl\u0259r art\u0131q m\u00fcz\u0259ff\u0259r xalq\u0131n n\u00fcmay\u0259nd\u0259l\u0259ri kimi b\u00f6y\u00fcy\u0259c\u0259kl\u0259r\u201d.<\/p>\n<p><img loading=\"lazy\" decoding=\"async\" class=\"aligncenter size-full wp-image-39740\" src=\"https:\/\/infonews.az\/wp-content\/uploads\/2024\/02\/17068087376307717753_1200x630.jpg\" alt=\"\" width=\"924\" height=\"630\" srcset=\"https:\/\/infonews.az\/wp-content\/uploads\/2024\/02\/17068087376307717753_1200x630.jpg 924w, https:\/\/infonews.az\/wp-content\/uploads\/2024\/02\/17068087376307717753_1200x630-300x205.jpg 300w, https:\/\/infonews.az\/wp-content\/uploads\/2024\/02\/17068087376307717753_1200x630-768x524.jpg 768w\" sizes=\"(max-width: 924px) 100vw, 924px\" \/><\/p>\n","protected":false},"excerpt":{"rendered":"<p>Prezidentd\u0259n Az\u0259rbaycan G\u0259ncl\u0259ri G\u00fcn\u00fc m\u00fcnasib\u0259til\u0259 PAYLA\u015eIM Az\u0259rbaycan Respublikas\u0131n\u0131n Prezidenti \u0130lham \u018fliyev 2 Fevral \u2013 Az\u0259rbaycan G\u0259ncl\u0259ri G\u00fcn\u00fc m\u00fcnasib\u0259til\u0259 sosial \u015f\u0259b\u0259k\u0259 hesablar\u0131nda payla\u015f\u0131m edib. &#8220;\u0130NFONEWS&#8221; x\u0259b\u0259r verir ki, Prezident \u0130lham \u018fliyev&hellip; <\/p>\n","protected":false},"author":14,"featured_media":39740,"comment_status":"open","ping_status":"open","sticky":false,"template":"","format":"standard","meta":{"_mi_skip_tracking":false,"_monsterinsights_sitenote_active":false,"_monsterinsights_sitenote_note":"","_monsterinsights_sitenote_category":0,"footnotes":""},"categories":[5373,4,11],"tags":[9711,1008,15],"aioseo_notices":[],"_links":{"self":[{"href":"https:\/\/infonews.az\/index.php?rest_route=\/wp\/v2\/posts\/39739"}],"collection":[{"href":"https:\/\/infonews.az\/index.php?rest_route=\/wp\/v2\/posts"}],"about":[{"href":"https:\/\/infonews.az\/index.php?rest_route=\/wp\/v2\/types\/post"}],"author":[{"embeddable":true,"href":"https:\/\/infonews.az\/index.php?rest_route=\/wp\/v2\/users\/14"}],"replies":[{"embeddable":true,"href":"https:\/\/infonews.az\/index.php?rest_route=%2Fwp%2Fv2%2Fcomments&post=39739"}],"version-history":[{"count":1,"href":"https:\/\/infonews.az\/index.php?rest_route=\/wp\/v2\/posts\/39739\/revisions"}],"predecessor-version":[{"id":39741,"href":"https:\/\/infonews.az\/index.php?rest_route=\/wp\/v2\/posts\/39739\/revisions\/39741"}],"wp:featuredmedia":[{"embeddable":true,"href":"https:\/\/infonews.az\/index.php?rest_route=\/wp\/v2\/media\/39740"}],"wp:attachment":[{"href":"https:\/\/infonews.az\/index.php?rest_route=%2Fwp%2Fv2%2Fmedia&parent=39739"}],"wp:term":[{"taxonomy":"category","embeddable":true,"href":"https:\/\/infonews.az\/index.php?rest_route=%2Fwp%2Fv2%2Fcategories&post=39739"},{"taxonomy":"post_tag","embeddable":true,"href":"https:\/\/infonews.az\/index.php?rest_route=%2Fwp%2Fv2%2Ftags&post=39739"}],"curies":[{"name":"wp","href":"https:\/\/api.w.org\/{rel}","templated":true}]}}