{"id":39818,"date":"2024-02-03T12:59:14","date_gmt":"2024-02-03T08:59:14","guid":{"rendered":"https:\/\/infonews.az\/?p=39818"},"modified":"2024-02-03T22:11:11","modified_gmt":"2024-02-03T18:11:11","slug":"erm%c9%99nistandan-az%c9%99rbaycana-kecm%c9%99k-ist%c9%99y%c9%99n-cexiya-v%c9%99t%c9%99ndasi-saxlanilib","status":"publish","type":"post","link":"https:\/\/infonews.az\/?p=39818","title":{"rendered":"Erm\u0259nistandan Az\u0259rbaycana ke\u00e7m\u0259k ist\u0259y\u0259n \u00c7exiya v\u0259t\u0259nda\u015f\u0131 saxlan\u0131l\u0131b"},"content":{"rendered":"<blockquote><p>Erm\u0259nistandan Az\u0259rbaycana ke\u00e7m\u0259k ist\u0259y\u0259n \u00c7exiya v\u0259t\u0259nda\u015f\u0131 saxlan\u0131l\u0131b.<\/p><\/blockquote>\n<p><a href=\"https:\/\/infonews.az\/\"><strong>\u201c\u0130NFONEWS\u201d<\/strong><\/a>\u00a0x\u0259b\u0259r verir ki, \u00c7exiya v\u0259t\u0259nda\u015f\u0131 Erm\u0259nistan t\u0259r\u0259fd\u0259 minalanm\u0131\u015f zonadan ke\u00e7\u0259r\u0259k Az\u0259rbaycan \u0259razisin\u0259 daxil olub.<\/p>\n<p>M\u00fcvafiq m\u0259lumat \u00c7exiyan\u0131n Az\u0259rbaycandak\u0131 konsullu\u011funa g\u00f6nd\u0259rilib.<\/p>\n<p>Haz\u0131rda faktla ba\u011fl\u0131 ara\u015fd\u0131rma apar\u0131l\u0131r v\u0259 onun \u015f\u0259xsiyy\u0259ti m\u00fc\u0259yy\u0259nl\u0259\u015fdirilir.<\/p>\n<p>Qeyd ed\u0259k ki, son vaxtlar bir s\u0131ra Avropa \u00f6lk\u0259l\u0259rinin, x\u00fcsus\u0259n d\u0259 Fransan\u0131n n\u00fcmay\u0259nd\u0259l\u0259ri Erm\u0259nistan-Az\u0259rbaycan s\u0259rh\u0259dind\u0259 kifay\u0259t q\u0259d\u0259r tez-tez olurlar. Bel\u0259 ki, fevral\u0131n 2-d\u0259 Fransa Milli Jandarmeriyas\u0131n\u0131n briqada general\u0131 Uilyam De Meyer Avropa \u0130ttifaq\u0131n\u0131n Erm\u0259nistandak\u0131 m\u00fclki missiyas\u0131n\u0131n yerl\u0259\u015fdiyi yer\u0259 ba\u015f \u00e7\u0259kib, orada s\u0259rh\u0259dd\u0259ki v\u0259ziyy\u0259tl\u0259 tan\u0131\u015f olub.<\/p>\n<p>B\u00fct\u00fcn bunlar Avropa strukturlar\u0131n\u0131n bu \u0259razid\u0259 k\u0259\u015ffiyyat apard\u0131\u011f\u0131n\u0131 g\u00f6st\u0259r\u0259 bil\u0259r.<\/p>\n","protected":false},"excerpt":{"rendered":"<p>Erm\u0259nistandan Az\u0259rbaycana ke\u00e7m\u0259k ist\u0259y\u0259n \u00c7exiya v\u0259t\u0259nda\u015f\u0131 saxlan\u0131l\u0131b. \u201c\u0130NFONEWS\u201d\u00a0x\u0259b\u0259r verir ki, \u00c7exiya v\u0259t\u0259nda\u015f\u0131 Erm\u0259nistan t\u0259r\u0259fd\u0259 minalanm\u0131\u015f zonadan ke\u00e7\u0259r\u0259k Az\u0259rbaycan \u0259razisin\u0259 daxil olub. M\u00fcvafiq m\u0259lumat \u00c7exiyan\u0131n Az\u0259rbaycandak\u0131 konsullu\u011funa g\u00f6nd\u0259rilib. Haz\u0131rda faktla ba\u011fl\u0131&hellip; <\/p>\n","protected":false},"author":30,"featured_media":39819,"comment_status":"open","ping_status":"open","sticky":false,"template":"","format":"standard","meta":{"_mi_skip_tracking":false,"_monsterinsights_sitenote_active":false,"_monsterinsights_sitenote_note":"","_monsterinsights_sitenote_category":0,"footnotes":""},"categories":[4,6,11],"tags":[10671,866,14,18],"aioseo_notices":[],"_links":{"self":[{"href":"https:\/\/infonews.az\/index.php?rest_route=\/wp\/v2\/posts\/39818"}],"collection":[{"href":"https:\/\/infonews.az\/index.php?rest_route=\/wp\/v2\/posts"}],"about":[{"href":"https:\/\/infonews.az\/index.php?rest_route=\/wp\/v2\/types\/post"}],"author":[{"embeddable":true,"href":"https:\/\/infonews.az\/index.php?rest_route=\/wp\/v2\/users\/30"}],"replies":[{"embeddable":true,"href":"https:\/\/infonews.az\/index.php?rest_route=%2Fwp%2Fv2%2Fcomments&post=39818"}],"version-history":[{"count":1,"href":"https:\/\/infonews.az\/index.php?rest_route=\/wp\/v2\/posts\/39818\/revisions"}],"predecessor-version":[{"id":39820,"href":"https:\/\/infonews.az\/index.php?rest_route=\/wp\/v2\/posts\/39818\/revisions\/39820"}],"wp:featuredmedia":[{"embeddable":true,"href":"https:\/\/infonews.az\/index.php?rest_route=\/wp\/v2\/media\/39819"}],"wp:attachment":[{"href":"https:\/\/infonews.az\/index.php?rest_route=%2Fwp%2Fv2%2Fmedia&parent=39818"}],"wp:term":[{"taxonomy":"category","embeddable":true,"href":"https:\/\/infonews.az\/index.php?rest_route=%2Fwp%2Fv2%2Fcategories&post=39818"},{"taxonomy":"post_tag","embeddable":true,"href":"https:\/\/infonews.az\/index.php?rest_route=%2Fwp%2Fv2%2Ftags&post=39818"}],"curies":[{"name":"wp","href":"https:\/\/api.w.org\/{rel}","templated":true}]}}