{"id":40127,"date":"2024-02-08T16:22:02","date_gmt":"2024-02-08T12:22:02","guid":{"rendered":"https:\/\/infonews.az\/?p=40127"},"modified":"2024-02-08T16:22:02","modified_gmt":"2024-02-08T12:22:02","slug":"serbiyali-deputat-seckil%c9%99r-yuks%c9%99k-s%c9%99viyy%c9%99d%c9%99-kecirilib","status":"publish","type":"post","link":"https:\/\/infonews.az\/?p=40127","title":{"rendered":"Serbiyal\u0131 deputat: &#8220;Se\u00e7kil\u0259r y\u00fcks\u0259k s\u0259viyy\u0259d\u0259 ke\u00e7irilib&#8221;"},"content":{"rendered":"<blockquote><p>M\u00fc\u015fahid\u0259l\u0259rimiz onu dem\u0259y\u0259 \u0259sas verir ki, se\u00e7kil\u0259rd\u0259 konstitusiya h\u00fcquqlar tam t\u0259min edilib v\u0259 se\u00e7kil\u0259r y\u00fcks\u0259k s\u0259viyy\u0259d\u0259 ke\u00e7irilib.<\/p><\/blockquote>\n<p><a href=\"https:\/\/infonews.az\/?p=40040\"><strong>\u201c\u0130NFONEWS\u201d<\/strong><\/a>\u00a0\u00a0x\u0259b\u0259r verir ki, bunu Az\u0259rbaycanda ke\u00e7iril\u0259n n\u00f6vb\u0259d\u0259nk\u0259nar prezident se\u00e7kil\u0259rini izl\u0259y\u0259n Serbiya parlamentinin n\u00fcmay\u0259nd\u0259 hey\u0259tinin r\u0259hb\u0259ri Sandra Bozi\u00e7 fevral\u0131n 8-d\u0259 Bak\u0131da t\u0259\u015fkil olunan m\u0259tbuat konfrans\u0131nda deyib.<\/p>\n<p>O bildirib ki, se\u00e7kil\u0259r y\u00fcks\u0259k s\u0259viyy\u0259d\u0259 t\u0259\u015fkil edilib: &#8220;Burada olmaqdan \u00e7ox \u015fad\u0131q. Bizi n\u00f6vb\u0259d\u0259nk\u0259nar prezident se\u00e7kil\u0259rin\u0259 m\u00fc\u015fahid\u0259\u00e7i kimi d\u0259v\u0259t etdiyin\u0259 g\u00f6r\u0259 Az\u0259rbaycana t\u0259\u015f\u0259kk\u00fcr edirik. D\u00fc\u015f\u00fcn\u00fcr\u0259m ki, bu n\u0259tic\u0259l\u0259r tarixi hadis\u0259dir, texniki s\u0259viyy\u0259d\u0259 \u00e7ox yax\u015f\u0131 t\u0259\u015fkil edilmi\u015f se\u00e7kidir. Bel\u0259 se\u00e7ki ke\u00e7irdiyin\u0259 g\u00f6r\u0259 Az\u0259rbaycan\u0131 t\u0259brik edirik!&#8221;.<\/p>\n<p>&#8220;Se\u00e7ki prosesi \u0259rzind\u0259 Xank\u0259ndi v\u0259 \u015eu\u015fa \u015f\u0259h\u0259rl\u0259rind\u0259 olmu\u015fuq. Bu zaman se\u00e7kil\u0259rin b\u00fct\u00fcn qaydalara uy\u011fun t\u0259\u015fkil etm\u0259sinin \u015fahidi olduq. Bel\u0259 q\u0259na\u0259t\u0259 g\u0259ldik ki, azad se\u00e7kil\u0259rin h\u0259yata ke\u00e7irilm\u0259sin\u0259 t\u0259hdid yaradan qanun pozuntusu olmay\u0131b&#8221;, &#8211; S.Bozi\u00e7 \u0259lav\u0259 edib.<\/p>\n<p>Serbiyal\u0131 deputat vur\u011fulay\u0131b ki, se\u00e7ki m\u0259nt\u0259q\u0259l\u0259rinin \u0259traf\u0131nda v\u0259ziyy\u0259t \u00e7ox sabit olub. Bu da se\u00e7kil\u0259rin yax\u015f\u0131 s\u0259viyy\u0259d\u0259 h\u0259yata ke\u00e7irilm\u0259sin\u0259 \u015f\u0259rait yarad\u0131b:<br \/>\n&#8220;Xarici \u00f6lk\u0259d\u0259n olan m\u00fc\u015fahid\u0259\u00e7i kimi qeyd ed\u0259 bil\u0259r\u0259m ki, b\u00fct\u00fcn m\u0259nt\u0259q\u0259l\u0259r\u0259 azad \u015f\u0259kild\u0259 daxil ola bildik. Se\u00e7kiy\u0259 c\u0259lb olunmu\u015f b\u00fct\u00fcn hey\u0259tin pe\u015f\u0259karl\u0131\u011f\u0131 a\u00e7\u0131q \u015f\u0259kild\u0259 m\u00fc\u015fahid\u0259 edilirdi. Onlar\u0131n yax\u015f\u0131 t\u0259lim g\u00f6rd\u00fcy\u00fc tam ayd\u0131n olurdu&#8221;.<\/p>\n<p>S.Bozi\u00e7 vur\u011fulay\u0131b ki, Az\u0259rbaycan\u0131n demokratik prinsipl\u0259r\u0259 olan sadiqliyi dan\u0131lmazd\u0131r:<br \/>\n&#8220;Prezident \u0130lham \u018fliyevi q\u0259l\u0259b\u0259 m\u00fcnasib\u0259til\u0259 t\u0259brik edir\u0259m&#8221;.<\/p>\n<p>Qeyd ed\u0259k ki, fevral\u0131n 7-d\u0259 Az\u0259rbaycanda n\u00f6vb\u0259d\u0259nk\u0259nar prezident se\u00e7kil\u0259ri ke\u00e7irilib. M\u0259rk\u0259zi Se\u00e7ki Komissiyas\u0131n\u0131n (MSK) son a\u00e7\u0131qlamas\u0131na g\u00f6r\u0259, m\u0259nt\u0259q\u0259l\u0259rd\u0259n b\u00fclletenl\u0259rin 93,3 faizinin n\u0259tic\u0259si t\u0259qdim edilib. Az\u0259rbaycan\u0131n haz\u0131rk\u0131 Prezidenti \u0130lham \u018fliyev s\u0259sl\u0259rin 92,05% faizini qazanmaqla n\u00f6vb\u0259d\u0259nk\u0259nar prezident se\u00e7kil\u0259rind\u0259 liderlik edir.<\/p>\n","protected":false},"excerpt":{"rendered":"<p>M\u00fc\u015fahid\u0259l\u0259rimiz onu dem\u0259y\u0259 \u0259sas verir ki, se\u00e7kil\u0259rd\u0259 konstitusiya h\u00fcquqlar tam t\u0259min edilib v\u0259 se\u00e7kil\u0259r y\u00fcks\u0259k s\u0259viyy\u0259d\u0259 ke\u00e7irilib. \u201c\u0130NFONEWS\u201d\u00a0\u00a0x\u0259b\u0259r verir ki, bunu Az\u0259rbaycanda ke\u00e7iril\u0259n n\u00f6vb\u0259d\u0259nk\u0259nar prezident se\u00e7kil\u0259rini izl\u0259y\u0259n Serbiya parlamentinin n\u00fcmay\u0259nd\u0259&hellip; <\/p>\n","protected":false},"author":30,"featured_media":40130,"comment_status":"open","ping_status":"open","sticky":false,"template":"","format":"standard","meta":{"_mi_skip_tracking":false,"_monsterinsights_sitenote_active":false,"_monsterinsights_sitenote_note":"","_monsterinsights_sitenote_category":0,"footnotes":""},"categories":[11,10171],"tags":[11844,20,11841,139,12685,4586,7372],"aioseo_notices":[],"_links":{"self":[{"href":"https:\/\/infonews.az\/index.php?rest_route=\/wp\/v2\/posts\/40127"}],"collection":[{"href":"https:\/\/infonews.az\/index.php?rest_route=\/wp\/v2\/posts"}],"about":[{"href":"https:\/\/infonews.az\/index.php?rest_route=\/wp\/v2\/types\/post"}],"author":[{"embeddable":true,"href":"https:\/\/infonews.az\/index.php?rest_route=\/wp\/v2\/users\/30"}],"replies":[{"embeddable":true,"href":"https:\/\/infonews.az\/index.php?rest_route=%2Fwp%2Fv2%2Fcomments&post=40127"}],"version-history":[{"count":1,"href":"https:\/\/infonews.az\/index.php?rest_route=\/wp\/v2\/posts\/40127\/revisions"}],"predecessor-version":[{"id":40131,"href":"https:\/\/infonews.az\/index.php?rest_route=\/wp\/v2\/posts\/40127\/revisions\/40131"}],"wp:featuredmedia":[{"embeddable":true,"href":"https:\/\/infonews.az\/index.php?rest_route=\/wp\/v2\/media\/40130"}],"wp:attachment":[{"href":"https:\/\/infonews.az\/index.php?rest_route=%2Fwp%2Fv2%2Fmedia&parent=40127"}],"wp:term":[{"taxonomy":"category","embeddable":true,"href":"https:\/\/infonews.az\/index.php?rest_route=%2Fwp%2Fv2%2Fcategories&post=40127"},{"taxonomy":"post_tag","embeddable":true,"href":"https:\/\/infonews.az\/index.php?rest_route=%2Fwp%2Fv2%2Ftags&post=40127"}],"curies":[{"name":"wp","href":"https:\/\/api.w.org\/{rel}","templated":true}]}}