{"id":40248,"date":"2024-02-09T19:36:58","date_gmt":"2024-02-09T15:36:58","guid":{"rendered":"https:\/\/infonews.az\/?p=40248"},"modified":"2024-02-10T23:37:59","modified_gmt":"2024-02-10T19:37:59","slug":"tataristan-respublikasinin-r%c9%99isi-prezident-ilham-eliyevi-t%c9%99brik-edib","status":"publish","type":"post","link":"https:\/\/infonews.az\/?p=40248","title":{"rendered":"Tatar\u0131stan Respublikas\u0131n\u0131n R\u0259isi Prezident \u0130lham \u018fliyevi t\u0259brik edib"},"content":{"rendered":"<blockquote><p>Rusiya Federasiyas\u0131 Tatar\u0131stan Respublikas\u0131n\u0131n R\u0259isi R\u00fcst\u0259m Minnixanovdan Az\u0259rbaycan Prezidenti \u0130lham \u018fliyev\u0259 t\u0259brik m\u0259ktubu g\u0259lib.<\/p><\/blockquote>\n<p><a href=\"https:\/\/infonews.az\/?p=40040\"><strong>\u201c\u0130NFONEWS\u201d<\/strong><\/a>\u00a0\u00a0x\u0259b\u0259r verir ki,\u00a0m\u0259ktubda deyilir:<\/p>\n<p>&#8220;H\u00f6rm\u0259tli \u0130lham Heyd\u0259r o\u011flu.<\/p>\n<p>Az\u0259rbaycan Respublikas\u0131 Prezidenti se\u00e7kil\u0259rind\u0259 q\u0259l\u0259b\u0259niz m\u00fcnasib\u0259til\u0259 \u0259n s\u0259mimi t\u0259brikl\u0259rimi q\u0259bul edin.<\/p>\n<p>Bu se\u00e7kil\u0259rin yekunlar\u0131 Sizin \u00f6lk\u0259 v\u0259t\u0259nda\u015flar\u0131 aras\u0131nda dan\u0131lmaz n\u00fcfuzunuzu, onlar\u0131n r\u0259hb\u0259rliyinizl\u0259 f\u0259al \u00e7al\u0131\u015fma\u011fa v\u0259 strateji sosial-iqtisadi v\u0259zif\u0259l\u0259ri h\u0259ll etm\u0259y\u0259 haz\u0131r olduqlar\u0131n\u0131 g\u00f6st\u0259rdi. V\u0259t\u0259nda\u015flar\u0131n\u0131z Siz\u0259 d\u00f6vl\u0259tin taleyini v\u0259 \u00f6z g\u0259l\u0259c\u0259kl\u0259rini etibar edibl\u0259r. Bu, haz\u0131rk\u0131 qlobal qeyri-sabitlik \u015f\u0259raitind\u0259 x\u00fcsusil\u0259 qiym\u0259tlidir v\u0259 Sizin g\u00fccl\u00fc, t\u0259cr\u00fcb\u0259li d\u00f6vl\u0259t xadimi, uzaqg\u00f6r\u0259n, istedadl\u0131 siyas\u0259t\u00e7i kimi m\u00f6hk\u0259m n\u00fcfuzunuzun parlaq t\u0259sdiqidir. Siz\u0259 s\u0259mimi-q\u0259lbd\u0259n b\u00f6y\u00fck nailiyy\u0259tl\u0259r v\u0259 Az\u0259rbaycan d\u00f6vl\u0259tinin daha da m\u00f6hk\u0259ml\u0259nm\u0259si v\u0259 inki\u015faf\u0131 \u00fczr\u0259 b\u00fct\u00fcn strateji m\u0259qs\u0259dl\u0259r\u0259 nail olma\u011f\u0131, xalq\u0131n\u0131z\u0131n rifah\u0131 namin\u0259 davaml\u0131 f\u0259al i\u015finizd\u0259 enerji v\u0259 ruh y\u00fcks\u0259kliyi arzulay\u0131ram.<\/p>\n<p>\u00dcmidvaram ki, bizim birg\u0259 s\u0259yl\u0259rimiz say\u0259sind\u0259 Rusiya-Az\u0259rbaycan m\u00fcnasib\u0259tl\u0259ri \u00e7\u0259r\u00e7iv\u0259sind\u0259 Tatar\u0131stan il\u0259 Az\u0259rbaycan aras\u0131nda \u0259n\u0259n\u0259vi qar\u015f\u0131l\u0131ql\u0131 faydal\u0131 \u0259m\u0259kda\u015fl\u0131\u011f\u0131n \u00e7oxt\u0259r\u0259fli potensial\u0131 g\u0259l\u0259c\u0259kd\u0259 d\u0259 m\u0259hsuldar \u015f\u0259kild\u0259 h\u0259yata ke\u00e7iril\u0259c\u0259k. \u018fmin\u0259m ki, qarda\u015f xalqlar\u0131m\u0131z aras\u0131nda \u00e7oxplanl\u0131 s\u0131x \u0259laq\u0259l\u0259r \u00fcmumilikd\u0259 s\u00fclh\u00fcn v\u0259 qar\u015f\u0131l\u0131ql\u0131 anla\u015fman\u0131n m\u00f6hk\u0259ml\u0259ndirilm\u0259sin\u0259 olan m\u00fch\u00fcm t\u00f6hf\u0259dir.<\/p>\n<p>Siz\u0259 m\u00f6hk\u0259m cansa\u011fl\u0131\u011f\u0131, u\u011furlar v\u0259 s\u0259ad\u0259t dil\u0259yir\u0259m&#8221;.<\/p>\n","protected":false},"excerpt":{"rendered":"<p>Rusiya Federasiyas\u0131 Tatar\u0131stan Respublikas\u0131n\u0131n R\u0259isi R\u00fcst\u0259m Minnixanovdan Az\u0259rbaycan Prezidenti \u0130lham \u018fliyev\u0259 t\u0259brik m\u0259ktubu g\u0259lib. \u201c\u0130NFONEWS\u201d\u00a0\u00a0x\u0259b\u0259r verir ki,\u00a0m\u0259ktubda deyilir: &#8220;H\u00f6rm\u0259tli \u0130lham Heyd\u0259r o\u011flu. Az\u0259rbaycan Respublikas\u0131 Prezidenti se\u00e7kil\u0259rind\u0259 q\u0259l\u0259b\u0259niz m\u00fcnasib\u0259til\u0259 \u0259n s\u0259mimi&hellip; <\/p>\n","protected":false},"author":30,"featured_media":40249,"comment_status":"open","ping_status":"open","sticky":false,"template":"","format":"standard","meta":{"_mi_skip_tracking":false,"_monsterinsights_sitenote_active":false,"_monsterinsights_sitenote_note":"","_monsterinsights_sitenote_category":0,"footnotes":""},"categories":[9,12531,6,11],"tags":[13,20,4420],"aioseo_notices":[],"_links":{"self":[{"href":"https:\/\/infonews.az\/index.php?rest_route=\/wp\/v2\/posts\/40248"}],"collection":[{"href":"https:\/\/infonews.az\/index.php?rest_route=\/wp\/v2\/posts"}],"about":[{"href":"https:\/\/infonews.az\/index.php?rest_route=\/wp\/v2\/types\/post"}],"author":[{"embeddable":true,"href":"https:\/\/infonews.az\/index.php?rest_route=\/wp\/v2\/users\/30"}],"replies":[{"embeddable":true,"href":"https:\/\/infonews.az\/index.php?rest_route=%2Fwp%2Fv2%2Fcomments&post=40248"}],"version-history":[{"count":1,"href":"https:\/\/infonews.az\/index.php?rest_route=\/wp\/v2\/posts\/40248\/revisions"}],"predecessor-version":[{"id":40250,"href":"https:\/\/infonews.az\/index.php?rest_route=\/wp\/v2\/posts\/40248\/revisions\/40250"}],"wp:featuredmedia":[{"embeddable":true,"href":"https:\/\/infonews.az\/index.php?rest_route=\/wp\/v2\/media\/40249"}],"wp:attachment":[{"href":"https:\/\/infonews.az\/index.php?rest_route=%2Fwp%2Fv2%2Fmedia&parent=40248"}],"wp:term":[{"taxonomy":"category","embeddable":true,"href":"https:\/\/infonews.az\/index.php?rest_route=%2Fwp%2Fv2%2Fcategories&post=40248"},{"taxonomy":"post_tag","embeddable":true,"href":"https:\/\/infonews.az\/index.php?rest_route=%2Fwp%2Fv2%2Ftags&post=40248"}],"curies":[{"name":"wp","href":"https:\/\/api.w.org\/{rel}","templated":true}]}}