{"id":40330,"date":"2024-02-11T11:28:31","date_gmt":"2024-02-11T07:28:31","guid":{"rendered":"https:\/\/infonews.az\/?p=40330"},"modified":"2024-02-11T11:28:31","modified_gmt":"2024-02-11T07:28:31","slug":"elahidd%c9%99-umumqosun-orduda-naxcivan-mr-in-100-illiyi-il%c9%99-bagli-silsil%c9%99-t%c9%99dbirl%c9%99r-kecirilir","status":"publish","type":"post","link":"https:\/\/infonews.az\/?p=40330","title":{"rendered":"\u018flahidd\u0259 \u00dcmumqo\u015fun Orduda Nax\u00e7\u0131van MR-in 100 illiyi il\u0259 ba\u011fl\u0131 silsil\u0259 t\u0259dbirl\u0259r ke\u00e7irilir"},"content":{"rendered":"<blockquote><p>Nax\u00e7\u0131van Muxtar Respublikas\u0131n\u0131n 100 illiyi il\u0259 ba\u011fl\u0131 ke\u00e7iril\u0259n \u201cR\u0259\u015fad\u0259tli Nax\u00e7\u0131van\u201d adl\u0131 t\u0259dbird\u0259 \u00e7\u0131x\u0131\u015f ed\u0259n \u018flahidd\u0259 \u00dcmumqo\u015fun Ordunun zabiti Fariz S\u0259rxanov Ulu \u00d6nd\u0259r Heyd\u0259r \u018fliyevin \u00f6lk\u0259mizin m\u00fcst\u0259qilliyi v\u0259 Nax\u00e7\u0131van\u0131n muxtariyy\u0259tinin qorunmas\u0131 istiqam\u0259tind\u0259 h\u0259yata ke\u00e7irdiyi misilsiz xidm\u0259tl\u0259rd\u0259n dan\u0131\u015f\u0131b v\u0259 \u00f6lk\u0259 ba\u015f\u00e7\u0131s\u0131 \u0130lham \u018fliyevin \u201cNax\u00e7\u0131van Muxtar Respublikas\u0131n\u0131n 100 illik yubileyinin qeyd edilm\u0259si haqq\u0131nda\u201d 2023-c\u00fc il 30 dekabr tarixli S\u0259r\u0259ncam\u0131n\u0131n muxtar respublika tarixind\u0259 \u0259lam\u0259tdar hadis\u0259 oldu\u011funu diqq\u0259t\u0259 \u00e7atd\u0131r\u0131b.<\/p><\/blockquote>\n<p>Bu bar\u0259d\u0259 <a href=\"https:\/\/infonews.az\/?p=40040\"><strong>\u201c\u0130NFONEWS\u201d<\/strong><\/a> a\u00a0M\u00fcdafi\u0259 Nazirliyind\u0259n bildirilib.<\/p>\n<p>Az\u0259rbaycan Milli Elml\u0259r Akademiyas\u0131n\u0131n Nax\u00e7\u0131van B\u00f6lm\u0259sinin s\u0259dri akademik \u0130smay\u0131l Hac\u0131yev \u00e7\u0131x\u0131\u015f\u0131nda Nax\u00e7\u0131van\u0131n muxtariyy\u0259t statusunun tarixi \u00f6n\u0259mind\u0259n dan\u0131\u015f\u0131b. Ulu \u00d6nd\u0259r Heyd\u0259r \u018fliyevin muxtariyy\u0259t statusu haqq\u0131nda fikirl\u0259rini diqq\u0259t\u0259 \u00e7atd\u0131ran akademik bildirib ki, bu status Nax\u00e7\u0131vana Moskva v\u0259 Qars m\u00fcqavil\u0259l\u0259ri, h\u0259m\u00e7inin 1921-ci ilin dekabr\u0131nda ke\u00e7iril\u0259n referendum il\u0259 verilib.<\/p>\n<p>Akademik \u0130smay\u0131l Hac\u0131yev Moskva v\u0259 Qars m\u00fcqavil\u0259l\u0259rin\u0259 \u0259sas\u0259n b\u00f6lg\u0259nin fiziki x\u0259rit\u0259l\u0259ri \u0259sas\u0131nda Nax\u00e7\u0131vandan qopar\u0131laraq erm\u0259nil\u0259r\u0259 verilmi\u015f \u0259razil\u0259rd\u0259n, erm\u0259nil\u0259rin muxtariyy\u0259t statusunun l\u0259\u011fvi il\u0259 ba\u011fl\u0131 canf\u0259\u015fanl\u0131\u011f\u0131 bar\u0259d\u0259 d\u0259 t\u0259dbir i\u015ftirak\u00e7\u0131lar\u0131na geni\u015f m\u0259lumat verib.<\/p>\n<p>T\u0259dbird\u0259 dig\u0259r \u00e7\u0131x\u0131\u015f ed\u0259nl\u0259r Az\u0259rbaycan Respublikas\u0131n\u0131n Prezidenti c\u0259nab \u0130lham \u018fliyevin r\u0259hb\u0259rliyi il\u0259 Nax\u00e7\u0131van Muxtar Respublikas\u0131n\u0131n m\u00fcdafi\u0259 qabiliyy\u0259tinin m\u00f6hk\u0259ml\u0259ndirilm\u0259si istiqam\u0259tind\u0259 m\u00fch\u00fcm add\u0131mlar\u0131n at\u0131ld\u0131\u011f\u0131n\u0131 qeyd edibl\u0259r.<\/p>\n<p>T\u0259dbird\u0259 h\u0259rbi hiss\u0259l\u0259rin b\u0259dii \u00f6zf\u0259aliyy\u0259t kollektivl\u0259ri \u0259d\u0259bi-b\u0259dii kompozisiya il\u0259 \u00e7\u0131x\u0131\u015f edib, Nax\u00e7\u0131vana v\u0259 ordumuzun q\u00fcdr\u0259tin\u0259 h\u0259sr olunmu\u015f \u015feirl\u0259ri b\u0259dii qira\u0259t edib, mahn\u0131lar s\u0259sl\u0259ndiribl\u0259r.<\/p>\n<p>Heyd\u0259r \u018fliyev ad\u0131na H\u0259rbi Liseyd\u0259 Nax\u00e7\u0131van Muxtar Respublikas\u0131n\u0131n yarad\u0131lmas\u0131n\u0131n 100 illiyin\u0259 h\u0259sr olunmu\u015f kursantlar aras\u0131nda s\u0131naq test imtahan\u0131 ke\u00e7irilib. Kursantlar \u00f6lk\u0259mizin, o c\u00fcml\u0259d\u0259n Nax\u00e7\u0131van Muxtar Respublikas\u0131n\u0131n tarixi v\u0259 co\u011frafi m\u00f6vqeyi bar\u0259d\u0259 suallar\u0131 cavabland\u0131r\u0131blar.<br \/>\n\u018flahidd\u0259 \u00dcmumqo\u015fun Orduda Nax\u00e7\u0131van\u0131n 100 illiyin\u0259 v\u0259 \u201cYa\u015f\u0131l d\u00fcnya namin\u0259 h\u0259mr\u0259ylik ili&#8221;n\u0259 h\u0259sr olunmu\u015f a\u011fac\u0259km\u0259 aksiyas\u0131 da t\u0259\u015fkil olunub. Daim V\u0259t\u0259nin m\u00fcdafi\u0259sind\u0259 dayanan h\u0259rbi qulluq\u00e7ular t\u0259bi\u0259timiz\u0259 t\u00f6hf\u0259 verm\u0259k \u00fc\u00e7\u00fcn aksiyada f\u0259al i\u015ftirak edibl\u0259r.<\/p>\n","protected":false},"excerpt":{"rendered":"<p>Nax\u00e7\u0131van Muxtar Respublikas\u0131n\u0131n 100 illiyi il\u0259 ba\u011fl\u0131 ke\u00e7iril\u0259n \u201cR\u0259\u015fad\u0259tli Nax\u00e7\u0131van\u201d adl\u0131 t\u0259dbird\u0259 \u00e7\u0131x\u0131\u015f ed\u0259n \u018flahidd\u0259 \u00dcmumqo\u015fun Ordunun zabiti Fariz S\u0259rxanov Ulu \u00d6nd\u0259r Heyd\u0259r \u018fliyevin \u00f6lk\u0259mizin m\u00fcst\u0259qilliyi v\u0259 Nax\u00e7\u0131van\u0131n muxtariyy\u0259tinin qorunmas\u0131&hellip; <\/p>\n","protected":false},"author":30,"featured_media":40331,"comment_status":"open","ping_status":"open","sticky":false,"template":"","format":"standard","meta":{"_mi_skip_tracking":false,"_monsterinsights_sitenote_active":false,"_monsterinsights_sitenote_note":"","_monsterinsights_sitenote_category":0,"footnotes":""},"categories":[4263,10,11],"tags":[12708,12707,4463],"aioseo_notices":[],"_links":{"self":[{"href":"https:\/\/infonews.az\/index.php?rest_route=\/wp\/v2\/posts\/40330"}],"collection":[{"href":"https:\/\/infonews.az\/index.php?rest_route=\/wp\/v2\/posts"}],"about":[{"href":"https:\/\/infonews.az\/index.php?rest_route=\/wp\/v2\/types\/post"}],"author":[{"embeddable":true,"href":"https:\/\/infonews.az\/index.php?rest_route=\/wp\/v2\/users\/30"}],"replies":[{"embeddable":true,"href":"https:\/\/infonews.az\/index.php?rest_route=%2Fwp%2Fv2%2Fcomments&post=40330"}],"version-history":[{"count":1,"href":"https:\/\/infonews.az\/index.php?rest_route=\/wp\/v2\/posts\/40330\/revisions"}],"predecessor-version":[{"id":40332,"href":"https:\/\/infonews.az\/index.php?rest_route=\/wp\/v2\/posts\/40330\/revisions\/40332"}],"wp:featuredmedia":[{"embeddable":true,"href":"https:\/\/infonews.az\/index.php?rest_route=\/wp\/v2\/media\/40331"}],"wp:attachment":[{"href":"https:\/\/infonews.az\/index.php?rest_route=%2Fwp%2Fv2%2Fmedia&parent=40330"}],"wp:term":[{"taxonomy":"category","embeddable":true,"href":"https:\/\/infonews.az\/index.php?rest_route=%2Fwp%2Fv2%2Fcategories&post=40330"},{"taxonomy":"post_tag","embeddable":true,"href":"https:\/\/infonews.az\/index.php?rest_route=%2Fwp%2Fv2%2Ftags&post=40330"}],"curies":[{"name":"wp","href":"https:\/\/api.w.org\/{rel}","templated":true}]}}