{"id":40369,"date":"2024-02-11T12:54:47","date_gmt":"2024-02-11T08:54:47","guid":{"rendered":"https:\/\/infonews.az\/?p=40369"},"modified":"2024-02-11T12:54:47","modified_gmt":"2024-02-11T08:54:47","slug":"viktor-orban-serbiya-qisa-zamanda-ai-y%c9%99-uzv-olmalidir","status":"publish","type":"post","link":"https:\/\/infonews.az\/?p=40369","title":{"rendered":"Viktor Orban: Serbiya q\u0131sa zamanda A\u0130-y\u0259 \u00fczv olmal\u0131d\u0131r"},"content":{"rendered":"<blockquote><p>Serbiya Avropa Birliyin\u0259 m\u00fcmk\u00fcn q\u0259d\u0259r tez qo\u015fulmal\u0131d\u0131r, \u0259ks halda Belqrad dig\u0259r t\u0259r\u0259fda\u015flarla \u0259m\u0259kda\u015fl\u0131\u011fa \u00fcst\u00fcnl\u00fck ver\u0259c\u0259k v\u0259 Br\u00fcssel bu \u00f6lk\u0259ni itir\u0259c\u0259k.<\/p><\/blockquote>\n<p><a href=\"https:\/\/infonews.az\/?p=40040\"><strong>\u201c\u0130NFONEWS\u201d<\/strong><\/a> un &#8220;Die Presse&#8221; q\u0259zetin\u0259 istinad\u0259n x\u0259b\u0259rin\u0259 g\u00f6r\u0259, bu fikirl\u0259ri Macar\u0131stan\u0131n Ba\u015f naziri Viktor Orban deyib.<\/p>\n<p>&#8220;Ukrayna il\u0259 yeni ekspansiyaya ba\u015flamazdan \u0259vv\u0259l k\u00f6hn\u0259 geni\u015fl\u0259nm\u0259 tap\u015f\u0131r\u0131\u011f\u0131n\u0131 yerin\u0259 yetirm\u0259liyik. Serbiyan\u0131 m\u00fcmk\u00fcn q\u0259d\u0259r tez inteqrasiya etm\u0259s\u0259k, onu itir\u0259c\u0259yik. Serbiyan\u0131n ba\u015fqa variantlar\u0131 da var. O, yenic\u0259 \u00c7inl\u0259 azad ticar\u0259t sazi\u015fi ba\u011flad\u0131&#8221;, &#8211; q\u0259zet Orban\u0131n s\u00f6zl\u0259rini sitat g\u0259tirib.<\/p>\n<p>Macar\u0131stan\u0131n Ba\u015f naziri h\u0259m\u00e7inin iyulun 1-d\u0259 ba\u015flayacaq Avropa \u0130ttifaq\u0131 \u015euras\u0131na s\u0259drlik d\u00f6vr\u00fcnd\u0259 Q\u0259rbi Balkan \u00f6lk\u0259l\u0259rini d\u0259 \u0259hat\u0259 etm\u0259k \u00fc\u00e7\u00fcn A\u0130-nin geni\u015fl\u0259nm\u0259sini Budape\u015ftin \u201c\u0259sas prioriteti\u201d adland\u0131r\u0131b.<\/p>\n<p>Serbiyan\u0131n daxili v\u0259 xarici ticar\u0259t naziri Tomislav Momirovi\u00e7 v\u0259 \u00c7in Xalq Respublikas\u0131n\u0131n ticar\u0259t naziri Van Ventao 17 oktyabr 2023-c\u00fc il tarixind\u0259 Pekind\u0259 iki \u00f6lk\u0259 aras\u0131nda azad ticar\u0259t sazi\u015fi imzalay\u0131blar. Serbiya Prezidenti Aleksandar Vu\u00e7i\u00e7in s\u00f6zl\u0259rin\u0259 g\u00f6r\u0259, s\u0259n\u0259d 2024-c\u00fc ilin may-iyun aylar\u0131nda q\u00fcvv\u0259y\u0259 min\u0259 bil\u0259r.<\/p>\n","protected":false},"excerpt":{"rendered":"<p>Serbiya Avropa Birliyin\u0259 m\u00fcmk\u00fcn q\u0259d\u0259r tez qo\u015fulmal\u0131d\u0131r, \u0259ks halda Belqrad dig\u0259r t\u0259r\u0259fda\u015flarla \u0259m\u0259kda\u015fl\u0131\u011fa \u00fcst\u00fcnl\u00fck ver\u0259c\u0259k v\u0259 Br\u00fcssel bu \u00f6lk\u0259ni itir\u0259c\u0259k. \u201c\u0130NFONEWS\u201d un &#8220;Die Presse&#8221; q\u0259zetin\u0259 istinad\u0259n x\u0259b\u0259rin\u0259 g\u00f6r\u0259, bu fikirl\u0259ri&hellip; <\/p>\n","protected":false},"author":30,"featured_media":40370,"comment_status":"open","ping_status":"open","sticky":false,"template":"","format":"standard","meta":{"_mi_skip_tracking":false,"_monsterinsights_sitenote_active":false,"_monsterinsights_sitenote_note":"","_monsterinsights_sitenote_category":0,"footnotes":""},"categories":[9,6,11],"tags":[10142,6216,6290,7372],"aioseo_notices":[],"_links":{"self":[{"href":"https:\/\/infonews.az\/index.php?rest_route=\/wp\/v2\/posts\/40369"}],"collection":[{"href":"https:\/\/infonews.az\/index.php?rest_route=\/wp\/v2\/posts"}],"about":[{"href":"https:\/\/infonews.az\/index.php?rest_route=\/wp\/v2\/types\/post"}],"author":[{"embeddable":true,"href":"https:\/\/infonews.az\/index.php?rest_route=\/wp\/v2\/users\/30"}],"replies":[{"embeddable":true,"href":"https:\/\/infonews.az\/index.php?rest_route=%2Fwp%2Fv2%2Fcomments&post=40369"}],"version-history":[{"count":1,"href":"https:\/\/infonews.az\/index.php?rest_route=\/wp\/v2\/posts\/40369\/revisions"}],"predecessor-version":[{"id":40371,"href":"https:\/\/infonews.az\/index.php?rest_route=\/wp\/v2\/posts\/40369\/revisions\/40371"}],"wp:featuredmedia":[{"embeddable":true,"href":"https:\/\/infonews.az\/index.php?rest_route=\/wp\/v2\/media\/40370"}],"wp:attachment":[{"href":"https:\/\/infonews.az\/index.php?rest_route=%2Fwp%2Fv2%2Fmedia&parent=40369"}],"wp:term":[{"taxonomy":"category","embeddable":true,"href":"https:\/\/infonews.az\/index.php?rest_route=%2Fwp%2Fv2%2Fcategories&post=40369"},{"taxonomy":"post_tag","embeddable":true,"href":"https:\/\/infonews.az\/index.php?rest_route=%2Fwp%2Fv2%2Ftags&post=40369"}],"curies":[{"name":"wp","href":"https:\/\/api.w.org\/{rel}","templated":true}]}}