{"id":40493,"date":"2024-02-16T13:05:20","date_gmt":"2024-02-16T09:05:20","guid":{"rendered":"https:\/\/infonews.az\/?p=40493"},"modified":"2024-02-16T15:00:22","modified_gmt":"2024-02-16T11:00:22","slug":"multikultural-t%c9%99hluk%c9%99sizliyimizin-t%c9%99min-olunmasi-qarsidaki-onillikl%c9%99rd%c9%99-prioritet-v%c9%99zif%c9%99l%c9%99rimizd%c9%99ndir","status":"publish","type":"post","link":"https:\/\/infonews.az\/?p=40493","title":{"rendered":"&#8220;Multikultural t\u0259hl\u00fck\u0259sizliyimizin t\u0259min olunmas\u0131 qar\u015f\u0131dak\u0131 onillikl\u0259rd\u0259 prioritet v\u0259zif\u0259l\u0259rimizd\u0259ndir&#8221;"},"content":{"rendered":"<p><span style=\"color: #ffffff;\">&#8220;Multikultural t\u0259hl\u00fck\u0259sizliyimizin t\u0259min olunmas\u0131\u00a0qar\u015f\u0131dak\u0131 onillikl\u0259rd\u0259 prioritet v\u0259zif\u0259l\u0259rimizd\u0259ndir&#8221;<\/span><\/p>\n<blockquote><p>Prezident \u0130lham \u018fliyev fevral\u0131n 14-d\u0259 Milli M\u0259clisd\u0259 ke\u00e7iril\u0259n andi\u00e7m\u0259 m\u0259rasimind\u0259ki nitqind\u0259 bir s\u0131ra m\u00fch\u00fcm m\u0259qamlara toxundu. Bunlardan biri d\u0259 yeni d\u00f6vrd\u0259ki perspektivl\u0259rl\u0259 ba\u011fl\u0131d\u0131r.<\/p><\/blockquote>\n<p><a href=\"https:\/\/infonews.az\/?p=40493\"><span style=\"color: #333399;\"><strong>&#8220;\u0130NFONEWS&#8221;<\/strong><\/span><\/a> -un \u0259ld\u0259 etdiyi m\u0259lumat\u0131na g\u00f6r\u0259, Bak\u0131 Beyn\u0259lxalq Multikulturalizm M\u0259rk\u0259zinin (BBMM) icra\u00e7\u0131 direktoru R\u0259van H\u0259s\u0259nov AZ\u018fRTAC- a a\u00e7\u0131qlamas\u0131nda deyib.<\/p>\n<p>R.H\u0259s\u0259nov bildirib ki, \u00f6t\u0259n m\u00fcdd\u0259t \u0259rzind\u0259 qar\u015f\u0131ya qoyulan v\u0259zif\u0259l\u0259rin tam \u015f\u0259kild\u0259 icra olunmas\u0131 qar\u015f\u0131dak\u0131 onillikl\u0259rd\u0259 at\u0131lacaq add\u0131mlar\u0131n t\u0259m\u0259linin qoyulmas\u0131na z\u0259min yarad\u0131b. D\u00f6vl\u0259timizin ba\u015f\u00e7\u0131s\u0131n\u0131n toxundu\u011fu m\u0259qamlar v\u0259 istiqam\u0259tl\u0259r qar\u015f\u0131ya qoyulmu\u015f v\u0259zif\u0259l\u0259rin yerin\u0259 yetirilm\u0259si bax\u0131m\u0131ndan \u00e7ox \u00f6n\u0259mlidir. \u018fn m\u00fch\u00fcm m\u0259s\u0259l\u0259l\u0259rd\u0259n biri d\u0259 m\u00f6vcud olan birliyi qorumaq, \u00f6lk\u0259miz\u0259 qar\u015f\u0131 ist\u0259nil\u0259n t\u0259hdidl\u0259r\u0259 qar\u015f\u0131 m\u00fcbariz\u0259ni daim diqq\u0259td\u0259 saxlamaqd\u0131r.<\/p>\n<p>\u201cD\u00f6vl\u0259timizin ba\u015f\u00e7\u0131s\u0131 \u00e7\u0131x\u0131\u015f\u0131nda t\u0259hdid dedikd\u0259 ayd\u0131n \u015f\u0259kild\u0259 vur\u011fulad\u0131 ki, burada s\u00f6hb\u0259t fiziki t\u0259hdid v\u0259 t\u0259hl\u00fck\u0259l\u0259rd\u0259n getmir. Diqq\u0259t\u0259 \u00e7atd\u0131r\u0131ld\u0131 ki, s\u00f6hb\u0259t \u0130kinci Qaraba\u011f m\u00fcharib\u0259sind\u0259n sonra \u00f6lk\u0259miz\u0259 qar\u015f\u0131 istiqam\u0259tl\u0259nmi\u015f ideoloji t\u0259hdidl\u0259rd\u0259n gedir.<\/p>\n<p>Az\u0259rbaycan etnik, m\u0259d\u0259ni v\u0259 konfessional m\u00fcxt\u0259lifliy\u0259 malik \u00f6lk\u0259dir. Bu, bizim z\u0259nginliyimizdir v\u0259 onu h\u0259mi\u015f\u0259 qoruyub saxlam\u0131\u015f\u0131q. He\u00e7 n\u0259y\u0259 baxmayaraq, m\u0259d\u0259ni v\u0259 dini m\u00fcxt\u0259lifliyimizi qorumu\u015fuq. M\u0259hz bu m\u00fcxt\u0259liflik bizi Q\u0259l\u0259b\u0259y\u0259 apar\u0131b. \u00d6lk\u0259mizd\u0259 ya\u015fayan etnik xalqlar\u0131n n\u00fcmay\u0259nd\u0259l\u0259ri 44 g\u00fcnl\u00fck V\u0259t\u0259n m\u00fcharib\u0259sind\u0259 d\u00f6y\u00fc\u015f\u00fcbl\u0259r, sa\u011flaml\u0131qlar\u0131n\u0131 itiribl\u0259r, \u015f\u0259hid veribl\u0259r. \u00c7\u00fcnki Az\u0259rbaycanda ya\u015fayan h\u0259r bir \u015f\u0259xs etnik m\u0259nsubiyy\u0259tind\u0259n, dinind\u0259n v\u0259 m\u0259d\u0259niyy\u0259tind\u0259n as\u0131l\u0131 olmayaraq, bu torpaqlar\u0131 \u00f6z\u00fcn\u0259 V\u0259t\u0259n, m\u00fcq\u0259dd\u0259s bilir. D\u00f6vl\u0259t-xalq-ordu birliyinin arxas\u0131nda duran m\u0259qam da m\u0259hz bundan ibar\u0259t idi\u201d, &#8211; dey\u0259 BBMM-nin icra\u00e7\u0131 direktoru qeyd edib.<\/p>\n<p>Vur\u011fulan\u0131b ki, d\u00f6vl\u0259timizin ba\u015f\u00e7\u0131s\u0131 multikulturalizmi d\u00f6vl\u0259t siyas\u0259tinin m\u00fcst\u0259visind\u0259 h\u0259ll edir. Az\u0259rbaycan Liderinin qlobal m\u00fcst\u0259vid\u0259 dinl\u0259raras\u0131 v\u0259 m\u0259d\u0259niyy\u0259tl\u0259raras\u0131 dialoq t\u0259\u015f\u0259bb\u00fcsl\u0259rini ir\u0259li s\u00fcrd\u00fcy\u00fcn\u00fc xat\u0131rladan icra\u00e7\u0131 direktor Az\u0259rbaycan\u0131n bu istiqam\u0259td\u0259 nadir \u00f6lk\u0259l\u0259rd\u0259n oldu\u011funu vur\u011fulay\u0131b. Az\u0259rbaycanda mehriban, dinc qon\u015fuluq \u015f\u0259raitind\u0259 ya\u015fayan etnik xalqlar d\u00f6vl\u0259timizin d\u0259st\u0259yi il\u0259 inanclar\u0131n\u0131 qoruyublar, \u00f6z m\u0259d\u0259niyy\u0259tl\u0259rini inki\u015faf etdiribl\u0259r.<\/p>\n<p>M\u00fcxt\u0259lif istiqam\u0259tl\u0259rd\u0259n birliyimizi pozmaq c\u0259hdl\u0259rinin oldu\u011funu qeyd ed\u0259n Prezident \u0130lham \u018fliyev, h\u0259m\u00e7inin bildirdi ki, bizi ist\u0259m\u0259y\u0259n q\u00fcvv\u0259l\u0259r, bizim g\u00fcc\u00fcm\u00fcz\u00fc q\u0259bul etm\u0259y\u0259n, Erm\u0259nistan \u00fcz\u0259rind\u0259 parlaq Q\u0259l\u0259b\u0259mizi h\u0259zm ed\u0259 bilm\u0259y\u0259n anti-Az\u0259rbaycan q\u00fcvv\u0259l\u0259rin s\u0259yl\u0259ri \u0259b\u0259sdir: \u201cOnlar\u0131n s\u0259yl\u0259ri \u0259b\u0259s olacaq. Bizim birliyimiz bu s\u0259yl\u0259r qar\u015f\u0131s\u0131nda bir s\u0259dd kimi durmal\u0131d\u0131r v\u0259 durur\u201d.<\/p>\n<p>\u00d6lk\u0259mizd\u0259 bu istiqam\u0259td\u0259 m\u0259qs\u0259dy\u00f6nl\u00fc plan \u0259sas\u0131nda m\u00fcvafiq siyas\u0259t y\u00fcr\u00fcd\u00fcld\u00fcy\u00fcn\u00fc vur\u011fulayan R.H\u0259s\u0259nov deyib: \u201cM\u0259hz bu m\u0259qs\u0259dy\u00f6nl\u00fc plan\u0131n n\u0259tic\u0259sidir ki, \u00f6lk\u0259mizd\u0259ki milli birlik, milli konfessional v\u0259 dinl\u0259raras\u0131 dialoq, dinl\u0259raras\u0131 m\u00fcnasib\u0259tl\u0259r \u0259n y\u00fcks\u0259k s\u0259viyy\u0259d\u0259dir. Tarix boyu m\u00fc\u0259yy\u0259n istisnalar var ki, bu da erm\u0259ni separatizmi il\u0259 ba\u011fl\u0131d\u0131r. Havadarlar\u0131n\u0131n d\u0259st\u0259yi il\u0259 erm\u0259ni separat\u00e7\u0131lar\u0131 ya\u015fad\u0131qlar\u0131, \u00e7\u00f6r\u0259yini yediyi Az\u0259rbaycan torpaqlar\u0131nda s\u0259rs\u0259m x\u0259yallara, arzulara d\u00fc\u015fd\u00fcl\u0259r v\u0259 tarix d\u0259 onlara d\u0259rsl\u0259rini verdi\u201d.<\/p>\n<p>Prezident \u0130lham \u018fliyevin vur\u011fulad\u0131\u011f\u0131 bu m\u0259qamlar\u0131n \u00e7ox \u00f6n\u0259mli oldu\u011funu, n\u00f6vb\u0259ti m\u0259rh\u0259l\u0259d\u0259 qar\u015f\u0131ya qoyulan v\u0259zif\u0259l\u0259rd\u0259n birinin Az\u0259rbaycanda yeti\u015fm\u0259kd\u0259 olan g\u0259nc n\u0259slin milli v\u0259 m\u0259n\u0259vi d\u0259y\u0259rl\u0259r\u0259 sahib \u00e7\u0131xmas\u0131 t\u0259\u015fkil etdiyini xat\u0131rladan R.H\u0259s\u0259nov vur\u011fulay\u0131b: \u201cH\u0259r hans\u0131 k\u0259nar, yad t\u0259sirl\u0259rin d\u0131rnaqaras\u0131 \u201cm\u00fcasirl\u0259\u015fm\u0259 \u201cad\u0131 alt\u0131nda \u00f6lk\u0259miz\u0259 ixrac\u0131n\u0131n qar\u015f\u0131s\u0131nda bir s\u0259dd olmal\u0131d\u0131r. T\u0259bii ki, bu, inki\u015fafdan qalmaq deyil. Biz ancaq \u00f6z milli v\u0259 tolerant d\u0259y\u0259rl\u0259rimizi qorumal\u0131, g\u0259nc n\u0259slin bu ruhda yeti\u015fm\u0259sini davam etdirm\u0259liyik. Az\u0259rbaycan g\u0259ncliyi h\u0259mi\u015f\u0259 \u00f6rn\u0259k olub v\u0259 bu \u0259n\u0259n\u0259 davam etdirilm\u0259lidir. Bu i\u015fd\u0259 ail\u0259, t\u0259hsil sistemi, c\u0259miyy\u0259t b\u00f6y\u00fck rol oynay\u0131r. \u0130deoloji t\u0259rbiy\u0259 \u00e7ox \u00f6n\u0259mlidir. Bir s\u00f6zl\u0259, multikultural t\u0259hl\u00fck\u0259sizliyimizin t\u0259min olunmas\u0131 qar\u015f\u0131dak\u0131 onillikl\u0259rd\u0259 prioritet v\u0259zif\u0259l\u0259rimizd\u0259ndir\u201d.<\/p>\n","protected":false},"excerpt":{"rendered":"<p>&#8220;Multikultural t\u0259hl\u00fck\u0259sizliyimizin t\u0259min olunmas\u0131\u00a0qar\u015f\u0131dak\u0131 onillikl\u0259rd\u0259 prioritet v\u0259zif\u0259l\u0259rimizd\u0259ndir&#8221; Prezident \u0130lham \u018fliyev fevral\u0131n 14-d\u0259 Milli M\u0259clisd\u0259 ke\u00e7iril\u0259n andi\u00e7m\u0259 m\u0259rasimind\u0259ki nitqind\u0259 bir s\u0131ra m\u00fch\u00fcm m\u0259qamlara toxundu. Bunlardan biri d\u0259 yeni d\u00f6vrd\u0259ki perspektivl\u0259rl\u0259 ba\u011fl\u0131d\u0131r.&hellip; <\/p>\n","protected":false},"author":14,"featured_media":40494,"comment_status":"open","ping_status":"open","sticky":false,"template":"","format":"standard","meta":{"_mi_skip_tracking":false,"_monsterinsights_sitenote_active":false,"_monsterinsights_sitenote_note":"","_monsterinsights_sitenote_category":0,"footnotes":""},"categories":[6,11],"tags":[9326,15,12461],"aioseo_notices":[],"_links":{"self":[{"href":"https:\/\/infonews.az\/index.php?rest_route=\/wp\/v2\/posts\/40493"}],"collection":[{"href":"https:\/\/infonews.az\/index.php?rest_route=\/wp\/v2\/posts"}],"about":[{"href":"https:\/\/infonews.az\/index.php?rest_route=\/wp\/v2\/types\/post"}],"author":[{"embeddable":true,"href":"https:\/\/infonews.az\/index.php?rest_route=\/wp\/v2\/users\/14"}],"replies":[{"embeddable":true,"href":"https:\/\/infonews.az\/index.php?rest_route=%2Fwp%2Fv2%2Fcomments&post=40493"}],"version-history":[{"count":1,"href":"https:\/\/infonews.az\/index.php?rest_route=\/wp\/v2\/posts\/40493\/revisions"}],"predecessor-version":[{"id":40495,"href":"https:\/\/infonews.az\/index.php?rest_route=\/wp\/v2\/posts\/40493\/revisions\/40495"}],"wp:featuredmedia":[{"embeddable":true,"href":"https:\/\/infonews.az\/index.php?rest_route=\/wp\/v2\/media\/40494"}],"wp:attachment":[{"href":"https:\/\/infonews.az\/index.php?rest_route=%2Fwp%2Fv2%2Fmedia&parent=40493"}],"wp:term":[{"taxonomy":"category","embeddable":true,"href":"https:\/\/infonews.az\/index.php?rest_route=%2Fwp%2Fv2%2Fcategories&post=40493"},{"taxonomy":"post_tag","embeddable":true,"href":"https:\/\/infonews.az\/index.php?rest_route=%2Fwp%2Fv2%2Ftags&post=40493"}],"curies":[{"name":"wp","href":"https:\/\/api.w.org\/{rel}","templated":true}]}}