{"id":40514,"date":"2024-02-12T16:53:53","date_gmt":"2024-02-12T12:53:53","guid":{"rendered":"https:\/\/infonews.az\/?p=40514"},"modified":"2024-02-17T16:54:37","modified_gmt":"2024-02-17T12:54:37","slug":"latviya-prezidenti-az%c9%99rbaycanin-dovl%c9%99t-bascisini-t%c9%99brik-edib","status":"publish","type":"post","link":"https:\/\/infonews.az\/?p=40514","title":{"rendered":"Latviya Prezidenti Az\u0259rbaycan\u0131n d\u00f6vl\u0259t ba\u015f\u00e7\u0131s\u0131n\u0131 t\u0259brik edib"},"content":{"rendered":"<blockquote><p>Latviya Prezidenti Edqars Rinkevi\u00e7s Az\u0259rbaycan Prezidenti \u0130lham \u018fliyev\u0259 t\u0259brik m\u0259ktubu g\u00f6nd\u0259rib.<\/p><\/blockquote>\n<p><a href=\"https:\/\/infonews.az\/?p=40040\"><strong>\u201c\u0130NFONEWS\u201d<\/strong><\/a> \u00a0x\u0259b\u0259r verir ki, m\u0259ktubda deyilir:<\/p>\n<p>&#8220;Yenid\u0259n Az\u0259rbaycan Respublikas\u0131n\u0131n Prezidenti se\u00e7ilm\u0259yiniz m\u00fcnasib\u0259til\u0259 s\u0259mimi t\u0259brikl\u0259rimi q\u0259bul etm\u0259yinizi xahi\u015f edir\u0259m.<\/p>\n<p>\u018fmin\u0259m ki, birg\u0259 s\u0259yl\u0259rimizl\u0259 Latviya v\u0259 Az\u0259rbaycan aras\u0131nda yax\u015f\u0131 v\u0259 konstruktiv m\u00fcnasib\u0259tl\u0259rimiz h\u0259m ikit\u0259r\u0259fli, h\u0259m d\u0259 \u00e7oxt\u0259r\u0259fli formatda inki\u015faf etm\u0259kd\u0259 davam ed\u0259c\u0259kdir. \u0130nan\u0131ram ki, bizim sa\u011flam dialoqumuzun davaml\u0131 inki\u015faf\u0131 \u00f6lk\u0259l\u0259rimiz v\u0259 xalqlar\u0131m\u0131z\u0131n uzunm\u00fcdd\u0259tli maraqlar\u0131na xidm\u0259t ed\u0259c\u0259kdir.<\/p>\n<p>Zati-alil\u0259ri, \u0259n y\u00fcks\u0259k ehtiram\u0131m\u0131 q\u0259bul etm\u0259yinizi xahi\u015f edir\u0259m. Siz\u0259 m\u00f6hk\u0259m cansa\u011fl\u0131\u011f\u0131, enerji v\u0259 ali d\u00f6vl\u0259ti v\u0259zif\u0259nizin icras\u0131nda u\u011furlar, h\u0259m\u00e7inin \u00f6lk\u0259niz\u0259 v\u0259 onun xalq\u0131na s\u00fclh v\u0259 firavanl\u0131q arzulay\u0131ram&#8221;.<\/p>\n","protected":false},"excerpt":{"rendered":"<p>Latviya Prezidenti Edqars Rinkevi\u00e7s Az\u0259rbaycan Prezidenti \u0130lham \u018fliyev\u0259 t\u0259brik m\u0259ktubu g\u00f6nd\u0259rib. \u201c\u0130NFONEWS\u201d \u00a0x\u0259b\u0259r verir ki, m\u0259ktubda deyilir: &#8220;Yenid\u0259n Az\u0259rbaycan Respublikas\u0131n\u0131n Prezidenti se\u00e7ilm\u0259yiniz m\u00fcnasib\u0259til\u0259 s\u0259mimi t\u0259brikl\u0259rimi q\u0259bul etm\u0259yinizi xahi\u015f edir\u0259m. \u018fmin\u0259m&hellip; <\/p>\n","protected":false},"author":30,"featured_media":40515,"comment_status":"open","ping_status":"open","sticky":false,"template":"","format":"standard","meta":{"_mi_skip_tracking":false,"_monsterinsights_sitenote_active":false,"_monsterinsights_sitenote_note":"","_monsterinsights_sitenote_category":0,"footnotes":""},"categories":[9,6,11],"tags":[13,6437,139,942],"aioseo_notices":[],"_links":{"self":[{"href":"https:\/\/infonews.az\/index.php?rest_route=\/wp\/v2\/posts\/40514"}],"collection":[{"href":"https:\/\/infonews.az\/index.php?rest_route=\/wp\/v2\/posts"}],"about":[{"href":"https:\/\/infonews.az\/index.php?rest_route=\/wp\/v2\/types\/post"}],"author":[{"embeddable":true,"href":"https:\/\/infonews.az\/index.php?rest_route=\/wp\/v2\/users\/30"}],"replies":[{"embeddable":true,"href":"https:\/\/infonews.az\/index.php?rest_route=%2Fwp%2Fv2%2Fcomments&post=40514"}],"version-history":[{"count":1,"href":"https:\/\/infonews.az\/index.php?rest_route=\/wp\/v2\/posts\/40514\/revisions"}],"predecessor-version":[{"id":40516,"href":"https:\/\/infonews.az\/index.php?rest_route=\/wp\/v2\/posts\/40514\/revisions\/40516"}],"wp:featuredmedia":[{"embeddable":true,"href":"https:\/\/infonews.az\/index.php?rest_route=\/wp\/v2\/media\/40515"}],"wp:attachment":[{"href":"https:\/\/infonews.az\/index.php?rest_route=%2Fwp%2Fv2%2Fmedia&parent=40514"}],"wp:term":[{"taxonomy":"category","embeddable":true,"href":"https:\/\/infonews.az\/index.php?rest_route=%2Fwp%2Fv2%2Fcategories&post=40514"},{"taxonomy":"post_tag","embeddable":true,"href":"https:\/\/infonews.az\/index.php?rest_route=%2Fwp%2Fv2%2Ftags&post=40514"}],"curies":[{"name":"wp","href":"https:\/\/api.w.org\/{rel}","templated":true}]}}