{"id":40526,"date":"2024-02-12T16:58:56","date_gmt":"2024-02-12T12:58:56","guid":{"rendered":"https:\/\/infonews.az\/?p=40526"},"modified":"2024-02-17T16:59:57","modified_gmt":"2024-02-17T12:59:57","slug":"turkiy%c9%99nin-milli-mudafi%c9%99-naziri-prezident-ilham-eliyev%c9%99-t%c9%99brik-m%c9%99ktubu-gond%c9%99rib","status":"publish","type":"post","link":"https:\/\/infonews.az\/?p=40526","title":{"rendered":"T\u00fcrkiy\u0259nin milli m\u00fcdafi\u0259 naziri Prezident \u0130lham \u018fliyev\u0259 t\u0259brik m\u0259ktubu g\u00f6nd\u0259rib"},"content":{"rendered":"<blockquote><p>T\u00fcrkiy\u0259nin milli m\u00fcdafi\u0259 naziri Ya\u015far G\u00fcl\u0259r Az\u0259rbaycan Prezidenti \u0130lham \u018fliyev\u0259 t\u0259brik m\u0259ktubu g\u00f6nd\u0259rib.<\/p><\/blockquote>\n<p><a href=\"https:\/\/infonews.az\/?p=40040\"><strong>\u201c\u0130NFONEWS\u201d<\/strong><\/a> \u00a0x\u0259b\u0259r verir ki, m\u0259ktubda deyilir:<\/p>\n<p>&#8220;H\u00f6rm\u0259tli c\u0259nab Prezidentim.<\/p>\n<p>Yenid\u0259n Prezident se\u00e7ilm\u0259yiniz m\u00fcnasib\u0259til\u0259 Zati-alinizi t\u0259brik edir\u0259m.<\/p>\n<p>Sizin liderliyinizl\u0259 Az\u0259rbaycan\u0131n bu g\u00fcn\u0259 q\u0259d\u0259r \u0259ld\u0259 etdiyi siyasi, iqtisadi, sosial, h\u0259rbi u\u011furlar\u0131n bundan sonra da artaraq davam ed\u0259c\u0259yin\u0259, ikinci V\u0259t\u0259nimiz olan Az\u0259rbaycan\u0131n b\u00f6lg\u0259d\u0259 v\u0259 d\u00fcnyada g\u00fccl\u00fc m\u00f6vqeyini daha da m\u00f6hk\u0259ml\u0259ndir\u0259c\u0259yin\u0259 inan\u0131ram.<\/p>\n<p>\u00dcmummilli Lider Heyd\u0259r \u018fliyevd\u0259n miras qalan \u201cBir mill\u0259t, iki d\u00f6vl\u0259t\u201d d\u00fc\u015f\u00fcnc\u0259si c\u0259nab Prezidentimizin v\u0259 Zati-alinizin liderliyi il\u0259 daha da g\u00fccl\u0259n\u0259r\u0259k b\u00f6lg\u0259nin t\u0259hl\u00fck\u0259sizliyinin v\u0259 sabitliyinin \u0259n b\u00f6y\u00fck t\u0259minat\u0131 olub.<\/p>\n<p>\u018fz\u0259li v\u0259 \u0259b\u0259di qarda\u015fl\u0131q \u0259laq\u0259l\u0259rimizi g\u0259l\u0259c\u0259k n\u0259sill\u0259r\u0259 \u00f6t\u00fcrm\u0259yin \u0259n m\u00fch\u00fcm ortaq m\u0259suliyy\u0259timiz oldu\u011fu d\u00fc\u015f\u00fcnc\u0259si il\u0259 T\u00fcrkiy\u0259 h\u0259m sevincli, h\u0259m d\u0259 k\u0259d\u0259rli g\u00fcnl\u0259rd\u0259 b\u00fct\u00fcn imkanlar\u0131 il\u0259 daim can qarda\u015f\u0131m\u0131z Az\u0259rbaycan\u0131n yan\u0131nda olmaqda davam ed\u0259c\u0259kdir.<\/p>\n<p>F\u00fcrs\u0259td\u0259n istifad\u0259 ed\u0259r\u0259k Az\u0259rbaycan Prezidenti v\u0259zif\u0259sin\u0259 yenid\u0259n se\u00e7ilm\u0259yiniz m\u00fcnasib\u0259til\u0259 Zati-alinizi \u015f\u0259xs\u0259n \u00f6z ad\u0131mdan v\u0259 Milli M\u00fcdafi\u0259 Nazirliyi ad\u0131ndan bir daha t\u0259brik edir, ba\u015fda \u015f\u0259xsiniz olmaqla dost v\u0259 qarda\u015f Az\u0259rbaycan xalq\u0131na rifah v\u0259 \u0259min-amanl\u0131q dil\u0259yir\u0259m&#8221;.<\/p>\n","protected":false},"excerpt":{"rendered":"<p>T\u00fcrkiy\u0259nin milli m\u00fcdafi\u0259 naziri Ya\u015far G\u00fcl\u0259r Az\u0259rbaycan Prezidenti \u0130lham \u018fliyev\u0259 t\u0259brik m\u0259ktubu g\u00f6nd\u0259rib. \u201c\u0130NFONEWS\u201d \u00a0x\u0259b\u0259r verir ki, m\u0259ktubda deyilir: &#8220;H\u00f6rm\u0259tli c\u0259nab Prezidentim. Yenid\u0259n Prezident se\u00e7ilm\u0259yiniz m\u00fcnasib\u0259til\u0259 Zati-alinizi t\u0259brik edir\u0259m. Sizin&hellip; <\/p>\n","protected":false},"author":30,"featured_media":40527,"comment_status":"open","ping_status":"open","sticky":false,"template":"","format":"standard","meta":{"_mi_skip_tracking":false,"_monsterinsights_sitenote_active":false,"_monsterinsights_sitenote_note":"","_monsterinsights_sitenote_category":0,"footnotes":""},"categories":[6,11],"tags":[139,6987,12],"aioseo_notices":[],"_links":{"self":[{"href":"https:\/\/infonews.az\/index.php?rest_route=\/wp\/v2\/posts\/40526"}],"collection":[{"href":"https:\/\/infonews.az\/index.php?rest_route=\/wp\/v2\/posts"}],"about":[{"href":"https:\/\/infonews.az\/index.php?rest_route=\/wp\/v2\/types\/post"}],"author":[{"embeddable":true,"href":"https:\/\/infonews.az\/index.php?rest_route=\/wp\/v2\/users\/30"}],"replies":[{"embeddable":true,"href":"https:\/\/infonews.az\/index.php?rest_route=%2Fwp%2Fv2%2Fcomments&post=40526"}],"version-history":[{"count":1,"href":"https:\/\/infonews.az\/index.php?rest_route=\/wp\/v2\/posts\/40526\/revisions"}],"predecessor-version":[{"id":40528,"href":"https:\/\/infonews.az\/index.php?rest_route=\/wp\/v2\/posts\/40526\/revisions\/40528"}],"wp:featuredmedia":[{"embeddable":true,"href":"https:\/\/infonews.az\/index.php?rest_route=\/wp\/v2\/media\/40527"}],"wp:attachment":[{"href":"https:\/\/infonews.az\/index.php?rest_route=%2Fwp%2Fv2%2Fmedia&parent=40526"}],"wp:term":[{"taxonomy":"category","embeddable":true,"href":"https:\/\/infonews.az\/index.php?rest_route=%2Fwp%2Fv2%2Fcategories&post=40526"},{"taxonomy":"post_tag","embeddable":true,"href":"https:\/\/infonews.az\/index.php?rest_route=%2Fwp%2Fv2%2Ftags&post=40526"}],"curies":[{"name":"wp","href":"https:\/\/api.w.org\/{rel}","templated":true}]}}