{"id":40604,"date":"2024-02-19T15:14:39","date_gmt":"2024-02-19T11:14:39","guid":{"rendered":"https:\/\/infonews.az\/?p=40604"},"modified":"2024-02-19T15:14:39","modified_gmt":"2024-02-19T11:14:39","slug":"abs-konqresinin-uzvu-az%c9%99rbaycan-prezidentini-t%c9%99brik-edib","status":"publish","type":"post","link":"https:\/\/infonews.az\/?p=40604","title":{"rendered":"AB\u015e Konqresinin \u00fczv\u00fc Az\u0259rbaycan Prezidentini t\u0259brik edib"},"content":{"rendered":"<blockquote><p>AB\u015e Konqresinin N\u00fcmay\u0259nd\u0259l\u0259r Palatas\u0131n\u0131n \u00fczv\u00fc Pol Qosar Az\u0259rbaycan Prezidenti \u0130lham \u018fliyev\u0259 t\u0259brik m\u0259ktubu g\u00f6nd\u0259rib.<\/p><\/blockquote>\n<p><a href=\"https:\/\/infonews.az\/?p=40590\"><strong>\u201c\u0130NFONEWS\u201d<\/strong><\/a> x\u0259b\u0259r verir ki, m\u0259ktubda deyilir:<\/p>\n<p>&#8220;H\u00f6rm\u0259tli Prezident \u018fliyev.<\/p>\n<p>Yenid\u0259n Az\u0259rbaycan Respublikas\u0131n\u0131n Prezidenti se\u00e7ilm\u0259yiniz m\u00fcnasib\u0259til\u0259 Siz\u0259 \u0259n s\u0259mimi t\u0259brikl\u0259rimi \u00e7atd\u0131r\u0131ram.<\/p>\n<p>Az\u0259rbaycan xalq\u0131n\u0131n b\u00f6y\u00fck \u0259ks\u0259riyy\u0259ti y\u00fcks\u0259k inam g\u00f6st\u0259r\u0259r\u0259k d\u00f6vl\u0259ti idar\u0259 etm\u0259k \u00fc\u00e7\u00fcn n\u00f6vb\u0259ti d\u0259f\u0259 mandat\u0131 Siz\u0259 h\u0259val\u0259 etdi. Xalq Siz\u0259 etimad g\u00f6st\u0259rdi, q\u0259tiyy\u0259tli v\u0259 g\u00fccl\u00fc lider oldu\u011funuz \u00fc\u00e7\u00fcn \u00f6lk\u0259nin s\u00fckan\u0131n\u0131 yenid\u0259n Siz\u0259 etibar etdi.<\/p>\n<p>\u018fmin\u0259m ki, Siz Az\u0259rbaycan \u00fc\u00e7\u00fcn v\u0259 Birl\u0259\u015fmi\u015f \u015etatlar il\u0259 \u0259laq\u0259l\u0259rin inki\u015faf\u0131 istiqam\u0259tind\u0259 g\u00f6rd\u00fcy\u00fcn\u00fcz g\u00f6z\u0259l i\u015fl\u0259ri davam etdir\u0259c\u0259ksiniz. \u00d6lk\u0259niz xalq\u0131n m\u0259nafeyini h\u0259r \u015feyd\u0259n \u00fcst\u00fcn tutan, h\u0259m daxild\u0259, h\u0259m d\u0259 xaricd\u0259 s\u00fclh v\u0259 firavanl\u0131\u011fa sadiq olan g\u00fccl\u00fc v\u0259 bacar\u0131ql\u0131 lider\u0259 layiqdir.<\/p>\n<p>\u00dcmidvaram ki, yeni prezidentliyiniz d\u00f6vr\u00fcnd\u0259 \u00f6lk\u0259l\u0259rimiz iqtisadi v\u0259 t\u0259hl\u00fck\u0259sizlik sah\u0259sind\u0259 \u0259m\u0259kda\u015fl\u0131\u011f\u0131 daha da g\u00fccl\u0259ndir\u0259c\u0259k. Hesab edir\u0259m ki, \u00f6lk\u0259l\u0259rimiz aras\u0131nda ikit\u0259r\u0259fli qar\u015f\u0131l\u0131ql\u0131 faydal\u0131 \u0259laq\u0259l\u0259r bundan sonra da inki\u015faf etm\u0259li v\u0259 m\u00f6hk\u0259ml\u0259nm\u0259lidir.<\/p>\n<p>Sizi yenid\u0259n Prezident se\u00e7ilm\u0259yiniz m\u00fcnasib\u0259til\u0259 bir daha t\u0259brik edir\u0259m. Tanr\u0131 Sizi v\u0259 b\u00fct\u00fcn az\u0259rbaycanl\u0131lar\u0131 qorusun, yeni liderlik d\u00f6vr\u00fcn\u00fcz s\u00fclh, firavanl\u0131q v\u0259 b\u00f6y\u00fck u\u011furlar g\u0259tirsin!&#8221;.<\/p>\n","protected":false},"excerpt":{"rendered":"<p>AB\u015e Konqresinin N\u00fcmay\u0259nd\u0259l\u0259r Palatas\u0131n\u0131n \u00fczv\u00fc Pol Qosar Az\u0259rbaycan Prezidenti \u0130lham \u018fliyev\u0259 t\u0259brik m\u0259ktubu g\u00f6nd\u0259rib. \u201c\u0130NFONEWS\u201d x\u0259b\u0259r verir ki, m\u0259ktubda deyilir: &#8220;H\u00f6rm\u0259tli Prezident \u018fliyev. Yenid\u0259n Az\u0259rbaycan Respublikas\u0131n\u0131n Prezidenti se\u00e7ilm\u0259yiniz m\u00fcnasib\u0259til\u0259 Siz\u0259&hellip; <\/p>\n","protected":false},"author":30,"featured_media":40606,"comment_status":"open","ping_status":"open","sticky":false,"template":"","format":"standard","meta":{"_mi_skip_tracking":false,"_monsterinsights_sitenote_active":false,"_monsterinsights_sitenote_note":"","_monsterinsights_sitenote_category":0,"footnotes":""},"categories":[11,10171],"tags":[153,12779,20,12778,139,6987],"aioseo_notices":[],"_links":{"self":[{"href":"https:\/\/infonews.az\/index.php?rest_route=\/wp\/v2\/posts\/40604"}],"collection":[{"href":"https:\/\/infonews.az\/index.php?rest_route=\/wp\/v2\/posts"}],"about":[{"href":"https:\/\/infonews.az\/index.php?rest_route=\/wp\/v2\/types\/post"}],"author":[{"embeddable":true,"href":"https:\/\/infonews.az\/index.php?rest_route=\/wp\/v2\/users\/30"}],"replies":[{"embeddable":true,"href":"https:\/\/infonews.az\/index.php?rest_route=%2Fwp%2Fv2%2Fcomments&post=40604"}],"version-history":[{"count":1,"href":"https:\/\/infonews.az\/index.php?rest_route=\/wp\/v2\/posts\/40604\/revisions"}],"predecessor-version":[{"id":40607,"href":"https:\/\/infonews.az\/index.php?rest_route=\/wp\/v2\/posts\/40604\/revisions\/40607"}],"wp:featuredmedia":[{"embeddable":true,"href":"https:\/\/infonews.az\/index.php?rest_route=\/wp\/v2\/media\/40606"}],"wp:attachment":[{"href":"https:\/\/infonews.az\/index.php?rest_route=%2Fwp%2Fv2%2Fmedia&parent=40604"}],"wp:term":[{"taxonomy":"category","embeddable":true,"href":"https:\/\/infonews.az\/index.php?rest_route=%2Fwp%2Fv2%2Fcategories&post=40604"},{"taxonomy":"post_tag","embeddable":true,"href":"https:\/\/infonews.az\/index.php?rest_route=%2Fwp%2Fv2%2Ftags&post=40604"}],"curies":[{"name":"wp","href":"https:\/\/api.w.org\/{rel}","templated":true}]}}