{"id":40632,"date":"2024-02-19T16:00:41","date_gmt":"2024-02-19T12:00:41","guid":{"rendered":"https:\/\/infonews.az\/?p=40632"},"modified":"2024-02-19T16:00:41","modified_gmt":"2024-02-19T12:00:41","slug":"milli-m%c9%99n%c9%99vi-d%c9%99y%c9%99rl%c9%99rin-qorunmasi-prezident-ilham-eliyevin-daim-diqq%c9%99t-m%c9%99rk%c9%99zind%c9%99-olub","status":"publish","type":"post","link":"https:\/\/infonews.az\/?p=40632","title":{"rendered":"&#8220;Milli-m\u0259n\u0259vi d\u0259y\u0259rl\u0259rin qorunmas\u0131 Prezident \u0130lham \u018fliyevin daim diqq\u0259t m\u0259rk\u0259zind\u0259 olub&#8221;"},"content":{"rendered":"<p><span style=\"color: #ffffff;\">&#8220;Milli-m\u0259n\u0259vi d\u0259y\u0259rl\u0259rin qorunmas\u0131 Prezident \u0130lham \u018fliyevin daim diqq\u0259t m\u0259rk\u0259zind\u0259 olub&#8221;<\/span><\/p>\n<blockquote><p>Az\u0259rbaycan xalq\u0131n\u0131n tarixd\u0259n s\u00fcz\u00fcl\u00fcb-g\u0259l\u0259n milli-m\u0259n\u0259vi d\u0259y\u0259rl\u0259rinin qorunmas\u0131 Prezident \u0130lham \u018fliyevin daim diqq\u0259t m\u0259rk\u0259zind\u0259 olub. T\u0259sad\u00fcfi deyil ki, fevral\u0131n 14-d\u0259 ke\u00e7iril\u0259n m\u0259rasimd\u0259 d\u00f6vl\u0259timizin ba\u015f\u00e7\u0131s\u0131 \u201cQurani-\u015e\u0259rif\u201d\u0259 \u0259l basaraq Az\u0259rbaycan xalq\u0131n\u0131n \u0259srl\u0259r boyu yaratd\u0131\u011f\u0131 milli-m\u0259n\u0259vi d\u0259y\u0259rl\u0259r\u0259 v\u0259 \u0259n\u0259n\u0259l\u0259r\u0259 sadiq olaca\u011f\u0131na, onlar\u0131 daim uca tutaca\u011f\u0131na and i\u00e7di. Az\u0259rbaycan Prezidentinin andi\u00e7m\u0259 m\u0259rasimind\u0259ki nitqin\u0259 n\u0259z\u0259r sald\u0131qda bundan sonra da s\u00f6z\u00fcged\u0259n istiqam\u0259tin d\u00f6vl\u0259timizin ba\u015f\u00e7\u0131s\u0131n\u0131n x\u00fcsusi diqq\u0259t m\u0259rk\u0259zind\u0259 olaca\u011f\u0131n\u0131 \u0259minlikl\u0259 dey\u0259 bil\u0259rik. Qloballa\u015fma prosesi bir t\u0259r\u0259fd\u0259n m\u00fcxt\u0259lif m\u0259d\u0259niyy\u0259tl\u0259r\u0259 m\u0259nsub insanlar\u0131n yax\u0131nla\u015fmas\u0131, qar\u015f\u0131l\u0131ql\u0131 \u015f\u0259kild\u0259 bir-birinin nailiyy\u0259tl\u0259rind\u0259n istifad\u0259 etm\u0259si bax\u0131m\u0131ndan m\u00fcsb\u0259t t\u0259sir\u0259 malik olsa da, dig\u0259r t\u0259r\u0259fd\u0259n Q\u0259rb sivilizasiyas\u0131n\u0131n \u00f6z hegemoniyas\u0131n\u0131 art\u0131rmas\u0131, ba\u015fqa m\u0259d\u0259niyy\u0259tl\u0259rin Q\u0259rb m\u0259d\u0259niyy\u0259ti i\u00e7\u0259risind\u0259 \u0259rim\u0259si v\u0259 assimilyasiyaya m\u0259ruz qalmas\u0131 il\u0259 n\u0259tic\u0259l\u0259nir. Bu bax\u0131mdan qloballa\u015fan d\u00fcnyada h\u0259r bir xalq\u0131n \u00f6z milli-m\u0259n\u0259vi d\u0259y\u0259rl\u0259rin\u0259 sahib \u00e7\u0131xmas\u0131, x\u00fcsusil\u0259 d\u0259 bu d\u0259y\u0259rl\u0259rin g\u0259nc n\u0259sill\u0259r\u0259 t\u0259lqin edilm\u0259si b\u00f6y\u00fck \u0259h\u0259miyy\u0259t da\u015f\u0131y\u0131r. Qloballa\u015fman\u0131 bir sel\u0259 b\u0259nz\u0259ts\u0259k, milli-m\u0259n\u0259vi d\u0259y\u0259rl\u0259r bu selin \u00f6n\u00fcnd\u0259 s\u00fcr\u00fckl\u0259nm\u0259m\u0259k \u00fc\u00e7\u00fcn tuta bil\u0259c\u0259yimiz g\u00fccl\u00fc k\u00f6k\u0259 malik a\u011faclard\u0131r. Sel g\u0259l\u0259nd\u0259 z\u0259if k\u00f6kl\u00fc a\u011faclar\u0131 apar\u0131r, amma k\u00f6k\u00fc q\u00fcvv\u0259tli a\u011faclar ayaqda qal\u0131r. G\u0259ncliyimiz milli-m\u0259n\u0259vi d\u0259y\u0259rl\u0259r\u0259 layiqinc\u0259 sahib \u00e7\u0131xsa, d\u00fcnyan\u0131n inki\u015faf\u0131ndan geri qalmamaqla yana\u015f\u0131, m\u0259d\u0259ni assimiliyasiyadan da s\u0131\u011fortalanm\u0131\u015f olar. Prezident \u0130lham \u018fliyevin andi\u00e7m\u0259 m\u0259rasimind\u0259ki nitqind\u0259 yer alan \u201cBiz el\u0259 bir g\u0259nc n\u0259sil yeti\u015fdirm\u0259liyik ki, onlar da daim bizim kimi milli \u0259n\u0259n\u0259l\u0259r\u0259, milli-m\u0259n\u0259vi d\u0259y\u0259rl\u0259r\u0259 sadiq olsunlar, onlar\u0131n beyinl\u0259ri saf olsun. He\u00e7 kim onlar\u0131n beyinl\u0259rini z\u0259h\u0259rl\u0259m\u0259k ist\u0259y\u0259nd\u0259 u\u011fura nail olmas\u0131n&#8230;\u201d s\u00f6zl\u0259ri m\u0259hz bu m\u0259qam\u0131 \u00f6n\u0259 \u00e7\u0259kir.<\/p><\/blockquote>\n<p><a href=\"https:\/\/infonews.az\/?p=40632\"><span style=\"color: #333399;\"><strong>&#8220;\u0130NFONEWS&#8221;<\/strong> <\/span><\/a>&#8211; un \u0259ld\u0259 etdiyi m\u0259lumat\u0131na g\u00f6r\u0259, bu s\u00f6zl\u0259ri Az\u0259rbaycan \u0130lahiyyat \u0130nstitutunun rektoru Aqil \u015eirinov s\u00f6yl\u0259yib.<\/p>\n<p>O bildirib ki, Prezident \u0130lham \u018fliyev nitqind\u0259 milli-m\u0259n\u0259vi d\u0259y\u0259rl\u0259rin qorunmas\u0131 v\u0259 g\u0259l\u0259c\u0259k n\u0259sill\u0259r\u0259 \u00f6t\u00fcr\u00fclm\u0259si yollar\u0131n\u0131 da g\u00f6st\u0259rdi, bunun, ilk n\u00f6vb\u0259d\u0259, milli d\u0259y\u0259rl\u0259r\u0259 s\u00f6yk\u0259n\u0259n ail\u0259 v\u0259 m\u0259kt\u0259b t\u0259rbiy\u0259sind\u0259n ke\u00e7diyini x\u00fcsusi vur\u011fulad\u0131. D\u00f6vl\u0259timizin ba\u015f\u00e7\u0131s\u0131n\u0131n f\u0259aliyy\u0259tl\u0259rin\u0259 n\u0259z\u0259r sald\u0131qda g\u00f6r\u00fcr\u00fck ki, milli-m\u0259n\u0259vi d\u0259y\u0259rl\u0259rin qorunmas\u0131 v\u0259 t\u0259bli\u011fi \u00fc\u00e7\u00fcn bir \u00e7ox \u0259m\u0259li add\u0131m at\u0131l\u0131r, bu sah\u0259d\u0259 d\u00f6vl\u0259t siyas\u0259ti h\u0259yata ke\u00e7irilir. M\u0259s\u0259l\u0259n, Az\u0259rbaycan Prezidentinin F\u0259rman\u0131 il\u0259 2017-ci ild\u0259 Dini Qurumlarla \u0130\u015f \u00fczr\u0259 D\u00f6vl\u0259t Komit\u0259sinin tabeliyind\u0259 M\u0259n\u0259vi D\u0259y\u0259rl\u0259rin T\u0259bli\u011fi Fondunun yarad\u0131lmas\u0131 bunun \u0259yani n\u00fcmun\u0259sidir. \u00d6lk\u0259mizd\u0259 tarix\u0259n formala\u015fm\u0131\u015f milli-m\u0259n\u0259vi d\u0259y\u0259rl\u0259rin t\u0259bli\u011fi bu fondun ba\u015fl\u0131ca f\u0259aliyy\u0259t istiqam\u0259tl\u0259rind\u0259n biridir. H\u0259m\u00e7inin 2018-ci ild\u0259 Prezident \u0130lham \u018fliyevin S\u0259r\u0259ncam\u0131 il\u0259 Az\u0259rbaycan \u0130lahiyyat \u0130nstitutunun yarad\u0131lmas\u0131n\u0131n \u0259sas m\u0259qs\u0259di d\u0259 m\u0259hz m\u0259n\u0259vi d\u0259y\u0259rl\u0259rin qorunmas\u0131 sah\u0259sind\u0259 f\u0259aliyy\u0259t g\u00f6st\u0259r\u0259n savadl\u0131 kadrlar\u0131n haz\u0131rlanmas\u0131n\u0131 t\u0259min etm\u0259kdir.<\/p>\n<p>A.\u015eirinovun s\u00f6zl\u0259rin\u0259 g\u00f6r\u0259, milli-m\u0259n\u0259vi d\u0259y\u0259rl\u0259r c\u0259miyy\u0259ti ayaqda saxlayan, ictimai h\u0259mr\u0259yliyi t\u0259min ed\u0259n \u0259sas s\u00fctunlard\u0131r. Bu s\u00fctunlar n\u0259 q\u0259d\u0259r g\u00fccl\u00fc olsa, c\u0259miyy\u0259t d\u0259 bir o q\u0259d\u0259r m\u0259nfi yad t\u0259sirl\u0259rd\u0259n s\u0131\u011fortalanm\u0131\u015f olar. Prezident \u0130lham \u018fliyev d\u0259 andi\u00e7m\u0259 m\u0259rasimind\u0259 m\u0259hz bu m\u0259qam\u0131 \u00f6n\u0259 \u00e7\u0259kir: \u201cB\u00fct\u00f6vl\u00fckd\u0259 milli-m\u0259n\u0259vi d\u0259y\u0259rl\u0259r\u0259 g\u0259ldikd\u0259, bu, bizim c\u0259miyy\u0259timizin \u0259sas\u0131d\u0131r v\u0259 bu, sars\u0131lmaz varl\u0131qd\u0131r, sars\u0131lmaz d\u0259y\u0259rdir v\u0259 bunu sars\u0131lmaz etm\u0259k bizim \u0259limizd\u0259dir\u201d.<\/p>\n<p>H\u0259qiq\u0259t\u0259n d\u0259 Prezident \u0130lham \u018fliyevin s\u00f6z\u00fcged\u0259n istiqam\u0259td\u0259ki m\u0259qs\u0259dy\u00f6nl\u00fc siyas\u0259ti v\u0259 \u0259m\u0259li f\u0259aliyy\u0259ti onu dem\u0259y\u0259 \u0259sas verir ki, n\u00f6vb\u0259ti prezidentlik d\u00f6vr\u00fcnd\u0259 d\u0259 milli-m\u0259n\u0259vi d\u0259y\u0259rl\u0259rin qorunub-saxlan\u0131lmas\u0131 v\u0259 g\u0259l\u0259c\u0259k n\u0259sill\u0259r\u0259 \u00f6t\u00fcr\u00fclm\u0259si \u0259sas prioritetl\u0259rind\u0259n biri olacaq.<\/p>\n","protected":false},"excerpt":{"rendered":"<p>&#8220;Milli-m\u0259n\u0259vi d\u0259y\u0259rl\u0259rin qorunmas\u0131 Prezident \u0130lham \u018fliyevin daim diqq\u0259t m\u0259rk\u0259zind\u0259 olub&#8221; Az\u0259rbaycan xalq\u0131n\u0131n tarixd\u0259n s\u00fcz\u00fcl\u00fcb-g\u0259l\u0259n milli-m\u0259n\u0259vi d\u0259y\u0259rl\u0259rinin qorunmas\u0131 Prezident \u0130lham \u018fliyevin daim diqq\u0259t m\u0259rk\u0259zind\u0259 olub. T\u0259sad\u00fcfi deyil ki, fevral\u0131n 14-d\u0259 ke\u00e7iril\u0259n&hellip; <\/p>\n","protected":false},"author":14,"featured_media":40634,"comment_status":"open","ping_status":"open","sticky":false,"template":"","format":"standard","meta":{"_mi_skip_tracking":false,"_monsterinsights_sitenote_active":false,"_monsterinsights_sitenote_note":"","_monsterinsights_sitenote_category":0,"footnotes":""},"categories":[4,11,3],"tags":[1372,556,15],"aioseo_notices":[],"_links":{"self":[{"href":"https:\/\/infonews.az\/index.php?rest_route=\/wp\/v2\/posts\/40632"}],"collection":[{"href":"https:\/\/infonews.az\/index.php?rest_route=\/wp\/v2\/posts"}],"about":[{"href":"https:\/\/infonews.az\/index.php?rest_route=\/wp\/v2\/types\/post"}],"author":[{"embeddable":true,"href":"https:\/\/infonews.az\/index.php?rest_route=\/wp\/v2\/users\/14"}],"replies":[{"embeddable":true,"href":"https:\/\/infonews.az\/index.php?rest_route=%2Fwp%2Fv2%2Fcomments&post=40632"}],"version-history":[{"count":1,"href":"https:\/\/infonews.az\/index.php?rest_route=\/wp\/v2\/posts\/40632\/revisions"}],"predecessor-version":[{"id":40638,"href":"https:\/\/infonews.az\/index.php?rest_route=\/wp\/v2\/posts\/40632\/revisions\/40638"}],"wp:featuredmedia":[{"embeddable":true,"href":"https:\/\/infonews.az\/index.php?rest_route=\/wp\/v2\/media\/40634"}],"wp:attachment":[{"href":"https:\/\/infonews.az\/index.php?rest_route=%2Fwp%2Fv2%2Fmedia&parent=40632"}],"wp:term":[{"taxonomy":"category","embeddable":true,"href":"https:\/\/infonews.az\/index.php?rest_route=%2Fwp%2Fv2%2Fcategories&post=40632"},{"taxonomy":"post_tag","embeddable":true,"href":"https:\/\/infonews.az\/index.php?rest_route=%2Fwp%2Fv2%2Ftags&post=40632"}],"curies":[{"name":"wp","href":"https:\/\/api.w.org\/{rel}","templated":true}]}}