{"id":40697,"date":"2024-02-20T15:46:09","date_gmt":"2024-02-20T11:46:09","guid":{"rendered":"https:\/\/infonews.az\/?p=40697"},"modified":"2024-02-20T15:46:09","modified_gmt":"2024-02-20T11:46:09","slug":"k%c9%99mal%c9%99ddin-heyd%c9%99rov-masallida-v%c9%99t%c9%99ndaslari-q%c9%99bul-ed%c9%99c%c9%99k","status":"publish","type":"post","link":"https:\/\/infonews.az\/?p=40697","title":{"rendered":"K\u0259mal\u0259ddin Heyd\u0259rov Masall\u0131da v\u0259t\u0259nda\u015flar\u0131 q\u0259bul ed\u0259c\u0259k"},"content":{"rendered":"<blockquote><p>F\u00f6vq\u0259lad\u0259 Hallar naziri K\u0259mal\u0259ddin Heyd\u0259rovun Yard\u0131ml\u0131 \u015f\u0259h\u0259rind\u0259 ke\u00e7irilm\u0259si n\u0259z\u0259rd\u0259 tutulan v\u0259t\u0259nda\u015flar\u0131n q\u0259bulunun tarixi v\u0259 yeri d\u0259yi\u015fib.<\/p><\/blockquote>\n<p>Bu bar\u0259d\u0259 <a href=\"https:\/\/infonews.az\/?p=40684\"><strong>\u201c\u0130NFONEWS\u201d<\/strong>\u00a0<\/a>-a\u00a0F\u00f6vq\u0259lad\u0259 Hallar Nazirliyind\u0259n m\u0259lumat verilib.<\/p>\n<p>Bel\u0259 ki, nazir K\u0259mal\u0259ddin Heyd\u0259rov t\u0259r\u0259find\u0259n Masall\u0131, Yard\u0131ml\u0131 v\u0259 Lerik rayonlar\u0131 sakinl\u0259rinin q\u0259bulu 24 fevral 2024-c\u00fc il tarixind\u0259 Masall\u0131 \u015f\u0259h\u0259rind\u0259, Heyd\u0259r \u018fliyev M\u0259rk\u0259zinin binas\u0131nda saat 10.00-dan ke\u00e7iril\u0259c\u0259kdir.<\/p>\n<p>Q\u0259bula g\u0259l\u0259n v\u0259t\u0259nda\u015flar\u0131n qeydiyyat\u0131 23 fevral 2024-c\u00fc il tarixind\u0259 Masall\u0131 \u015f\u0259h\u0259rind\u0259, Heyd\u0259r \u018fliyev M\u0259rk\u0259zinin binas\u0131nda saat 09.00-da ba\u015flayacaqd\u0131r.<\/p>\n<p>Q\u0259bulda yaln\u0131z F\u00f6vq\u0259lad\u0259 Hallar Nazirliyinin s\u0259lahiyy\u0259tl\u0259rin\u0259 aid m\u00fcraci\u0259tl\u0259r\u0259 bax\u0131lacaq.<\/p>\n<p>Q\u0259bula g\u0259l\u0259n v\u0259t\u0259nda\u015flar \u015f\u0259xsiyy\u0259ti t\u0259sdiq ed\u0259n s\u0259n\u0259d t\u0259qdim etm\u0259lidirl\u0259r.<\/p>\n","protected":false},"excerpt":{"rendered":"<p>F\u00f6vq\u0259lad\u0259 Hallar naziri K\u0259mal\u0259ddin Heyd\u0259rovun Yard\u0131ml\u0131 \u015f\u0259h\u0259rind\u0259 ke\u00e7irilm\u0259si n\u0259z\u0259rd\u0259 tutulan v\u0259t\u0259nda\u015flar\u0131n q\u0259bulunun tarixi v\u0259 yeri d\u0259yi\u015fib. Bu bar\u0259d\u0259 \u201c\u0130NFONEWS\u201d\u00a0-a\u00a0F\u00f6vq\u0259lad\u0259 Hallar Nazirliyind\u0259n m\u0259lumat verilib. Bel\u0259 ki, nazir K\u0259mal\u0259ddin Heyd\u0259rov t\u0259r\u0259find\u0259n Masall\u0131,&hellip; <\/p>\n","protected":false},"author":30,"featured_media":40698,"comment_status":"open","ping_status":"open","sticky":false,"template":"","format":"standard","meta":{"_mi_skip_tracking":false,"_monsterinsights_sitenote_active":false,"_monsterinsights_sitenote_note":"","_monsterinsights_sitenote_category":0,"footnotes":""},"categories":[10170,11],"tags":[27,1352,3917,11631,134,4283],"aioseo_notices":[],"_links":{"self":[{"href":"https:\/\/infonews.az\/index.php?rest_route=\/wp\/v2\/posts\/40697"}],"collection":[{"href":"https:\/\/infonews.az\/index.php?rest_route=\/wp\/v2\/posts"}],"about":[{"href":"https:\/\/infonews.az\/index.php?rest_route=\/wp\/v2\/types\/post"}],"author":[{"embeddable":true,"href":"https:\/\/infonews.az\/index.php?rest_route=\/wp\/v2\/users\/30"}],"replies":[{"embeddable":true,"href":"https:\/\/infonews.az\/index.php?rest_route=%2Fwp%2Fv2%2Fcomments&post=40697"}],"version-history":[{"count":1,"href":"https:\/\/infonews.az\/index.php?rest_route=\/wp\/v2\/posts\/40697\/revisions"}],"predecessor-version":[{"id":40699,"href":"https:\/\/infonews.az\/index.php?rest_route=\/wp\/v2\/posts\/40697\/revisions\/40699"}],"wp:featuredmedia":[{"embeddable":true,"href":"https:\/\/infonews.az\/index.php?rest_route=\/wp\/v2\/media\/40698"}],"wp:attachment":[{"href":"https:\/\/infonews.az\/index.php?rest_route=%2Fwp%2Fv2%2Fmedia&parent=40697"}],"wp:term":[{"taxonomy":"category","embeddable":true,"href":"https:\/\/infonews.az\/index.php?rest_route=%2Fwp%2Fv2%2Fcategories&post=40697"},{"taxonomy":"post_tag","embeddable":true,"href":"https:\/\/infonews.az\/index.php?rest_route=%2Fwp%2Fv2%2Ftags&post=40697"}],"curies":[{"name":"wp","href":"https:\/\/api.w.org\/{rel}","templated":true}]}}