{"id":40706,"date":"2024-02-20T16:01:15","date_gmt":"2024-02-20T12:01:15","guid":{"rendered":"https:\/\/infonews.az\/?p=40706"},"modified":"2024-02-20T16:01:15","modified_gmt":"2024-02-20T12:01:15","slug":"b%c9%99zi-qanunlara-uygunlasdirma-xarakterli-d%c9%99yisiklikl%c9%99r-edilir","status":"publish","type":"post","link":"https:\/\/infonews.az\/?p=40706","title":{"rendered":"B\u0259zi qanunlara uy\u011funla\u015fd\u0131rma xarakterli d\u0259yi\u015fiklikl\u0259r edilir"},"content":{"rendered":"<blockquote><p>Milli M\u0259clisin H\u00fcquq siyas\u0259ti v\u0259 d\u00f6vl\u0259t quruculu\u011fu komit\u0259sinin onlayn formatda ke\u00e7iril\u0259n iclas\u0131nda b\u0259zi qanunlara uy\u011funla\u015fd\u0131rma xarakterli d\u0259yi\u015fiklikl\u0259r m\u00fczakir\u0259 edilib.<\/p><\/blockquote>\n<p><a href=\"https:\/\/infonews.az\/?p=40684\"><strong>\u201c\u0130NFONEWS\u201d<\/strong>\u00a0<\/a>-\u00fcn x\u0259b\u0259rin\u0259 g\u00f6r\u0259, Milli M\u0259clis s\u0259drinin birinci m\u00fcavini, parlamentin H\u00fcquq siyas\u0259ti v\u0259 d\u00f6vl\u0259t quruculu\u011fu komit\u0259sinin s\u0259dri \u018fli H\u00fcseynlinin s\u0259drliyi il\u0259 ke\u00e7iril\u0259n toplant\u0131n\u0131n g\u00fcnd\u0259liy\u0259 5 m\u0259s\u0259l\u0259 daxildir.<\/p>\n<p>Birinci m\u0259s\u0259l\u0259 Fikr\u0259t F\u0259rrux o\u011flu M\u0259mm\u0259dovun Az\u0259rbaycan Respublikas\u0131 Konstitusiya M\u0259hk\u0259m\u0259sinin hakimi v\u0259zif\u0259sin\u0259 t\u0259yin edilm\u0259si haqq\u0131ndad\u0131r. \u018fli H\u00fcseynli Fikr\u0259t M\u0259mm\u0259dovu pe\u015f\u0259kar h\u00fcquq\u015f\u00fcnas v\u0259 qanunun aliliyini h\u0259mi\u015f\u0259 uca tutan kadr kimi d\u0259y\u0259rl\u0259ndirib. Bildirib ki, Fikr\u0259t M\u0259mm\u0259dov bu v\u0259zif\u0259y\u0259 t\u0259yin olunmaqla Konstitusiya M\u0259hk\u0259m\u0259sinin f\u0259aliyy\u0259tin\u0259 \u00f6z t\u00f6hf\u0259l\u0259rini ver\u0259c\u0259k.<\/p>\n<p>M\u0259s\u0259l\u0259 bar\u0259d\u0259 \u00e7\u0131x\u0131\u015f ed\u0259n komit\u0259 \u00fczvl\u0259ri F\u0259zail A\u011famal\u0131, B\u0259hruz M\u0259h\u0259rr\u0259mov, Tahir K\u0259rimli, \u018fmin\u0259 A\u011fazad\u0259, El\u015f\u0259n Musayev Fikr\u0259t M\u0259mm\u0259dovun t\u0259cr\u00fcb\u0259li h\u00fcquq\u015f\u00fcnas kimi \u00f6lk\u0259mizd\u0259 m\u0259hk\u0259m\u0259 islahatlar\u0131n\u0131n h\u0259yata ke\u00e7irilm\u0259si i\u015find\u0259 yax\u0131ndan i\u015ftirak etdiyini qeyd edibl\u0259r. Deputatlar onun h\u00fcquq ictimaiyy\u0259ti aras\u0131nda qazand\u0131\u011f\u0131 n\u00fcfuzu v\u0259 \u0259dliyy\u0259 sisteminin inki\u015faf\u0131 sah\u0259sind\u0259ki f\u0259aliyy\u0259tini y\u00fcks\u0259k qiym\u0259tl\u0259ndiribl\u0259r.<\/p>\n<p>\u0130clasda \u00e7\u0131x\u0131\u015f ed\u0259n Fikr\u0259t M\u0259mm\u0259dov ona g\u00f6st\u0259ril\u0259n y\u00fcks\u0259k etimada g\u00f6r\u0259 Prezident \u0130lham \u018fliyev\u0259 v\u0259 onun namiz\u0259dliyini d\u0259st\u0259kl\u0259dikl\u0259ri \u00fc\u00e7\u00fcn deputatlara t\u0259\u015f\u0259kk\u00fcr\u00fcn\u00fc bildirib.<\/p>\n<p>Sonra m\u0259s\u0259l\u0259 Milli M\u0259clisin plenar iclas\u0131nda m\u00fczakir\u0259y\u0259 t\u00f6vsiy\u0259 olunub.<\/p>\n<p>\u018fli H\u00fcseynli bildirib ki, g\u00fcnd\u0259liyin 2-ci m\u0259s\u0259l\u0259si \u00f6lk\u0259 ba\u015f\u00e7\u0131s\u0131 t\u0259r\u0259find\u0259n daxil olmu\u015f \u201cM\u0259hk\u0259m\u0259l\u0259r v\u0259 hakiml\u0259r haqq\u0131nda\u201d qanuna d\u0259yi\u015fiklik layih\u0259sidir.<\/p>\n<p>Qanun layih\u0259sinin birinci oxunu\u015fu bar\u0259d\u0259 m\u0259lumat ver\u0259n M\u0259hk\u0259m\u0259 H\u00fcquq \u015euras\u0131n\u0131n Aparat r\u0259hb\u0259ri K\u0259r\u0259m Mansurov bildirib ki, bu d\u0259yi\u015fiklikl\u0259r \u0259dal\u0259t m\u00fchakim\u0259sinin s\u0259m\u0259r\u0259liliyinin y\u00fcks\u0259ldilm\u0259si, m\u0259hk\u0259m\u0259 f\u0259aliyy\u0259tinin t\u0259kmill\u0259\u015fdirilm\u0259si, M\u0259hk\u0259m\u0259 H\u00fcquq \u015euras\u0131na \u0259l\u00e7atanl\u0131\u011f\u0131n asanla\u015fd\u0131r\u0131lmas\u0131 m\u0259qs\u0259di da\u015f\u0131y\u0131r. D\u0259yi\u015fiklikl\u0259r m\u0259hk\u0259m\u0259 f\u0259aliyy\u0259tini tezl\u0259\u015fdirm\u0259y\u0259 k\u00f6m\u0259k ed\u0259c\u0259k.<\/p>\n<p>Sonra o, M\u0259hk\u0259m\u0259 H\u00fcquq \u015euras\u0131nda g\u00f6r\u00fclm\u00fc\u015f i\u015fl\u0259r bar\u0259d\u0259 m\u0259lumat verib, deputatlar\u0131 maraqland\u0131ran suallar\u0131 cavabland\u0131r\u0131b.<\/p>\n<p>Bu qanun layih\u0259si d\u0259 Milli M\u0259clisin plenar iclas\u0131nda m\u00fczakir\u0259y\u0259 t\u00f6vsiy\u0259 edilib.<\/p>\n<p>Sonra \u018fli H\u00fcseynli diqq\u0259t\u0259 \u00e7atd\u0131r\u0131b ki, g\u00fcnd\u0259liyin n\u00f6vb\u0259ti 2 m\u0259s\u0259l\u0259si \u201cF\u00f6vq\u0259lad\u0259 v\u0259ziyy\u0259t haqq\u0131nda\u201d qanuna d\u0259yi\u015fiklik edilm\u0259si bar\u0259d\u0259 Az\u0259rbaycan Respublikas\u0131n\u0131n 2023-c\u00fc il 24 fevral tarixli 824-VIQD n\u00f6mr\u0259li Qanununun icras\u0131 il\u0259 \u0259laq\u0259dar Az\u0259rbaycan Respublikas\u0131n\u0131n b\u0259zi qanunlar\u0131nda d\u0259yi\u015fiklik edilm\u0259si haqq\u0131nda qanun layih\u0259si v\u0259 \u0130nzibati X\u0259talar M\u0259c\u0259ll\u0259sin\u0259 d\u0259yi\u015fikliklayih\u0259si (birinci oxunu\u015f) \u00f6lk\u0259 ba\u015f\u00e7\u0131s\u0131 t\u0259r\u0259find\u0259n bir z\u0259rfd\u0259 daxil olub.<\/p>\n<p>Qanun layih\u0259l\u0259ri bar\u0259d\u0259 m\u0259lumat ver\u0259n deputat Kamal C\u0259f\u0259rov bildirib ki, h\u0259r iki m\u0259s\u0259l\u0259 2023-c\u00fc il fevral\u0131n 24-d\u0259 \u201cF\u00f6vq\u0259lad\u0259 v\u0259ziyy\u0259t haqq\u0131nda\u201d qanuna edilmi\u015f d\u0259yi\u015fiklikl\u0259rl\u0259 ba\u011fl\u0131d\u0131r v\u0259 onlara uy\u011funla\u015fd\u0131rma xarakteri da\u015f\u0131y\u0131r.<\/p>\n<p>H\u0259r iki qanun layih\u0259si Milli M\u0259clisin plenar iclas\u0131na t\u00f6vsiy\u0259 olunub.<\/p>\n<p>Sonra komit\u0259 s\u0259dri \u018fli H\u00fcseynli diqq\u0259t\u0259 \u00e7atd\u0131r\u0131b ki, g\u00fcnd\u0259liyin 5-ci m\u0259s\u0259l\u0259si ikinci oxunu\u015fda M\u00fclki Prosessual M\u0259c\u0259ll\u0259y\u0259 d\u0259yi\u015fiklik layih\u0259sidir. Qanun layih\u0259sini birinci oxunu\u015fda Milli M\u0259clisin plenar iclas\u0131nda deputat B\u0259hruz M\u0259h\u0259rr\u0259mov t\u0259qdim etmi\u015fdi. H\u0259min iclasda deputatlar\u0131n qald\u0131rd\u0131qlar\u0131 m\u0259s\u0259l\u0259l\u0259r\u0259 ayd\u0131nl\u0131q g\u0259tirilib.<\/p>\n<p>Sonra g\u00fcnd\u0259liyin 5-ci m\u0259s\u0259l\u0259si d\u0259 Milli M\u0259clisin plenar iclas\u0131nda m\u00fczakir\u0259y\u0259 t\u00f6vsiy\u0259 olunub.<\/p>\n<p>Onlayn iclasda komit\u0259 \u00fczvl\u0259ri Azay Quliyev, V\u00fcqar \u0130sk\u0259nd\u0259rov, Sabir Hac\u0131yev, C\u0259bi Quliyev v\u0259 dig\u0259r r\u0259smi \u015f\u0259xsl\u0259r i\u015ftirak edibl\u0259r.<\/p>\n","protected":false},"excerpt":{"rendered":"<p>Milli M\u0259clisin H\u00fcquq siyas\u0259ti v\u0259 d\u00f6vl\u0259t quruculu\u011fu komit\u0259sinin onlayn formatda ke\u00e7iril\u0259n iclas\u0131nda b\u0259zi qanunlara uy\u011funla\u015fd\u0131rma xarakterli d\u0259yi\u015fiklikl\u0259r m\u00fczakir\u0259 edilib. \u201c\u0130NFONEWS\u201d\u00a0-\u00fcn x\u0259b\u0259rin\u0259 g\u00f6r\u0259, Milli M\u0259clis s\u0259drinin birinci m\u00fcavini, parlamentin H\u00fcquq siyas\u0259ti&hellip; <\/p>\n","protected":false},"author":30,"featured_media":40615,"comment_status":"open","ping_status":"open","sticky":false,"template":"","format":"standard","meta":{"_mi_skip_tracking":false,"_monsterinsights_sitenote_active":false,"_monsterinsights_sitenote_note":"","_monsterinsights_sitenote_category":0,"footnotes":""},"categories":[10363,11],"tags":[10338,8220,12813,53,12812,5610],"aioseo_notices":[],"_links":{"self":[{"href":"https:\/\/infonews.az\/index.php?rest_route=\/wp\/v2\/posts\/40706"}],"collection":[{"href":"https:\/\/infonews.az\/index.php?rest_route=\/wp\/v2\/posts"}],"about":[{"href":"https:\/\/infonews.az\/index.php?rest_route=\/wp\/v2\/types\/post"}],"author":[{"embeddable":true,"href":"https:\/\/infonews.az\/index.php?rest_route=\/wp\/v2\/users\/30"}],"replies":[{"embeddable":true,"href":"https:\/\/infonews.az\/index.php?rest_route=%2Fwp%2Fv2%2Fcomments&post=40706"}],"version-history":[{"count":1,"href":"https:\/\/infonews.az\/index.php?rest_route=\/wp\/v2\/posts\/40706\/revisions"}],"predecessor-version":[{"id":40707,"href":"https:\/\/infonews.az\/index.php?rest_route=\/wp\/v2\/posts\/40706\/revisions\/40707"}],"wp:featuredmedia":[{"embeddable":true,"href":"https:\/\/infonews.az\/index.php?rest_route=\/wp\/v2\/media\/40615"}],"wp:attachment":[{"href":"https:\/\/infonews.az\/index.php?rest_route=%2Fwp%2Fv2%2Fmedia&parent=40706"}],"wp:term":[{"taxonomy":"category","embeddable":true,"href":"https:\/\/infonews.az\/index.php?rest_route=%2Fwp%2Fv2%2Fcategories&post=40706"},{"taxonomy":"post_tag","embeddable":true,"href":"https:\/\/infonews.az\/index.php?rest_route=%2Fwp%2Fv2%2Ftags&post=40706"}],"curies":[{"name":"wp","href":"https:\/\/api.w.org\/{rel}","templated":true}]}}