{"id":40713,"date":"2024-02-20T16:15:49","date_gmt":"2024-02-20T12:15:49","guid":{"rendered":"https:\/\/infonews.az\/?p=40713"},"modified":"2024-02-20T16:15:49","modified_gmt":"2024-02-20T12:15:49","slug":"az%c9%99rbaycan-v%c9%99-bee-arasinda-%c9%99m%c9%99kdasliq-haqqinda-anlasma-memorandumu-quvv%c9%99y%c9%99-minib","status":"publish","type":"post","link":"https:\/\/infonews.az\/?p=40713","title":{"rendered":"Az\u0259rbaycan v\u0259 B\u018f\u018f aras\u0131nda \u0259m\u0259kda\u015fl\u0131q haqq\u0131nda Anla\u015fma Memorandumu q\u00fcvv\u0259y\u0259 minib"},"content":{"rendered":"<blockquote><p>Prezident \u0130lham \u018fliyev \u201cAz\u0259rbaycan Respublikas\u0131n\u0131n Maliyy\u0259 Nazirliyi il\u0259 Birl\u0259\u015fmi\u015f \u018fr\u0259b \u018fmirlikl\u0259rinin Maliyy\u0259 Nazirliyi aras\u0131nda \u0259m\u0259kda\u015fl\u0131q haqq\u0131nda Anla\u015fma Memorandumu\u201dnu t\u0259sdiq edib.<\/p><\/blockquote>\n<p><a href=\"https:\/\/infonews.az\/?p=40684\"><strong>\u201c\u0130NFONEWS\u201d<\/strong>\u00a0<\/a> x\u0259b\u0259r verir ki, d\u00f6vl\u0259t ba\u015f\u00e7\u0131s\u0131 bununla ba\u011fl\u0131 yeni f\u0259rman imzalay\u0131b.<\/p>\n<p>F\u0259rmana \u0259sas\u0259n, 2024-c\u00fc il yanvar\u0131n 9-da Bak\u0131 \u015f\u0259h\u0259rind\u0259 imzalanm\u0131\u015f Memorandum q\u00fcvv\u0259y\u0259 mindikd\u0259n sonra Maliyy\u0259 Nazirliyi onun m\u00fcdd\u0259alar\u0131n\u0131n h\u0259yata ke\u00e7irilm\u0259sini t\u0259min etm\u0259li, Xarici \u0130\u015fl\u0259r Nazirliyi s\u0259n\u0259din q\u00fcvv\u0259y\u0259 minm\u0259si \u00fc\u00e7\u00fcn z\u0259ruri olan d\u00f6vl\u0259tdaxili prosedurlar\u0131n yerin\u0259 yetirildiyi bar\u0259d\u0259 Birl\u0259\u015fmi\u015f \u018fr\u0259b \u018fmirlikl\u0259ri (B\u018f\u018f) t\u0259r\u0259fin\u0259 bildiri\u015f g\u00f6nd\u0259rm\u0259lidir.<\/p>\n","protected":false},"excerpt":{"rendered":"<p>Prezident \u0130lham \u018fliyev \u201cAz\u0259rbaycan Respublikas\u0131n\u0131n Maliyy\u0259 Nazirliyi il\u0259 Birl\u0259\u015fmi\u015f \u018fr\u0259b \u018fmirlikl\u0259rinin Maliyy\u0259 Nazirliyi aras\u0131nda \u0259m\u0259kda\u015fl\u0131q haqq\u0131nda Anla\u015fma Memorandumu\u201dnu t\u0259sdiq edib. \u201c\u0130NFONEWS\u201d\u00a0 x\u0259b\u0259r verir ki, d\u00f6vl\u0259t ba\u015f\u00e7\u0131s\u0131 bununla ba\u011fl\u0131 yeni f\u0259rman&hellip; <\/p>\n","protected":false},"author":30,"featured_media":40714,"comment_status":"open","ping_status":"open","sticky":false,"template":"","format":"standard","meta":{"_mi_skip_tracking":false,"_monsterinsights_sitenote_active":false,"_monsterinsights_sitenote_note":"","_monsterinsights_sitenote_category":0,"footnotes":""},"categories":[10177,11,10171],"tags":[8810,12815,12816,279,4734],"aioseo_notices":[],"_links":{"self":[{"href":"https:\/\/infonews.az\/index.php?rest_route=\/wp\/v2\/posts\/40713"}],"collection":[{"href":"https:\/\/infonews.az\/index.php?rest_route=\/wp\/v2\/posts"}],"about":[{"href":"https:\/\/infonews.az\/index.php?rest_route=\/wp\/v2\/types\/post"}],"author":[{"embeddable":true,"href":"https:\/\/infonews.az\/index.php?rest_route=\/wp\/v2\/users\/30"}],"replies":[{"embeddable":true,"href":"https:\/\/infonews.az\/index.php?rest_route=%2Fwp%2Fv2%2Fcomments&post=40713"}],"version-history":[{"count":1,"href":"https:\/\/infonews.az\/index.php?rest_route=\/wp\/v2\/posts\/40713\/revisions"}],"predecessor-version":[{"id":40715,"href":"https:\/\/infonews.az\/index.php?rest_route=\/wp\/v2\/posts\/40713\/revisions\/40715"}],"wp:featuredmedia":[{"embeddable":true,"href":"https:\/\/infonews.az\/index.php?rest_route=\/wp\/v2\/media\/40714"}],"wp:attachment":[{"href":"https:\/\/infonews.az\/index.php?rest_route=%2Fwp%2Fv2%2Fmedia&parent=40713"}],"wp:term":[{"taxonomy":"category","embeddable":true,"href":"https:\/\/infonews.az\/index.php?rest_route=%2Fwp%2Fv2%2Fcategories&post=40713"},{"taxonomy":"post_tag","embeddable":true,"href":"https:\/\/infonews.az\/index.php?rest_route=%2Fwp%2Fv2%2Ftags&post=40713"}],"curies":[{"name":"wp","href":"https:\/\/api.w.org\/{rel}","templated":true}]}}