{"id":40734,"date":"2024-02-22T15:09:21","date_gmt":"2024-02-22T11:09:21","guid":{"rendered":"https:\/\/infonews.az\/?p=40734"},"modified":"2024-02-26T09:51:18","modified_gmt":"2024-02-26T05:51:18","slug":"esg%c9%99rin-kitab-r%c9%99fi-aksiyasi-c%c9%99rciv%c9%99sind%c9%99-silsil%c9%99-t%c9%99dbirl%c9%99r%c9%99-start-verilib","status":"publish","type":"post","link":"https:\/\/infonews.az\/?p=40734","title":{"rendered":"\u201c\u018fsg\u0259rin Kitab R\u0259fi\u201d aksiyas\u0131 \u00e7\u0259r\u00e7iv\u0259sind\u0259 silsil\u0259 t\u0259dbirl\u0259r\u0259 start verilib"},"content":{"rendered":"<blockquote><p>Az\u0259rbaycan Respublikas\u0131n\u0131n M\u00fcdafi\u0259 Nazirliyi v\u0259 \u201c\u0130R\u018fL\u0130\u201d \u0130ctimai Birliyinin birg\u0259 t\u0259\u015fkilat\u00e7\u0131l\u0131\u011f\u0131 il\u0259 h\u0259yata ke\u00e7iril\u0259n \u201c\u018fsg\u0259rin Kitab R\u0259fi\u201d kitab toplama aksiyas\u0131 \u00e7\u0259r\u00e7iv\u0259sind\u0259 \u201cM\u0259nd\u0259n Ba\u015flan\u0131r V\u0259t\u0259n\u201d adl\u0131 silsil\u0259 \u0259d\u0259bi-b\u0259dii t\u0259dbirl\u0259r\u0259 start verilib.<\/p><\/blockquote>\n<p><a href=\"https:\/\/infonews.az\/?p=40684\"><strong>\u201c\u0130NFONEWS\u201d<\/strong>\u00a0<\/a> x\u0259b\u0259r verir ki, bu istiqam\u0259td\u0259 ilk bel\u0259 t\u0259dbir Az\u0259rbaycan Dill\u0259r Universitetind\u0259 (ADU) ba\u015f tutub. T\u0259dbird\u0259 tan\u0131nm\u0131\u015f ictimaiyy\u0259t n\u00fcmay\u0259nd\u0259l\u0259ri, media m\u0259nsublar\u0131 v\u0259 t\u0259l\u0259b\u0259l\u0259r i\u015ftirak edibl\u0259r.<\/p>\n<p>T\u0259dbirin \u0259vv\u0259lind\u0259 Az\u0259rbaycan\u0131n \u0259razi b\u00fct\u00f6vl\u00fcy\u00fc v\u0259 suverenliyi u\u011frunda can\u0131ndan ke\u00e7\u0259n \u015f\u0259hidl\u0259rimizin \u0259ziz xatir\u0259si bir d\u0259qiq\u0259lik s\u00fckutla yad edilib.<\/p>\n<p>T\u0259dbir i\u015ftirak\u00e7\u0131lar\u0131n\u0131 salamlayan Az\u0259rbaycan Dill\u0259r Universitetinin (ADU) rektoru, Xalq yaz\u0131\u00e7\u0131s\u0131, akademik Kamal Abdulla \u201cM\u0259nd\u0259n Ba\u015flan\u0131r V\u0259t\u0259n\u201d adl\u0131 ilk silsil\u0259 t\u0259dbirin ADU-da ke\u00e7irilm\u0259sin\u0259 g\u00f6r\u0259 \u201c\u0130R\u018fL\u0130\u201d \u0130ctimai Birliyin\u0259 \u00f6z t\u0259\u015f\u0259kk\u00fcr\u00fcn\u00fc bildirib. Diqq\u0259t\u0259 \u00e7atd\u0131r\u0131l\u0131b ki, Az\u0259rbaycan Dill\u0259r Universiteti g\u0259ncl\u0259rin h\u0259rt\u0259r\u0259fli inki\u015faf\u0131 sah\u0259sind\u0259 he\u00e7 bir zaman \u00f6z d\u0259st\u0259yini \u0259sirg\u0259m\u0259yib v\u0259 bel\u0259 t\u0259dbirl\u0259r bunu bir daha \u0259yani \u015f\u0259kild\u0259 n\u00fcmayi\u015f etdirir.<\/p>\n<p>Az\u0259rbaycan Ordusunun s\u0131ralar\u0131nda xidm\u0259t g\u00f6st\u0259r\u0259n h\u0259rbi qulluq\u00e7ular\u0131n savadl\u0131, intellektual, v\u0259t\u0259np\u0259rv\u0259r yeti\u015fm\u0259li v\u0259 V\u0259t\u0259nin\u0259, d\u00f6vl\u0259tin\u0259 sadiq t\u0259rbiy\u0259 olunmal\u0131 oldu\u011funu bildir\u0259n Xalq yaz\u0131\u00e7\u0131s\u0131, akademik Kamal Abdulla bu istiqam\u0259td\u0259 olduqca b\u00f6y\u00fck \u0259h\u0259miyy\u0259t\u0259 malik \u201c\u018fsg\u0259rin Kitab R\u0259fi\u201d kitab toplama aksiyas\u0131n\u0131n i\u015find\u0259 u\u011furlar arzu edib.<\/p>\n<p>Daha sonra \u00e7\u0131x\u0131\u015f\u00e7\u0131lar \u2013 V\u0259t\u0259n m\u00fcharib\u0259si i\u015ftirak\u00e7\u0131s\u0131, \u201cF\u00fczulinin azad olunmas\u0131na g\u00f6r\u0259\u201d v\u0259 \u201cC\u0259bray\u0131l\u0131n azad olunmas\u0131na g\u00f6r\u0259\u201d medallar\u0131 il\u0259 t\u0259ltif edilmi\u015f \u201c\u0130R\u018fL\u0130\u201d \u0130ctimai Birliyinin s\u0259dri \u015eahin R\u0259hmanl\u0131, \u018fm\u0259kdar inc\u0259s\u0259n\u0259t xadimi, \u015fair Baba V\u0259ziro\u011flu, Az\u0259rbaycan Ordusunun polkovniki, \u018fm\u0259kdar inc\u0259s\u0259n\u0259t xadimi, Z\u0259f\u0259r Parad\u0131n\u0131n ssenari m\u00fc\u0259llifi v\u0259 apar\u0131c\u0131s\u0131 Abdulla Qurbani g\u0259ncl\u0259rin h\u0259rbi-v\u0259t\u0259np\u0259rv\u0259rlik m\u00f6vzular\u0131nda t\u0259\u015fkil olunan m\u00fcxt\u0259lif layih\u0259l\u0259rd\u0259 i\u015ftirak\u0131ndan s\u00f6hb\u0259t a\u00e7\u0131blar. Natiql\u0259r bildiribl\u0259r ki, 44 g\u00fcnl\u00fck V\u0259t\u0259n m\u00fcharib\u0259sind\u0259n sonra xalq\u0131m\u0131z\u0131n yeni d\u00f6vr\u0259 ba\u015flan\u011f\u0131c\u0131 m\u0259hz g\u0259ncl\u0259rin h\u0259rt\u0259r\u0259fli inki\u015faf\u0131ndan as\u0131l\u0131d\u0131r. \u00d6t\u0259n ilin sentyabr ay\u0131nda ba\u015f tutan lokal xarakterli antiterror t\u0259dbirl\u0259rind\u0259 Az\u0259rbaycan g\u0259ncliyinin f\u0259al i\u015ftirak\u0131 da m\u0259hz bu istiqam\u0259td\u0259 g\u00f6r\u00fclm\u00fc\u015f i\u015fl\u0259rin bariz n\u00fcmun\u0259sidir. \u00c7\u0131x\u0131\u015f\u00e7\u0131lar bundan sonra da Prezident, M\u00fcz\u0259ff\u0259r Ali Ba\u015f Komandan c\u0259nab \u0130lham \u018fliyevin r\u0259hb\u0259rliyi il\u0259 q\u0259l\u0259b\u0259l\u0259rimiz v\u0259 m\u00fcst\u0259qilliyimizin \u0259b\u0259di olaca\u011f\u0131na \u0259minliyini ifad\u0259 edibl\u0259r.<\/p>\n<p>T\u0259dbirin b\u0259dii hiss\u0259sind\u0259 Az\u0259rbaycan Respublikas\u0131 M\u00fcdafi\u0259 Nazirliyinin n\u0259zdind\u0259 H\u0259zi Aslanov ad\u0131na Ordu \u0130deoloji v\u0259 M\u0259d\u0259niyy\u0259t M\u0259rk\u0259zinin r\u0259isi, polkovnik, \u018fm\u0259kdar artist Cahangir Qurbanov v\u0259 vokal qrupunun ifas\u0131nda \u201cQ\u0259l\u0259b\u0259y\u0259 ged\u0259n yollar\u201d, g\u0259nc vokal\u00e7\u0131, Prezident t\u0259qa\u00fcd\u00e7\u00fcs\u00fc Atilla M\u0259mm\u0259dovun ifas\u0131nda \u201cAz\u0259rbaycan\u201d, Qaraba\u011f qazisi, xan\u0259nd\u0259 \u018fv\u0259zxan \u018fzizovun ifas\u0131nda \u201cAna yurdum\u201d v\u0259 \u201cQ\u0259\u015f\u0259ngdir\u201d, h\u0259m\u00e7inin Az\u0259rbaycan Dill\u0259r Universitetinin t\u0259l\u0259b\u0259l\u0259rinin ifas\u0131nda \u201cBiz V\u0259t\u0259nik, V\u0259t\u0259n d\u0259 biz\u201d adl\u0131 n\u0259\u011fm\u0259 v\u0259 kompozisiyalar t\u0259qdim olunub.<\/p>\n<p>T\u0259dbirin sonunda xatir\u0259 \u015f\u0259kli \u00e7\u0259kdirilib, Az\u0259rbaycan Dill\u0259r Universiteti t\u0259r\u0259find\u0259n \u201c\u018fsg\u0259rin Kitab R\u0259fi\u201d aksiyas\u0131 \u00fc\u00e7\u00fcn toplanm\u0131\u015f kitablar \u201c\u0130R\u018fL\u0130\u201d \u0130ctimai Birliyin\u0259 t\u0259qdim olunub.<\/p>\n<p>Xat\u0131rladaq ki, \u201c\u018fsg\u0259rin Kitab R\u0259fi\u201d kitab toplama aksiyas\u0131n\u0131n ke\u00e7irilm\u0259sind\u0259 \u0259sas m\u0259qs\u0259d \u0259sg\u0259rl\u0259rimizin asud\u0259 vaxt\u0131n\u0131n s\u0259m\u0259r\u0259li t\u0259\u015fkilin\u0259 t\u00f6hf\u0259l\u0259r verm\u0259k, el\u0259c\u0259 d\u0259, g\u0259ncl\u0259r aras\u0131nda m\u00fctali\u0259y\u0259 mara\u011f\u0131n art\u0131r\u0131lmas\u0131d\u0131r. \u00d6t\u0259n il ke\u00e7iril\u0259n kitab toplama aksiyas\u0131nda \u201c\u0130R\u018fL\u0130\u201d \u0130ctimai Birliyi t\u0259r\u0259find\u0259n 12 mind\u0259n \u00e7ox kitab toplanaraq i\u015f\u011faldan azad olunmu\u015f \u0259razil\u0259rd\u0259ki h\u0259rbi b\u00f6lm\u0259l\u0259r\u0259 t\u0259hvil verilib.<\/p>\n<p>&nbsp;<\/p>\n","protected":false},"excerpt":{"rendered":"<p>Az\u0259rbaycan Respublikas\u0131n\u0131n M\u00fcdafi\u0259 Nazirliyi v\u0259 \u201c\u0130R\u018fL\u0130\u201d \u0130ctimai Birliyinin birg\u0259 t\u0259\u015fkilat\u00e7\u0131l\u0131\u011f\u0131 il\u0259 h\u0259yata ke\u00e7iril\u0259n \u201c\u018fsg\u0259rin Kitab R\u0259fi\u201d kitab toplama aksiyas\u0131 \u00e7\u0259r\u00e7iv\u0259sind\u0259 \u201cM\u0259nd\u0259n Ba\u015flan\u0131r V\u0259t\u0259n\u201d adl\u0131 silsil\u0259 \u0259d\u0259bi-b\u0259dii t\u0259dbirl\u0259r\u0259 start verilib. \u201c\u0130NFONEWS\u201d\u00a0&hellip; <\/p>\n","protected":false},"author":30,"featured_media":40737,"comment_status":"open","ping_status":"open","sticky":false,"template":"","format":"standard","meta":{"_mi_skip_tracking":false,"_monsterinsights_sitenote_active":false,"_monsterinsights_sitenote_note":"","_monsterinsights_sitenote_category":0,"footnotes":""},"categories":[5373,11],"tags":[12823,5462,791,12822,5625,12821,12824,798],"aioseo_notices":[],"_links":{"self":[{"href":"https:\/\/infonews.az\/index.php?rest_route=\/wp\/v2\/posts\/40734"}],"collection":[{"href":"https:\/\/infonews.az\/index.php?rest_route=\/wp\/v2\/posts"}],"about":[{"href":"https:\/\/infonews.az\/index.php?rest_route=\/wp\/v2\/types\/post"}],"author":[{"embeddable":true,"href":"https:\/\/infonews.az\/index.php?rest_route=\/wp\/v2\/users\/30"}],"replies":[{"embeddable":true,"href":"https:\/\/infonews.az\/index.php?rest_route=%2Fwp%2Fv2%2Fcomments&post=40734"}],"version-history":[{"count":1,"href":"https:\/\/infonews.az\/index.php?rest_route=\/wp\/v2\/posts\/40734\/revisions"}],"predecessor-version":[{"id":40738,"href":"https:\/\/infonews.az\/index.php?rest_route=\/wp\/v2\/posts\/40734\/revisions\/40738"}],"wp:featuredmedia":[{"embeddable":true,"href":"https:\/\/infonews.az\/index.php?rest_route=\/wp\/v2\/media\/40737"}],"wp:attachment":[{"href":"https:\/\/infonews.az\/index.php?rest_route=%2Fwp%2Fv2%2Fmedia&parent=40734"}],"wp:term":[{"taxonomy":"category","embeddable":true,"href":"https:\/\/infonews.az\/index.php?rest_route=%2Fwp%2Fv2%2Fcategories&post=40734"},{"taxonomy":"post_tag","embeddable":true,"href":"https:\/\/infonews.az\/index.php?rest_route=%2Fwp%2Fv2%2Ftags&post=40734"}],"curies":[{"name":"wp","href":"https:\/\/api.w.org\/{rel}","templated":true}]}}