{"id":40774,"date":"2024-02-24T16:13:09","date_gmt":"2024-02-24T12:13:09","guid":{"rendered":"https:\/\/infonews.az\/?p=40774"},"modified":"2024-02-25T16:14:15","modified_gmt":"2024-02-25T12:14:15","slug":"istanbulda-fransanin-must%c9%99ml%c9%99k%c9%99cilik-siyas%c9%99tinin-muzakir%c9%99-olundugu-t%c9%99dbird%c9%99-makrona-aciq-m%c9%99ktub-unvanlanib","status":"publish","type":"post","link":"https:\/\/infonews.az\/?p=40774","title":{"rendered":"\u0130stanbulda Fransan\u0131n m\u00fcst\u0259ml\u0259k\u0259\u00e7ilik siyas\u0259tinin m\u00fczakir\u0259 olundu\u011fu t\u0259dbird\u0259 Makrona a\u00e7\u0131q m\u0259ktub \u00fcnvanlan\u0131b"},"content":{"rendered":"<blockquote><p>\u0130stanbulda Bak\u0131 T\u0259\u015f\u0259bb\u00fcs Qrupu t\u0259r\u0259find\u0259n \u201cDekolonizasiya: \u0130ntibah\u0131n oyan\u0131\u015f\u0131\u201d (&#8220;Decolonization: Awakening of the Renaissance&#8221;) adl\u0131 beyn\u0259lxalq konfrans ke\u00e7irilib.<\/p><\/blockquote>\n<p><a href=\"https:\/\/infonews.az\/?p=40684\"><strong>\u201c\u0130NFONEWS\u201d<\/strong>\u00a0<\/a>x\u0259b\u0259r verir ki,\u00a0beyn\u0259lxalq konfransda 13 \u00f6lk\u0259 v\u0259 4 beyn\u0259lxalq t\u0259\u015fkilatdan 50-d\u0259n art\u0131q n\u00fcmay\u0259nd\u0259 i\u015ftirak edib. Bunlar aras\u0131nda Fransan\u0131n h\u0259l\u0259 d\u0259 m\u00fcst\u0259ml\u0259k\u0259 alt\u0131nda saxlad\u0131\u011f\u0131 d\u0259niza\u015f\u0131r\u0131 \u0259razil\u0259r \u2013 Yeni Kaledoniya, Frans\u0131z Polineziyas\u0131, Frans\u0131z Qvianas\u0131, Martinik, Qvadelupa, Wallis v\u0259 Futuna, Korsika, el\u0259c\u0259 d\u0259 Q\u0259m\u0259r Adalar\u0131 \u0130ttifaq\u0131 (Fransa Q\u0259m\u0259r Adalar\u0131 \u0130ttifaq\u0131n\u0131n \u0259razisi olan Mayot adas\u0131n\u0131 h\u0259l\u0259 d\u0259 i\u015f\u011fal alt\u0131nda saxlay\u0131r) x\u00fcsusi \u00fcst\u00fcnl\u00fck t\u0259\u015fkil edir.<\/p>\n<p>Konfransda Frans\u0131z Qvianas\u0131 Assambleyas\u0131n\u0131n (Parlament) vitse-prezidenti Samantha Fran\u00e7oise Cyriaque, Yeni Kaledoniyan\u0131n xarici i\u015fl\u0259r, m\u0259d\u0259niyy\u0259t, g\u0259ncl\u0259r v\u0259 idman naziri Mickael Forrest, BMT-nin idar\u0259\u00e7ilik \u00fczr\u0259 eksperti, Frans\u0131z Polineziyas\u0131n\u0131n BMT-d\u0259ki n\u00fcmay\u0259nd\u0259si Carlyle Corbin, Martinik Assambleyas\u0131n\u0131n deputat\u0131 Luc Francis Carole, Frans\u0131z Polineziyas\u0131 Parlamentind\u0259 Avropa v\u0259 xarici i\u015fl\u0259r Komissiyas\u0131n\u0131n s\u0259dri Maurea Maamaatuaiahutapu, Korsika Parlamentinin sabiq prezidenti Jean-Guy Talamoni, Avropa Parlamentinin sabiq \u00fczv\u00fc, Qvadelupan\u0131n Azadl\u0131\u011f\u0131 U\u011frunda Xalq Birliyinin ba\u015f katibi Jean-Jacob Bicep, T\u00fcrkiy\u0259 Siyasi, \u0130qtisadi v\u0259 Sosial Ara\u015fd\u0131rmalar Fondunun t\u0259dqiqat\u00e7\u0131s\u0131 (SETA) Tun\u00e7 Demirta\u015f v\u0259 ba\u015fqalar\u0131 \u00e7\u0131x\u0131\u015f edibl\u0259r. T\u0259dbir m\u00fczakir\u0259l\u0259r format\u0131nda davam etdirilib.<\/p>\n<p>T\u0259dbirin sonunda i\u015ftirak\u00e7\u0131lar Fransa Prezidentin\u0259 a\u00e7\u0131q m\u0259ktub \u00fcnvanlay\u0131blar. M\u0259ktubda BMT Ba\u015f Assambleyas\u0131n\u0131n dekolonizasiya il\u0259 ba\u011fl\u0131 q\u0259tnam\u0259l\u0259rin\u0259 istinad edil\u0259r\u0259k, h\u0259min s\u0259n\u0259dl\u0259rin 60 ild\u0259n \u00e7ox m\u00fcdd\u0259td\u0259 q\u0259bul edilm\u0259sin\u0259 baxmayaraq, Korsika, Melaneziya, Polineziya, Karib v\u0259 Antil adalar qrupunda ya\u015fayan xalqlar\u0131n bu g\u00fcn d\u0259 frans\u0131z kolonializm v\u0259 neokolonializmd\u0259n \u0259ziyy\u0259t \u00e7\u0259kdiyi vur\u011fulan\u0131r.<\/p>\n<p>M\u0259ktubda s\u00f6z\u00fcged\u0259n adalar qrupunda Fransa h\u00f6kum\u0259ti t\u0259r\u0259find\u0259n t\u00f6r\u0259dil\u0259n m\u00fcxt\u0259lif cinay\u0259tl\u0259r, habel\u0259 bu torpaqlar\u0131n Fransa d\u00f6vl\u0259ti t\u0259r\u0259find\u0259n i\u015f\u011fal edilm\u0259si, yerli iqtisadiyyat\u0131n inki\u015faf\u0131na bil\u0259r\u0259kd\u0259n mane t\u00f6r\u0259dilm\u0259si, yerli \u0259halil\u0259rin pestisidl\u0259rl\u0259 z\u0259h\u0259rl\u0259ndirilm\u0259si v\u0259 \u0259halinin bu z\u0259h\u0259rl\u0259nm\u0259nin f\u0259sadlar\u0131ndan \u0259ziyy\u0259t \u00e7\u0259km\u0259si, yerli \u0259halinin m\u0259cbur\u0259n emmiqrasiyaya s\u00f6vq edilm\u0259si, bu \u0259razil\u0259r\u0259 qanunsuz k\u00f6\u00e7\u00fcr\u00fclm\u0259nin bu g\u00fcn d\u0259 davam etm\u0259si, \u0259razil\u0259rd\u0259 kolonial m\u0259hk\u0259m\u0259 sisteml\u0259rinin t\u0259tbiq edilm\u0259si v\u0259 s. faktlar \u00f6z \u0259ksini tap\u0131b.<\/p>\n<p>T\u0259dbir i\u015ftirak\u00e7\u0131lar\u0131 E.Makrondan Frans\u0131z h\u00f6kum\u0259tinin bu qanunsuzluqlar\u0131n\u0131 dayand\u0131rmas\u0131n\u0131 t\u0259l\u0259b edib, \u0259razil\u0259rd\u0259 m\u0259d\u0259ni v\u0259 dini irsin v\u0259ziyy\u0259tin\u0259 dair m\u0259ruz\u0259nin haz\u0131rlanmas\u0131 \u00fc\u00e7\u00fcn YUNESKO missiyas\u0131n\u0131n h\u0259min \u0259razil\u0259r\u0259 g\u00f6nd\u0259rilm\u0259sinin \u0259h\u0259miyy\u0259tini vur\u011fulay\u0131b, AT\u018fT-in \u0259traf m\u00fchit, iqtisadiyyat, insan h\u00fcquqlar\u0131 v\u0259 yerli \u0259halinin h\u00fcquqlar\u0131na dair v\u0259ziyy\u0259tinin \u00f6yr\u0259nilm\u0259si missiyas\u0131n\u0131n koloniyalara g\u00f6nd\u0259rilm\u0259si \u00fc\u00e7\u00fcn AT\u018fT-\u0259 m\u00fcraci\u0259t edilm\u0259sin\u0259 \u00e7a\u011f\u0131r\u0131\u015f olunub.<\/p>\n<p>Eyni zamanda t\u0259dbirin sonunda elan edilib ki, Fransa h\u00f6kum\u0259ti t\u0259r\u0259find\u0259n ke\u00e7mi\u015f v\u0259 indiki m\u00fcst\u0259ml\u0259k\u0259l\u0259rd\u0259n o\u011furlanaraq materik Fransaya da\u015f\u0131nan 100 mind\u0259n art\u0131q maddi v\u0259 m\u0259d\u0259ni s\u0259rv\u0259tl\u0259rin geri qaytar\u0131lmas\u0131 \u00fc\u00e7\u00fcn petisiyaya start verilib. Bununla ba\u011fl\u0131 m\u00fcxt\u0259lif kampaniyalar h\u0259yata ke\u00e7iril\u0259c\u0259k.<\/p>\n<p>Xat\u0131rladaq ki, bu art\u0131q Bak\u0131 T\u0259\u015f\u0259bb\u00fcs Qrupunun t\u0259\u015fkil etdiyi 7-ci beyn\u0259lxalq konfransd\u0131r.<\/p>\n<ul>\n<li>6 iyul 2023-c\u00fc il \u201cM\u00fcst\u0259ml\u0259k\u0259\u00e7iliyin tamamil\u0259 aradan qald\u0131r\u0131lmas\u0131na do\u011fru\u201d, Bak\u0131<\/li>\n<li>22 sentyabr 2023-c\u00fc il \u201cM\u00fcst\u0259ml\u0259k\u0259\u00e7iliy\u0259 son qoyulmas\u0131: Sakit inqilab\u201d, Nyu York, BMTnin q\u0259rargah\u0131<\/li>\n<li>20 oktyabr 2023-c\u00fc il, \u201cNeokolonializm: \u0130nsan h\u00fcquqlar\u0131n\u0131n pozulmas\u0131 v\u0259 \u0259dal\u0259tsizlik\u201d, Bak\u0131<\/li>\n<li>21 noyabr 2023-c\u00fc il, &#8220;Dekolonizasiya: Qad\u0131nlar\u0131n g\u00fccl\u0259ndirilm\u0259si v\u0259 inki\u015faf\u0131&#8221;, Bak\u0131<\/li>\n<li>14 dekabr 2023-c\u00fc il, \u201cNeokolonializm: \u0130nsan H\u00fcquqlar\u0131, S\u00fclh v\u0259 T\u0259hl\u00fck\u0259sizlik\u201d, Cenevr\u0259, BMT-nin q\u0259rargah\u0131<\/li>\n<li>22 dekabr 2023-c\u00fc il, \u201cDekolonizasiya dialoqlar\u0131: n\u0259tic\u0259l\u0259r, \u00e7\u0259tinlikl\u0259r v\u0259 nailiyy\u0259tl\u0259r\u201d, Bak\u0131.<\/li>\n<\/ul>\n<p>Bak\u0131 T\u0259\u015f\u0259bb\u00fcs Qrupu Fransa m\u00fcst\u0259ml\u0259k\u0259si alt\u0131nda ya\u015fayan xalqlarla h\u0259mr\u0259yliyini ifad\u0259 edir v\u0259 onlar\u0131n azadl\u0131\u011f\u0131 v\u0259 m\u00fcst\u0259qilliyi u\u011frunda m\u00fcbariz\u0259sin\u0259 h\u0259r zaman d\u0259st\u0259k ver\u0259c\u0259yini b\u0259yan edir.<\/p>\n","protected":false},"excerpt":{"rendered":"<p>\u0130stanbulda Bak\u0131 T\u0259\u015f\u0259bb\u00fcs Qrupu t\u0259r\u0259find\u0259n \u201cDekolonizasiya: \u0130ntibah\u0131n oyan\u0131\u015f\u0131\u201d (&#8220;Decolonization: Awakening of the Renaissance&#8221;) adl\u0131 beyn\u0259lxalq konfrans ke\u00e7irilib. \u201c\u0130NFONEWS\u201d\u00a0x\u0259b\u0259r verir ki,\u00a0beyn\u0259lxalq konfransda 13 \u00f6lk\u0259 v\u0259 4 beyn\u0259lxalq t\u0259\u015fkilatdan 50-d\u0259n art\u0131q n\u00fcmay\u0259nd\u0259&hellip; <\/p>\n","protected":false},"author":30,"featured_media":40772,"comment_status":"open","ping_status":"open","sticky":false,"template":"","format":"standard","meta":{"_mi_skip_tracking":false,"_monsterinsights_sitenote_active":false,"_monsterinsights_sitenote_note":"","_monsterinsights_sitenote_category":0,"footnotes":""},"categories":[9,6,11],"tags":[819,5331,18,12],"aioseo_notices":[],"_links":{"self":[{"href":"https:\/\/infonews.az\/index.php?rest_route=\/wp\/v2\/posts\/40774"}],"collection":[{"href":"https:\/\/infonews.az\/index.php?rest_route=\/wp\/v2\/posts"}],"about":[{"href":"https:\/\/infonews.az\/index.php?rest_route=\/wp\/v2\/types\/post"}],"author":[{"embeddable":true,"href":"https:\/\/infonews.az\/index.php?rest_route=\/wp\/v2\/users\/30"}],"replies":[{"embeddable":true,"href":"https:\/\/infonews.az\/index.php?rest_route=%2Fwp%2Fv2%2Fcomments&post=40774"}],"version-history":[{"count":1,"href":"https:\/\/infonews.az\/index.php?rest_route=\/wp\/v2\/posts\/40774\/revisions"}],"predecessor-version":[{"id":40775,"href":"https:\/\/infonews.az\/index.php?rest_route=\/wp\/v2\/posts\/40774\/revisions\/40775"}],"wp:featuredmedia":[{"embeddable":true,"href":"https:\/\/infonews.az\/index.php?rest_route=\/wp\/v2\/media\/40772"}],"wp:attachment":[{"href":"https:\/\/infonews.az\/index.php?rest_route=%2Fwp%2Fv2%2Fmedia&parent=40774"}],"wp:term":[{"taxonomy":"category","embeddable":true,"href":"https:\/\/infonews.az\/index.php?rest_route=%2Fwp%2Fv2%2Fcategories&post=40774"},{"taxonomy":"post_tag","embeddable":true,"href":"https:\/\/infonews.az\/index.php?rest_route=%2Fwp%2Fv2%2Ftags&post=40774"}],"curies":[{"name":"wp","href":"https:\/\/api.w.org\/{rel}","templated":true}]}}