{"id":40975,"date":"2024-02-22T22:40:13","date_gmt":"2024-02-22T18:40:13","guid":{"rendered":"https:\/\/infonews.az\/?p=40975"},"modified":"2024-02-25T22:40:24","modified_gmt":"2024-02-25T18:40:24","slug":"zelenskinin-erdoganla-gorus-planlari-m%c9%99lum-olub","status":"publish","type":"post","link":"https:\/\/infonews.az\/?p=40975","title":{"rendered":"Zelenskinin \u018frdo\u011fanla g\u00f6r\u00fc\u015f planlar\u0131 m\u0259lum olub"},"content":{"rendered":"<blockquote><p>Albaniyan\u0131n ba\u015f naziri Edi Rama Ukrayna prezidenti Vladimir Zelenskinin yax\u0131n vaxtlarda t\u00fcrkiy\u0259li h\u0259mkar\u0131 R\u0259c\u0259b Tayyib \u018frdo\u011fanla g\u00f6r\u00fc\u015f\u0259 bil\u0259c\u0259yini bildirib.<\/p><\/blockquote>\n<p><a href=\"https:\/\/infonews.az\/\"><strong>\u201c\u0130NFONEWS\u201d<\/strong><\/a>-\u00fcn x\u0259b\u0259rin\u0259 g\u00f6r\u0259, bu bar\u0259d\u0259 \u201cTRT World\u201d telekanal\u0131 m\u0259lumat yay\u0131b.<\/p>\n<p>N\u0259\u015fr qeyd edir ki, \u018frdo\u011fan Raman\u0131 Ankaraya s\u0259f\u0259ri zaman\u0131 g\u00f6r\u00fc\u015f\u0259 d\u0259v\u0259t edib. O, yax\u0131n g\u00fcnl\u0259rd\u0259 Zelenskinin i\u015ftirak ed\u0259c\u0259yi y\u00fcks\u0259k s\u0259viyy\u0259li g\u00f6r\u00fc\u015f\u00fcn olaca\u011f\u0131n\u0131 bildirib. Ukrayna m\u00fcnaqi\u015f\u0259si il\u0259 ba\u011fl\u0131 g\u00f6r\u00fc\u015f C\u0259nub-\u015e\u0259rqi Avropa \u00f6lk\u0259l\u0259rinin sammiti \u00e7\u0259r\u00e7iv\u0259sind\u0259 ke\u00e7iril\u0259c\u0259k.<\/p>\n<p>\u018frdo\u011fan v\u0259 Zelenski aras\u0131nda \u0259vv\u0259lki g\u00f6r\u00fc\u015f 2023-c\u00fc il iyulun 7-d\u0259 \u0130stanbuldak\u0131 Vahid\u0259ddin k\u00f6\u015fk\u00fcnd\u0259 ba\u015f tutub. G\u00f6r\u00fc\u015fd\u0259n sonra T\u00fcrkiy\u0259 d\u00f6vl\u0259t ba\u015f\u00e7\u0131s\u0131 bildirib ki, Ankara dan\u0131\u015f\u0131qlar yolu il\u0259 Ukraynadak\u0131 m\u00fcnaqi\u015f\u0259y\u0259 son qoymaq \u00fc\u00e7\u00fcn s\u0259yl\u0259rini davam etdir\u0259c\u0259k.<\/p>\n","protected":false},"excerpt":{"rendered":"<p>Albaniyan\u0131n ba\u015f naziri Edi Rama Ukrayna prezidenti Vladimir Zelenskinin yax\u0131n vaxtlarda t\u00fcrkiy\u0259li h\u0259mkar\u0131 R\u0259c\u0259b Tayyib \u018frdo\u011fanla g\u00f6r\u00fc\u015f\u0259 bil\u0259c\u0259yini bildirib. \u201c\u0130NFONEWS\u201d-\u00fcn x\u0259b\u0259rin\u0259 g\u00f6r\u0259, bu bar\u0259d\u0259 \u201cTRT World\u201d telekanal\u0131 m\u0259lumat yay\u0131b. N\u0259\u015fr&hellip; <\/p>\n","protected":false},"author":30,"featured_media":40976,"comment_status":"open","ping_status":"open","sticky":false,"template":"","format":"standard","meta":{"_mi_skip_tracking":false,"_monsterinsights_sitenote_active":false,"_monsterinsights_sitenote_note":"","_monsterinsights_sitenote_category":0,"footnotes":""},"categories":[9,11],"tags":[6836,92,12,172,6400],"aioseo_notices":[],"_links":{"self":[{"href":"https:\/\/infonews.az\/index.php?rest_route=\/wp\/v2\/posts\/40975"}],"collection":[{"href":"https:\/\/infonews.az\/index.php?rest_route=\/wp\/v2\/posts"}],"about":[{"href":"https:\/\/infonews.az\/index.php?rest_route=\/wp\/v2\/types\/post"}],"author":[{"embeddable":true,"href":"https:\/\/infonews.az\/index.php?rest_route=\/wp\/v2\/users\/30"}],"replies":[{"embeddable":true,"href":"https:\/\/infonews.az\/index.php?rest_route=%2Fwp%2Fv2%2Fcomments&post=40975"}],"version-history":[{"count":1,"href":"https:\/\/infonews.az\/index.php?rest_route=\/wp\/v2\/posts\/40975\/revisions"}],"predecessor-version":[{"id":40977,"href":"https:\/\/infonews.az\/index.php?rest_route=\/wp\/v2\/posts\/40975\/revisions\/40977"}],"wp:featuredmedia":[{"embeddable":true,"href":"https:\/\/infonews.az\/index.php?rest_route=\/wp\/v2\/media\/40976"}],"wp:attachment":[{"href":"https:\/\/infonews.az\/index.php?rest_route=%2Fwp%2Fv2%2Fmedia&parent=40975"}],"wp:term":[{"taxonomy":"category","embeddable":true,"href":"https:\/\/infonews.az\/index.php?rest_route=%2Fwp%2Fv2%2Fcategories&post=40975"},{"taxonomy":"post_tag","embeddable":true,"href":"https:\/\/infonews.az\/index.php?rest_route=%2Fwp%2Fv2%2Ftags&post=40975"}],"curies":[{"name":"wp","href":"https:\/\/api.w.org\/{rel}","templated":true}]}}