{"id":40988,"date":"2024-02-26T07:03:15","date_gmt":"2024-02-26T03:03:15","guid":{"rendered":"https:\/\/infonews.az\/?p=40988"},"modified":"2024-02-26T10:08:03","modified_gmt":"2024-02-26T06:08:03","slug":"prezidentin-xocali-soyqiriminin-ildonumu-il%c9%99-bagli-paylasimi","status":"publish","type":"post","link":"https:\/\/infonews.az\/?p=40988","title":{"rendered":"Prezidentin Xocal\u0131 soyq\u0131r\u0131m\u0131n\u0131n ild\u00f6n\u00fcm\u00fc il\u0259 ba\u011fl\u0131 PAYLA\u015eIMI"},"content":{"rendered":"<p><span style=\"color: #ffffff;\">Prezidentin Xocal\u0131 soyq\u0131r\u0131m\u0131n\u0131n ild\u00f6n\u00fcm\u00fc il\u0259 ba\u011fl\u0131\u00a0PAYLA\u015eIMI<\/span><\/p>\n<blockquote><p><strong>Az\u0259rbaycan Respublikas\u0131n\u0131n Prezidenti \u0130lham \u018fliyev \u00f6z\u00fcn\u00fcn sosial \u015f\u0259b\u0259k\u0259 hesab\u0131ndan hesab\u0131nda Xocal\u0131 faci\u0259sinin 32-ci ild\u00f6n\u00fcm\u00fc il\u0259 ba\u011fl\u0131 payla\u015f\u0131m edib.<\/strong><\/p><\/blockquote>\n<p><strong><a href=\"https:\/\/infonews.az\/?p=40988\"><span style=\"color: #333399;\">&#8220;\u0130NFONEWS&#8221;<\/span><\/a><\/strong>\u00a0x\u0259b\u0259r verir ki, payla\u015f\u0131mda &#8220;26 fevral 1992. Xocal\u0131 soyq\u0131r\u0131m\u0131&#8221; s\u00f6zl\u0259ri yer al\u0131b.<\/p>\n<p><img loading=\"lazy\" decoding=\"async\" class=\"aligncenter size-full wp-image-40989\" src=\"https:\/\/infonews.az\/wp-content\/uploads\/2024\/02\/25jpg-1708881147.jpg\" alt=\"\" width=\"592\" height=\"680\" srcset=\"https:\/\/infonews.az\/wp-content\/uploads\/2024\/02\/25jpg-1708881147.jpg 592w, https:\/\/infonews.az\/wp-content\/uploads\/2024\/02\/25jpg-1708881147-261x300.jpg 261w\" sizes=\"(max-width: 592px) 100vw, 592px\" \/><\/p>\n<p>&nbsp;<\/p>\n","protected":false},"excerpt":{"rendered":"<p>Prezidentin Xocal\u0131 soyq\u0131r\u0131m\u0131n\u0131n ild\u00f6n\u00fcm\u00fc il\u0259 ba\u011fl\u0131\u00a0PAYLA\u015eIMI Az\u0259rbaycan Respublikas\u0131n\u0131n Prezidenti \u0130lham \u018fliyev \u00f6z\u00fcn\u00fcn sosial \u015f\u0259b\u0259k\u0259 hesab\u0131ndan hesab\u0131nda Xocal\u0131 faci\u0259sinin 32-ci ild\u00f6n\u00fcm\u00fc il\u0259 ba\u011fl\u0131 payla\u015f\u0131m edib. &#8220;\u0130NFONEWS&#8221;\u00a0x\u0259b\u0259r verir ki, payla\u015f\u0131mda &#8220;26 fevral&hellip; <\/p>\n","protected":false},"author":14,"featured_media":40989,"comment_status":"open","ping_status":"open","sticky":false,"template":"","format":"standard","meta":{"_mi_skip_tracking":false,"_monsterinsights_sitenote_active":false,"_monsterinsights_sitenote_note":"","_monsterinsights_sitenote_category":0,"footnotes":""},"categories":[4,6,11],"tags":[1008,15,1276],"aioseo_notices":[],"_links":{"self":[{"href":"https:\/\/infonews.az\/index.php?rest_route=\/wp\/v2\/posts\/40988"}],"collection":[{"href":"https:\/\/infonews.az\/index.php?rest_route=\/wp\/v2\/posts"}],"about":[{"href":"https:\/\/infonews.az\/index.php?rest_route=\/wp\/v2\/types\/post"}],"author":[{"embeddable":true,"href":"https:\/\/infonews.az\/index.php?rest_route=\/wp\/v2\/users\/14"}],"replies":[{"embeddable":true,"href":"https:\/\/infonews.az\/index.php?rest_route=%2Fwp%2Fv2%2Fcomments&post=40988"}],"version-history":[{"count":1,"href":"https:\/\/infonews.az\/index.php?rest_route=\/wp\/v2\/posts\/40988\/revisions"}],"predecessor-version":[{"id":40990,"href":"https:\/\/infonews.az\/index.php?rest_route=\/wp\/v2\/posts\/40988\/revisions\/40990"}],"wp:featuredmedia":[{"embeddable":true,"href":"https:\/\/infonews.az\/index.php?rest_route=\/wp\/v2\/media\/40989"}],"wp:attachment":[{"href":"https:\/\/infonews.az\/index.php?rest_route=%2Fwp%2Fv2%2Fmedia&parent=40988"}],"wp:term":[{"taxonomy":"category","embeddable":true,"href":"https:\/\/infonews.az\/index.php?rest_route=%2Fwp%2Fv2%2Fcategories&post=40988"},{"taxonomy":"post_tag","embeddable":true,"href":"https:\/\/infonews.az\/index.php?rest_route=%2Fwp%2Fv2%2Ftags&post=40988"}],"curies":[{"name":"wp","href":"https:\/\/api.w.org\/{rel}","templated":true}]}}