{"id":41004,"date":"2024-02-26T10:54:04","date_gmt":"2024-02-26T06:54:04","guid":{"rendered":"https:\/\/infonews.az\/?p=41004"},"modified":"2024-02-26T11:59:32","modified_gmt":"2024-02-26T07:59:32","slug":"facieden-zefere-tarixin-edaleti-sahin-rehmanli","status":"publish","type":"post","link":"https:\/\/infonews.az\/?p=41004","title":{"rendered":"FAC\u0130\u018fD\u018fN Z\u018fF\u018fR\u018f: TAR\u0130X\u0130N \u018fDAL\u018fT\u0130 &#8211; \u015eahin R\u018fHMANLI"},"content":{"rendered":"<p><span style=\"color: #ffffff;\">FAC\u0130\u018fD\u018fN Z\u018fF\u018fR\u018f: TAR\u0130X\u0130N \u018fDAL\u018fT\u0130 &#8211; \u015eahin R\u018fHMANLI<\/span><\/p>\n<p><a href=\"https:\/\/infonews.az\/?p=41004\"><span style=\"color: #333399;\"><strong>&#8220;\u0130NFONEWS&#8221;<\/strong><\/span><\/a> t\u0259qdim edir.<\/p>\n<p style=\"text-align: center;\"><strong>FAC\u0130\u018fD\u018fN Z\u018fF\u018fR\u018f: TAR\u0130X\u0130N \u018fDAL\u018fT\u0130<\/strong><\/p>\n<p>Bu g\u00fcn soyuq q\u0131\u015f g\u00fcn\u00fcn\u00fcn sakit s\u00fckutunda, Az\u0259rbaycan b\u0259\u015f\u0259riyy\u0259tin b\u00fcn\u00f6vr\u0259sini sars\u0131dan bir faci\u0259ni xat\u0131rlay\u0131r. 1992-ci il fevral\u0131n 26-da Erm\u0259nistan ordusunun q\u0259sd\u0259n v\u0259 q\u0259fl\u0259t\u0259n h\u00fccumu,\u00a0 a\u011flas\u0131\u011fmaz v\u0259h\u015filiyi, etnik t\u0259mizl\u0259m\u0259 siyas\u0259ti n\u0259tic\u0259sind\u0259 Xocal\u0131 \u015f\u0259h\u0259rinin dinc \u0259halisind\u0259n 613 n\u0259f\u0259r \u00f6ld\u00fcr\u00fclm\u00fc\u015f, 487 n\u0259f\u0259r sa\u011flaml\u0131q imkanlar\u0131n\u0131 itirmi\u015f, 1275 n\u0259f\u0259r dinc sakin \u2014 qocalar, u\u015faqlar, qad\u0131nlar \u0259sir g\u00f6t\u00fcr\u00fcl\u0259r\u0259k a\u011flas\u0131\u011fmaz erm\u0259ni z\u00fclm\u00fcn\u0259, t\u0259hqir v\u0259 h\u0259qar\u0259tl\u0259rin\u0259 m\u0259ruz qalm\u0131\u015flar. 150 n\u0259f\u0259rin taleyi h\u0259l\u0259 d\u0259 m\u0259lum deyil. Xocal\u0131da \u00f6ld\u00fcr\u00fclm\u00fc\u015f 613 n\u0259f\u0259rd\u0259n 106 n\u0259f\u0259ri qad\u0131n, 63 n\u0259f\u0259ri u\u015faq, 70 n\u0259f\u0259ri qoca idi. 8 ail\u0259 b\u00fct\u00f6vl\u00fckd\u0259 m\u0259hv edil\u0259r\u0259k, 24 u\u015faq h\u0259r iki valideynini, 130 u\u015faq is\u0259 valideynl\u0259rind\u0259n birini itirdi. Onlar\u0131n f\u0259ryadlar\u0131n\u0131n \u0259ks-s\u0259das\u0131 h\u0259l\u0259 d\u0259 Xocal\u0131 \u015fahidl\u0259rinin qulaqlar\u0131ndan getmir.<\/p>\n<p>Tarixin s\u0259hif\u0259l\u0259rin\u0259 qara l\u0259k\u0259 kimi d\u00fc\u015fm\u00fc\u015f Xocal\u0131 Soyq\u0131r\u0131m\u0131 \u00f6l\u00e7\u00fcy\u0259g\u0259lm\u0259z insan q\u0259ddarl\u0131\u011f\u0131n\u0131n \u0259n ac\u0131 n\u00fcmun\u0259si kimi dayan\u0131r. 30 il\u0259 yax\u0131n h\u0259min torpaqlar erm\u0259ni i\u015f\u011fal alt\u0131nda qald\u0131. Lakin 2023-c\u00fc ilin sentyabr\u0131nda M\u00fcz\u0259ff\u0259r Ali Ba\u015f Komandan\u0131n r\u0259hb\u0259rliyi alt\u0131nda Az\u0259rbaycan ordusu sars\u0131lmaz q\u0259tiyy\u0259t v\u0259 c\u0259sar\u0259tl\u0259 d\u00f6vl\u0259t suverenliyini b\u0259rpa etdi, separat\u00e7\u0131lar\u0131 qovdu v\u0259 regionda s\u00fclh\u00fc b\u0259rpa etdi. D\u00fc\u015fm\u0259n \u00f6z arzusuna \u00e7ata bilm\u0259di. Bizi bu torpaqlardan silm\u0259yi bacarmad\u0131. Bu g\u00fcn \u015fanl\u0131 Az\u0259rbaycan Bayra\u011f\u0131 Xocal\u0131da q\u00fcrurla dal\u011falan\u0131r. 44 g\u00fcnl\u00fck V\u0259t\u0259n M\u00fcharib\u0259sind\u0259 v\u0259 lokal xarakterli antiterror t\u0259dbirl\u0259rind\u0259 Xocal\u0131 qurbanlar\u0131n\u0131n qisas\u0131 al\u0131nd\u0131.<\/p>\n<p>Xocal\u0131 Soyq\u0131r\u0131m\u0131 qurbanlar\u0131n\u0131n ruhu n\u0259hay\u0259t ki, gec d\u0259 olsa \u0259dal\u0259tin b\u0259rq\u0259rar oldu\u011funu bil\u0259r\u0259k rahatla\u015fa bil\u0259r. Lakin onlar\u0131n hayq\u0131rt\u0131lar\u0131 zaman\u0131n d\u0259hlizl\u0259rind\u0259 \u0259ks-s\u0259da verir, \u0259dal\u0259t\u0259 \u00e7a\u011f\u0131r\u0131r, d\u00fcnyan\u0131 onlar\u0131n \u0259zablar\u0131n\u0131 xat\u0131rlama\u011fa v\u0259 bel\u0259 bir faci\u0259nin bir daha t\u0259krarlanmamas\u0131n\u0131 t\u0259min etm\u0259y\u0259 s\u0259sl\u0259yir.<\/p>\n<p>Bu g\u00fcn Xocal\u0131 Soyq\u0131r\u0131m\u0131n\u0131n il d\u00f6n\u00fcm\u00fcnd\u0259 itiril\u0259n h\u0259yatlar\u0131, da\u011f\u0131lan ail\u0259l\u0259ri v\u0259 erm\u0259ni v\u0259h\u015filiyinin qurbanlar\u0131n\u0131 yad ed\u0259rk\u0259n, t\u0259kc\u0259 Xocal\u0131da deyil, \u0259dal\u0259tsizliyin h\u00f6km s\u00fcrd\u00fcy\u00fc d\u00fcnyan\u0131n h\u0259r yerind\u0259 g\u00fcnahs\u0131z insanlar\u0131n q\u0259tl\u0259 yetirilm\u0259sini pisl\u0259m\u0259liyik.<\/p>\n<p>G\u0259ncl\u0259rl\u0259 i\u015f sah\u0259sind\u0259 \u00e7al\u0131\u015fd\u0131\u011f\u0131m\u0131z \u00fc\u00e7\u00fcn onlara s\u0259sl\u0259nir\u0259m: \u018fziz g\u0259ncl\u0259r, g\u0259lin \u0259dal\u0259t \u00e7a\u011f\u0131r\u0131\u015f\u0131na ham\u0131l\u0131qla qo\u015fulaq, h\u0259mr\u0259y olaq v\u0259 Xocal\u0131 Soyq\u0131r\u0131m\u0131 qurbanlar\u0131n\u0131n s\u0259sinin h\u0259r yerd\u0259 e\u015fidilm\u0259sini t\u0259min ed\u0259k. \u00c7\u00fcnki Xocal\u0131ya tam \u015f\u0259kild\u0259 h\u00fcquqi qiym\u0259t verilm\u0259si t\u0259kc\u0259 Soyq\u0131r\u0131m\u0131 qurbanlar\u0131n\u0131n ruhunu \u015fad etm\u0259y\u0259c\u0259k, yaln\u0131z haqq-\u0259dal\u0259tin b\u0259rq\u0259rar olmas\u0131n\u0131 t\u0259min etm\u0259y\u0259c\u0259k, h\u0259m d\u0259 s\u00fclh\u00fcn, \u0259dal\u0259tin v\u0259 insanl\u0131\u011f\u0131n h\u00f6km s\u00fcrd\u00fcy\u00fc yeni bir d\u00fcnya d\u00fcz\u0259ninin m\u00fcjd\u0259\u00e7isi olacaq.<\/p>\n<p><strong><em>\u015eahin R\u0259hmanl\u0131,<\/em><\/strong><\/p>\n<p><strong><em>\u201c\u0130R\u018fL\u0130\u201d \u0130ctimai Birliyinin s\u0259dri<\/em><\/strong><\/p>\n","protected":false},"excerpt":{"rendered":"<p>FAC\u0130\u018fD\u018fN Z\u018fF\u018fR\u018f: TAR\u0130X\u0130N \u018fDAL\u018fT\u0130 &#8211; \u015eahin R\u018fHMANLI &#8220;\u0130NFONEWS&#8221; t\u0259qdim edir. FAC\u0130\u018fD\u018fN Z\u018fF\u018fR\u018f: TAR\u0130X\u0130N \u018fDAL\u018fT\u0130 Bu g\u00fcn soyuq q\u0131\u015f g\u00fcn\u00fcn\u00fcn sakit s\u00fckutunda, Az\u0259rbaycan b\u0259\u015f\u0259riyy\u0259tin b\u00fcn\u00f6vr\u0259sini sars\u0131dan bir faci\u0259ni xat\u0131rlay\u0131r. 1992-ci il&hellip; <\/p>\n","protected":false},"author":14,"featured_media":41005,"comment_status":"open","ping_status":"open","sticky":false,"template":"","format":"standard","meta":{"_mi_skip_tracking":false,"_monsterinsights_sitenote_active":false,"_monsterinsights_sitenote_note":"","_monsterinsights_sitenote_category":0,"footnotes":""},"categories":[5373,4,11],"tags":[11494,15,12356,1276],"aioseo_notices":[],"_links":{"self":[{"href":"https:\/\/infonews.az\/index.php?rest_route=\/wp\/v2\/posts\/41004"}],"collection":[{"href":"https:\/\/infonews.az\/index.php?rest_route=\/wp\/v2\/posts"}],"about":[{"href":"https:\/\/infonews.az\/index.php?rest_route=\/wp\/v2\/types\/post"}],"author":[{"embeddable":true,"href":"https:\/\/infonews.az\/index.php?rest_route=\/wp\/v2\/users\/14"}],"replies":[{"embeddable":true,"href":"https:\/\/infonews.az\/index.php?rest_route=%2Fwp%2Fv2%2Fcomments&post=41004"}],"version-history":[{"count":1,"href":"https:\/\/infonews.az\/index.php?rest_route=\/wp\/v2\/posts\/41004\/revisions"}],"predecessor-version":[{"id":41006,"href":"https:\/\/infonews.az\/index.php?rest_route=\/wp\/v2\/posts\/41004\/revisions\/41006"}],"wp:featuredmedia":[{"embeddable":true,"href":"https:\/\/infonews.az\/index.php?rest_route=\/wp\/v2\/media\/41005"}],"wp:attachment":[{"href":"https:\/\/infonews.az\/index.php?rest_route=%2Fwp%2Fv2%2Fmedia&parent=41004"}],"wp:term":[{"taxonomy":"category","embeddable":true,"href":"https:\/\/infonews.az\/index.php?rest_route=%2Fwp%2Fv2%2Fcategories&post=41004"},{"taxonomy":"post_tag","embeddable":true,"href":"https:\/\/infonews.az\/index.php?rest_route=%2Fwp%2Fv2%2Ftags&post=41004"}],"curies":[{"name":"wp","href":"https:\/\/api.w.org\/{rel}","templated":true}]}}