{"id":41077,"date":"2024-02-27T12:24:11","date_gmt":"2024-02-27T08:24:11","guid":{"rendered":"https:\/\/infonews.az\/?p=41077"},"modified":"2024-02-27T12:51:44","modified_gmt":"2024-02-27T08:51:44","slug":"prezident-ilham-eliyevd%c9%99n-yeni-t%c9%99yinat-serencam","status":"publish","type":"post","link":"https:\/\/infonews.az\/?p=41077","title":{"rendered":"Prezident \u0130lham \u018fliyevd\u0259n yeni t\u0259yinat &#8211; S\u018fR\u018fNCAM"},"content":{"rendered":"<p><span style=\"color: #ffffff;\">Prezident \u0130lham \u018fliyevd\u0259n yeni t\u0259yinat &#8211; S\u018fR\u018fNCAM<\/span><\/p>\n<blockquote><p><strong>F\u0259rid Turab o\u011flu \u018fhm\u0259dov Az\u0259rbaycan Respublikas\u0131n\u0131n \u018fdliyy\u0259 Naziri t\u0259yin edilib.<\/strong><\/p><\/blockquote>\n<p><a href=\"https:\/\/infonews.az\/?p=41077\"><span style=\"color: #333399;\"><strong>&#8220;\u0130NFONEWS&#8221;<\/strong><\/span><\/a>\u00a0x\u0259b\u0259r verir ki, Prezident \u0130lham \u018fliyev bununla ba\u011fl\u0131 S\u0259r\u0259ncam imzalay\u0131b.<\/p>\n<p>F\u0259ris \u018fhm\u0259dov 1979-cu ild\u0259 Bak\u0131 \u015f\u0259h\u0259rind\u0259 anadan olub.<\/p>\n<p>2000-ci ild\u0259 Bak\u0131 D\u00f6vl\u0259t Universitetind\u0259 h\u00fcquq\u015f\u00fcnasl\u0131q ixtisas\u0131 \u00fczr\u0259 bakalavr t\u0259hsilini bitirib. 2002-ci ild\u0259 Beyn\u0259lxalq h\u00fcquq \u00fczr\u0259 magistr t\u0259hsilini bitirib.<\/p>\n<p>2003-c\u00fc ild\u0259 \u201cChevening\u201d t\u0259qa\u00fcd\u00e7\u00fcs\u00fc olaraq \u0130ngilt\u0259r\u0259nin Esseks Universitetind\u0259 beyn\u0259lxalq insan h\u00fcquqlar\u0131 ixtisas\u0131 \u00fczr\u0259 magistr d\u0259r\u0259c\u0259si al\u0131b.<\/p>\n<p>2009-cu ild\u0259 Doktorantura pill\u0259si \u00fczr\u0259 t\u0259hsilini almaq m\u0259qs\u0259dil\u0259 \u0130ngilt\u0259r\u0259nin Oksford Universitetin\u0259 \u201cWeidenfeld\u201d t\u0259qa\u00fcd\u00e7\u00fcs\u00fc olaraq daxil olub.<\/p>\n<p>2016-c\u0131 ild\u0259 Oksford Universitetinin h\u00fcquq \u00fczr\u0259 f\u0259ls\u0259f\u0259 doktoru elmi d\u0259r\u0259c\u0259sini al\u0131b.<\/p>\n<p>2006-2007-ci illd\u0259rd\u0259 Milli M\u0259clis Aparat\u0131n\u0131n \u0130nzibati v\u0259 H\u0259rbi qanunvericilik \u015f\u00f6b\u0259sind\u0259 m\u0259sl\u0259h\u0259t\u00e7i v\u0259zif\u0259sind\u0259 \u00e7al\u0131\u015f\u0131b.<\/p>\n<p>2015-2017-ci ill\u0259rd\u0259 \u201cAz\u0259rbaycan\u201d Universitetinin rektoru olub.<\/p>\n<p>2017-2020-ci ill\u0259rd\u0259 \u201cBak\u0131 Beyn\u0259lxalq D\u0259niz Ticar\u0259t Liman\u0131\u201d QSC-d\u0259 ba\u015f direktorun m\u00fcavini v\u0259zif\u0259sind\u0259 \u00e7al\u0131\u015f\u0131b.<\/p>\n<p>2021-ci ild\u0259 N\u0259qliyyat, rabit\u0259 v\u0259 y\u00fcks\u0259k texnologiyalar nazirinin m\u00fc\u015faviri olub.<\/p>\n<p>\u018fdliyy\u0259 naziri v\u0259zif\u0259sin\u0259 t\u0259yin edil\u0259n\u0259 q\u0259d\u0259r R\u0259q\u0259msal inki\u015faf v\u0259 n\u0259qliyyat nazirinin m\u00fcavini v\u0259zif\u0259sind\u0259 \u00e7al\u0131\u015f\u0131b.<\/p>\n","protected":false},"excerpt":{"rendered":"<p>Prezident \u0130lham \u018fliyevd\u0259n yeni t\u0259yinat &#8211; S\u018fR\u018fNCAM F\u0259rid Turab o\u011flu \u018fhm\u0259dov Az\u0259rbaycan Respublikas\u0131n\u0131n \u018fdliyy\u0259 Naziri t\u0259yin edilib. &#8220;\u0130NFONEWS&#8221;\u00a0x\u0259b\u0259r verir ki, Prezident \u0130lham \u018fliyev bununla ba\u011fl\u0131 S\u0259r\u0259ncam imzalay\u0131b. F\u0259ris \u018fhm\u0259dov 1979-cu&hellip; <\/p>\n","protected":false},"author":14,"featured_media":41078,"comment_status":"open","ping_status":"open","sticky":false,"template":"","format":"standard","meta":{"_mi_skip_tracking":false,"_monsterinsights_sitenote_active":false,"_monsterinsights_sitenote_note":"","_monsterinsights_sitenote_category":0,"footnotes":""},"categories":[4,6,11],"tags":[12896,12895,15],"aioseo_notices":[],"_links":{"self":[{"href":"https:\/\/infonews.az\/index.php?rest_route=\/wp\/v2\/posts\/41077"}],"collection":[{"href":"https:\/\/infonews.az\/index.php?rest_route=\/wp\/v2\/posts"}],"about":[{"href":"https:\/\/infonews.az\/index.php?rest_route=\/wp\/v2\/types\/post"}],"author":[{"embeddable":true,"href":"https:\/\/infonews.az\/index.php?rest_route=\/wp\/v2\/users\/14"}],"replies":[{"embeddable":true,"href":"https:\/\/infonews.az\/index.php?rest_route=%2Fwp%2Fv2%2Fcomments&post=41077"}],"version-history":[{"count":1,"href":"https:\/\/infonews.az\/index.php?rest_route=\/wp\/v2\/posts\/41077\/revisions"}],"predecessor-version":[{"id":41079,"href":"https:\/\/infonews.az\/index.php?rest_route=\/wp\/v2\/posts\/41077\/revisions\/41079"}],"wp:featuredmedia":[{"embeddable":true,"href":"https:\/\/infonews.az\/index.php?rest_route=\/wp\/v2\/media\/41078"}],"wp:attachment":[{"href":"https:\/\/infonews.az\/index.php?rest_route=%2Fwp%2Fv2%2Fmedia&parent=41077"}],"wp:term":[{"taxonomy":"category","embeddable":true,"href":"https:\/\/infonews.az\/index.php?rest_route=%2Fwp%2Fv2%2Fcategories&post=41077"},{"taxonomy":"post_tag","embeddable":true,"href":"https:\/\/infonews.az\/index.php?rest_route=%2Fwp%2Fv2%2Ftags&post=41077"}],"curies":[{"name":"wp","href":"https:\/\/api.w.org\/{rel}","templated":true}]}}