{"id":41100,"date":"2024-02-28T14:34:10","date_gmt":"2024-02-28T10:34:10","guid":{"rendered":"https:\/\/infonews.az\/?p=41100"},"modified":"2024-02-28T14:34:10","modified_gmt":"2024-02-28T10:34:10","slug":"koreya-prezidenti-ilham-eliyevi-t%c9%99brik-edib","status":"publish","type":"post","link":"https:\/\/infonews.az\/?p=41100","title":{"rendered":"Koreya Prezidenti \u0130lham \u018fliyevi t\u0259brik edib"},"content":{"rendered":"<blockquote><p>Koreya Prezidenti Yun Sok Yol Az\u0259rbaycan Prezidenti \u0130lham \u018fliyev\u0259 t\u0259brik m\u0259ktubu g\u00f6nd\u0259rib.<\/p><\/blockquote>\n<p><a href=\"https:\/\/infonews.az\/\"><strong>\u201c\u0130NFONEWS\u201d<\/strong><\/a>-\u00fcn\u00a0m\u0259lumat\u0131na g\u00f6r\u0259, m\u0259ktubda deyilir:<\/p>\n<p>&#8220;C\u0259nab Prezident.<\/p>\n<p>Yenid\u0259n Az\u0259rbaycan Respublikas\u0131n\u0131n Prezidenti se\u00e7ilm\u0259yiniz m\u00fcnasib\u0259til\u0259 Sizi Koreya Respublikas\u0131n\u0131n h\u00f6kum\u0259ti v\u0259 xalq\u0131 ad\u0131ndan s\u0259mimi-q\u0259lbd\u0259n t\u0259brik edir\u0259m. Uzaqg\u00f6r\u0259nliyiniz v\u0259 liderliyiniz say\u0259sind\u0259 Az\u0259rbaycan Respublikas\u0131n\u0131n davaml\u0131 \u015f\u0259kild\u0259 inki\u015faf ed\u0259c\u0259yin\u0259 \u0259min\u0259m.<\/p>\n<p>\u00d6lk\u0259l\u0259rimiz aras\u0131nda diplomatik m\u00fcnasib\u0259tl\u0259rin quruldu\u011fu 1992-ci ild\u0259n b\u0259ri m\u00fcxt\u0259lif sah\u0259l\u0259rd\u0259 dostluq v\u0259 \u0259m\u0259kda\u015fl\u0131q m\u00fcnasib\u0259tl\u0259rimiz geni\u015fl\u0259nmi\u015fdir. Son d\u00f6vrl\u0259rd\u0259 enerji, infrastruktur, s\u0259hiyy\u0259, \u201ca\u011f\u0131ll\u0131 k\u0259nd\u201d v\u0259 dig\u0259r sah\u0259l\u0259rd\u0259 \u0259m\u0259kda\u015fl\u0131\u011f\u0131n m\u00f6hk\u0259ml\u0259ndirilm\u0259sind\u0259n x\u00fcsusil\u0259 b\u00f6y\u00fck m\u0259mnunluq duyuram.<\/p>\n<p>\u018fmin\u0259m ki, birg\u0259 s\u0259yl\u0259rimizl\u0259 \u00f6lk\u0259l\u0259rimiz aras\u0131nda ikit\u0259r\u0259fli \u0259laq\u0259l\u0259r daha da inki\u015faf ed\u0259c\u0259kdir.<\/p>\n<p>Siz\u0259 cansa\u011fl\u0131\u011f\u0131, Az\u0259rbaycana daimi inki\u015faf arzu edir\u0259m&#8221;.<\/p>\n","protected":false},"excerpt":{"rendered":"<p>Koreya Prezidenti Yun Sok Yol Az\u0259rbaycan Prezidenti \u0130lham \u018fliyev\u0259 t\u0259brik m\u0259ktubu g\u00f6nd\u0259rib. \u201c\u0130NFONEWS\u201d-\u00fcn\u00a0m\u0259lumat\u0131na g\u00f6r\u0259, m\u0259ktubda deyilir: &#8220;C\u0259nab Prezident. Yenid\u0259n Az\u0259rbaycan Respublikas\u0131n\u0131n Prezidenti se\u00e7ilm\u0259yiniz m\u00fcnasib\u0259til\u0259 Sizi Koreya Respublikas\u0131n\u0131n h\u00f6kum\u0259ti v\u0259 xalq\u0131&hellip; <\/p>\n","protected":false},"author":30,"featured_media":40629,"comment_status":"open","ping_status":"open","sticky":false,"template":"","format":"standard","meta":{"_mi_skip_tracking":false,"_monsterinsights_sitenote_active":false,"_monsterinsights_sitenote_note":"","_monsterinsights_sitenote_category":0,"footnotes":""},"categories":[11],"tags":[20,11630,139,6987],"aioseo_notices":[],"_links":{"self":[{"href":"https:\/\/infonews.az\/index.php?rest_route=\/wp\/v2\/posts\/41100"}],"collection":[{"href":"https:\/\/infonews.az\/index.php?rest_route=\/wp\/v2\/posts"}],"about":[{"href":"https:\/\/infonews.az\/index.php?rest_route=\/wp\/v2\/types\/post"}],"author":[{"embeddable":true,"href":"https:\/\/infonews.az\/index.php?rest_route=\/wp\/v2\/users\/30"}],"replies":[{"embeddable":true,"href":"https:\/\/infonews.az\/index.php?rest_route=%2Fwp%2Fv2%2Fcomments&post=41100"}],"version-history":[{"count":1,"href":"https:\/\/infonews.az\/index.php?rest_route=\/wp\/v2\/posts\/41100\/revisions"}],"predecessor-version":[{"id":41102,"href":"https:\/\/infonews.az\/index.php?rest_route=\/wp\/v2\/posts\/41100\/revisions\/41102"}],"wp:featuredmedia":[{"embeddable":true,"href":"https:\/\/infonews.az\/index.php?rest_route=\/wp\/v2\/media\/40629"}],"wp:attachment":[{"href":"https:\/\/infonews.az\/index.php?rest_route=%2Fwp%2Fv2%2Fmedia&parent=41100"}],"wp:term":[{"taxonomy":"category","embeddable":true,"href":"https:\/\/infonews.az\/index.php?rest_route=%2Fwp%2Fv2%2Fcategories&post=41100"},{"taxonomy":"post_tag","embeddable":true,"href":"https:\/\/infonews.az\/index.php?rest_route=%2Fwp%2Fv2%2Ftags&post=41100"}],"curies":[{"name":"wp","href":"https:\/\/api.w.org\/{rel}","templated":true}]}}