{"id":41228,"date":"2024-03-01T14:10:47","date_gmt":"2024-03-01T10:10:47","guid":{"rendered":"https:\/\/infonews.az\/?p=41228"},"modified":"2024-03-01T14:10:47","modified_gmt":"2024-03-01T10:10:47","slug":"deputat-cop29-da-on%c9%99mli-q%c9%99rarlar-q%c9%99bul-edil%c9%99c%c9%99k","status":"publish","type":"post","link":"https:\/\/infonews.az\/?p=41228","title":{"rendered":"Deputat: COP29-da \u00f6n\u0259mli q\u0259rarlar q\u0259bul edil\u0259c\u0259k"},"content":{"rendered":"<blockquote><p>Az\u0259rbaycanda ke\u00e7iril\u0259c\u0259k BMT-nin \u0130qlim D\u0259yi\u015fm\u0259l\u0259ri \u00fczr\u0259 \u00c7\u0259r\u00e7iv\u0259 Konvensiyas\u0131n\u0131n T\u0259r\u0259fl\u0259r Konfrans\u0131n\u0131n 29-cu sessiyas\u0131 (COP29) \u00e7\u0259r\u00e7iv\u0259sind\u0259 \u00f6n\u0259mli q\u0259rarlar q\u0259bul edil\u0259c\u0259k.<\/p><\/blockquote>\n<p><a href=\"https:\/\/infonews.az\/\"><strong>\u201c\u0130NFONEWS\u201d<\/strong>\u00a0<\/a>\u00a0x\u0259b\u0259r verir ki, bunu Milli M\u0259clisin deputat\u0131, COP29 T\u0259\u015fkilat Komit\u0259sinin \u00fczv\u00fc Nigar Arpadari &#8220;Ekoloji tarazl\u0131\u011f\u0131n v\u0259 insan h\u00fcquqlar\u0131n\u0131n t\u0259minat\u0131 sah\u0259sind\u0259 v\u0259t\u0259nda\u015f c\u0259miyy\u0259tinin art\u0131r\u0131lmas\u0131&#8221; m\u00f6vzusunda ke\u00e7iril\u0259n konfransda deyib.<\/p>\n<p>O bildirib ki, COP29 d\u00fcnyada \u0259n b\u00f6y\u00fck t\u0259dbirl\u0259rd\u0259n biridir, \u00e7\u00fcnki m\u00fczakir\u0259 edil\u0259n m\u00f6vzu insan h\u0259yat\u0131 \u00fc\u00e7\u00fcn \u00f6n\u0259mlidir.<\/p>\n<p>&#8220;Ekologiya v\u0259 \u0259traf-m\u00fchitin qorunmas\u0131 m\u00f6vzusu d\u00fc\u015f\u00fcn\u00fcr\u0259m ki, bizim c\u0259miyy\u0259tin \u00fc\u00e7\u00fcn h\u0259l\u0259 d\u0259 yenidir. Lakin bu ilin yekununda \u00f6lk\u0259miz d\u0259 bu m\u00f6vzuya daha \u00e7ox diqq\u0259t edil\u0259c\u0259k. Az\u0259rbaycan b\u00fct\u00fcn konvensiyalara qo\u015fulub v\u0259 \u00fcz\u0259rin\u0259 g\u00f6t\u00fcrd\u00fcy\u00fc \u00f6hd\u0259likl\u0259ri h\u0259yata ke\u00e7irib. Bu il COP29-un ke\u00e7irilm\u0259si bu \u00f6hd\u0259likl\u0259ri daha da art\u0131r\u0131r. COP29-a g\u00f6r\u0259 bu il b\u00fct\u00fcn d\u00fcnyan\u0131n g\u00f6z\u00fc Bak\u0131da olacaq&#8221;, &#8211; deputat s\u00f6yl\u0259yib.<\/p>\n","protected":false},"excerpt":{"rendered":"<p>Az\u0259rbaycanda ke\u00e7iril\u0259c\u0259k BMT-nin \u0130qlim D\u0259yi\u015fm\u0259l\u0259ri \u00fczr\u0259 \u00c7\u0259r\u00e7iv\u0259 Konvensiyas\u0131n\u0131n T\u0259r\u0259fl\u0259r Konfrans\u0131n\u0131n 29-cu sessiyas\u0131 (COP29) \u00e7\u0259r\u00e7iv\u0259sind\u0259 \u00f6n\u0259mli q\u0259rarlar q\u0259bul edil\u0259c\u0259k. \u201c\u0130NFONEWS\u201d\u00a0\u00a0x\u0259b\u0259r verir ki, bunu Milli M\u0259clisin deputat\u0131, COP29 T\u0259\u015fkilat Komit\u0259sinin \u00fczv\u00fc Nigar&hellip; <\/p>\n","protected":false},"author":30,"featured_media":40850,"comment_status":"open","ping_status":"open","sticky":false,"template":"","format":"standard","meta":{"_mi_skip_tracking":false,"_monsterinsights_sitenote_active":false,"_monsterinsights_sitenote_note":"","_monsterinsights_sitenote_category":0,"footnotes":""},"categories":[12819,11],"tags":[11865,256,205,53,12961],"aioseo_notices":[],"_links":{"self":[{"href":"https:\/\/infonews.az\/index.php?rest_route=\/wp\/v2\/posts\/41228"}],"collection":[{"href":"https:\/\/infonews.az\/index.php?rest_route=\/wp\/v2\/posts"}],"about":[{"href":"https:\/\/infonews.az\/index.php?rest_route=\/wp\/v2\/types\/post"}],"author":[{"embeddable":true,"href":"https:\/\/infonews.az\/index.php?rest_route=\/wp\/v2\/users\/30"}],"replies":[{"embeddable":true,"href":"https:\/\/infonews.az\/index.php?rest_route=%2Fwp%2Fv2%2Fcomments&post=41228"}],"version-history":[{"count":1,"href":"https:\/\/infonews.az\/index.php?rest_route=\/wp\/v2\/posts\/41228\/revisions"}],"predecessor-version":[{"id":41230,"href":"https:\/\/infonews.az\/index.php?rest_route=\/wp\/v2\/posts\/41228\/revisions\/41230"}],"wp:featuredmedia":[{"embeddable":true,"href":"https:\/\/infonews.az\/index.php?rest_route=\/wp\/v2\/media\/40850"}],"wp:attachment":[{"href":"https:\/\/infonews.az\/index.php?rest_route=%2Fwp%2Fv2%2Fmedia&parent=41228"}],"wp:term":[{"taxonomy":"category","embeddable":true,"href":"https:\/\/infonews.az\/index.php?rest_route=%2Fwp%2Fv2%2Fcategories&post=41228"},{"taxonomy":"post_tag","embeddable":true,"href":"https:\/\/infonews.az\/index.php?rest_route=%2Fwp%2Fv2%2Ftags&post=41228"}],"curies":[{"name":"wp","href":"https:\/\/api.w.org\/{rel}","templated":true}]}}