{"id":41280,"date":"2024-03-03T11:32:00","date_gmt":"2024-03-03T07:32:00","guid":{"rendered":"https:\/\/infonews.az\/?p=41280"},"modified":"2024-03-03T11:33:36","modified_gmt":"2024-03-03T07:33:36","slug":"mask-nato-nun-coxdan-dagilmali-oldugu-fikrini-d%c9%99st%c9%99kl%c9%99yib","status":"publish","type":"post","link":"https:\/\/infonews.az\/?p=41280","title":{"rendered":"Mask NATO-nun \u00e7oxdan da\u011f\u0131lmal\u0131 oldu\u011fu fikrini d\u0259st\u0259kl\u0259yib"},"content":{"rendered":"<blockquote><p>Milyarder \u0130lon Mask amerikal\u0131 i\u015f adam\u0131 Devid Saks\u0131n Sovet \u0130ttifaq\u0131n\u0131n da\u011f\u0131lmas\u0131ndan sonra NATO-nun l\u0259\u011fv edilm\u0259li oldu\u011fu bar\u0259d\u0259 b\u0259yanat\u0131n\u0131 d\u0259st\u0259kl\u0259yib.<\/p><\/blockquote>\n<p><a href=\"https:\/\/infonews.az\/\"><strong>\u201c\u0130NFONEWS\u201d<\/strong>\u00a0<\/a> x\u0259b\u0259r verir ki, bu bar\u0259d\u0259 Mask \u201cX\u201d sosial \u015f\u0259b\u0259k\u0259sind\u0259ki hesab\u0131nda bildirib.<\/p>\n<p>Bel\u0259 ki, Saks SSR\u0130-nin da\u011f\u0131lmas\u0131ndan sonra \u015eimali Atlantika M\u00fcqavil\u0259si T\u0259\u015fkilat\u0131n\u0131 buraxmaq \u0259v\u0259zin\u0259, geni\u015fl\u0259nm\u0259 il\u0259 ba\u011fl\u0131 yeni missiya il\u0259 \u00e7\u0131x\u0131\u015f etdikl\u0259rini vur\u011fulay\u0131b.<\/p>\n<p>O, h\u0259m\u00e7inin qeyd edib ki, bu c\u00fcr hadis\u0259l\u0259r NATO \u0259traf\u0131nda t\u0259\u015fkilat\u0131n m\u00f6vcudlu\u011funa haqq qazand\u0131rmaq \u00fc\u00e7\u00fcn laz\u0131m olan d\u00fc\u015fm\u0259n\u00e7iliyi yarad\u0131b.<\/p>\n<p>\u201cDo\u011frudur. M\u0259n h\u0259mi\u015f\u0259 maraqlanm\u0131\u015fam ki, NATO-nun \u0259z\u0259li d\u00fc\u015fm\u0259ni v\u0259 yaranma s\u0259b\u0259bi haz\u0131rda olmasa da, t\u0259\u015fkilat niy\u0259 m\u00f6vcud olma\u011fa davam edir?\u201d, &#8211; dey\u0259 Mask qeyd edib.<\/p>\n","protected":false},"excerpt":{"rendered":"<p>Milyarder \u0130lon Mask amerikal\u0131 i\u015f adam\u0131 Devid Saks\u0131n Sovet \u0130ttifaq\u0131n\u0131n da\u011f\u0131lmas\u0131ndan sonra NATO-nun l\u0259\u011fv edilm\u0259li oldu\u011fu bar\u0259d\u0259 b\u0259yanat\u0131n\u0131 d\u0259st\u0259kl\u0259yib. \u201c\u0130NFONEWS\u201d\u00a0 x\u0259b\u0259r verir ki, bu bar\u0259d\u0259 Mask \u201cX\u201d sosial \u015f\u0259b\u0259k\u0259sind\u0259ki hesab\u0131nda&hellip; <\/p>\n","protected":false},"author":30,"featured_media":41285,"comment_status":"open","ping_status":"open","sticky":false,"template":"","format":"standard","meta":{"_mi_skip_tracking":false,"_monsterinsights_sitenote_active":false,"_monsterinsights_sitenote_note":"","_monsterinsights_sitenote_category":0,"footnotes":""},"categories":[9,8,11],"tags":[12980,11451,12979],"aioseo_notices":[],"_links":{"self":[{"href":"https:\/\/infonews.az\/index.php?rest_route=\/wp\/v2\/posts\/41280"}],"collection":[{"href":"https:\/\/infonews.az\/index.php?rest_route=\/wp\/v2\/posts"}],"about":[{"href":"https:\/\/infonews.az\/index.php?rest_route=\/wp\/v2\/types\/post"}],"author":[{"embeddable":true,"href":"https:\/\/infonews.az\/index.php?rest_route=\/wp\/v2\/users\/30"}],"replies":[{"embeddable":true,"href":"https:\/\/infonews.az\/index.php?rest_route=%2Fwp%2Fv2%2Fcomments&post=41280"}],"version-history":[{"count":1,"href":"https:\/\/infonews.az\/index.php?rest_route=\/wp\/v2\/posts\/41280\/revisions"}],"predecessor-version":[{"id":41286,"href":"https:\/\/infonews.az\/index.php?rest_route=\/wp\/v2\/posts\/41280\/revisions\/41286"}],"wp:featuredmedia":[{"embeddable":true,"href":"https:\/\/infonews.az\/index.php?rest_route=\/wp\/v2\/media\/41285"}],"wp:attachment":[{"href":"https:\/\/infonews.az\/index.php?rest_route=%2Fwp%2Fv2%2Fmedia&parent=41280"}],"wp:term":[{"taxonomy":"category","embeddable":true,"href":"https:\/\/infonews.az\/index.php?rest_route=%2Fwp%2Fv2%2Fcategories&post=41280"},{"taxonomy":"post_tag","embeddable":true,"href":"https:\/\/infonews.az\/index.php?rest_route=%2Fwp%2Fv2%2Ftags&post=41280"}],"curies":[{"name":"wp","href":"https:\/\/api.w.org\/{rel}","templated":true}]}}