{"id":41309,"date":"2024-02-22T11:54:38","date_gmt":"2024-02-22T07:54:38","guid":{"rendered":"https:\/\/infonews.az\/?p=41309"},"modified":"2024-03-03T11:58:05","modified_gmt":"2024-03-03T07:58:05","slug":"danimarka-ukraynaya-19-%c9%99d%c9%99d-f-16-qiricisi-t%c9%99daruk-ed%c9%99c%c9%99k","status":"publish","type":"post","link":"https:\/\/infonews.az\/?p=41309","title":{"rendered":"Danimarka Ukraynaya 19 \u0259d\u0259d F-16 q\u0131r\u0131c\u0131s\u0131 t\u0259dar\u00fck ed\u0259c\u0259k"},"content":{"rendered":"<blockquote><p>Danimarka Ukraynaya bu ilin yay\u0131nda 19 \u0259d\u0259d F-16 q\u0131r\u0131c\u0131lar\u0131 t\u0259dar\u00fck ed\u0259c\u0259k.<\/p><\/blockquote>\n<p><a href=\"https:\/\/infonews.az\/\"><strong>\u201c\u0130NFONEWS\u201d<\/strong>\u00a0<\/a>\u00a0\u00a0x\u0259b\u0259r verir ki, bu bar\u0259d\u0259 Krall\u0131\u011f\u0131n M\u00fcdafi\u0259 Nazirliyinin m\u0259tbuat xidm\u0259ti m\u0259lumat yay\u0131b.<\/p>\n<div class=\"texts mb-site\">\n<p>Qeyd olunub ki, Ukrayna Rusiya ordusunun s\u0259mada \u00fcst\u00fcnl\u00fcy\u00fcn\u0259 qar\u015f\u0131 \u00e7\u0131xmaq \u00fc\u00e7\u00fcn Amerika istehsal\u0131 olan F-16 q\u0131r\u0131c\u0131lar\u0131ndan istifad\u0259 etm\u0259k ist\u0259yir.<\/p>\n<p>AB\u015e t\u0259r\u0259fi bu ilin yay\u0131nda ukraynal\u0131 pilotlar\u0131n t\u0259liml\u0259ri ba\u015fa \u00e7atana q\u0259d\u0259r F-16 q\u0131r\u0131c\u0131lar\u0131n\u0131n Danimarka v\u0259 Niderlanddan Ukraynaya t\u0259hvil verilm\u0259sini t\u0259sdiql\u0259yib.<\/p>\n<p>Niderland h\u00f6kum\u0259ti d\u0259 \u00f6t\u0259n ilin avqustunda Ukraynaya F-16 q\u0131r\u0131c\u0131lar\u0131n\u0131n g\u00f6nd\u0259ril\u0259c\u0259yini a\u00e7\u0131qlay\u0131b v\u0259 Krall\u0131q ukraynal\u0131 pilotlara t\u0259liml\u0259r ke\u00e7irildiyini qeyd edib, lakin 42 t\u0259yyar\u0259nin n\u0259 vaxt t\u0259dar\u00fck edil\u0259c\u0259yini a\u00e7\u0131qlamay\u0131b.<\/p>\n<\/div>\n","protected":false},"excerpt":{"rendered":"<p>Danimarka Ukraynaya bu ilin yay\u0131nda 19 \u0259d\u0259d F-16 q\u0131r\u0131c\u0131lar\u0131 t\u0259dar\u00fck ed\u0259c\u0259k. \u201c\u0130NFONEWS\u201d\u00a0\u00a0\u00a0x\u0259b\u0259r verir ki, bu bar\u0259d\u0259 Krall\u0131\u011f\u0131n M\u00fcdafi\u0259 Nazirliyinin m\u0259tbuat xidm\u0259ti m\u0259lumat yay\u0131b. Qeyd olunub ki, Ukrayna Rusiya ordusunun s\u0259mada&hellip; <\/p>\n","protected":false},"author":30,"featured_media":41310,"comment_status":"open","ping_status":"open","sticky":false,"template":"","format":"standard","meta":{"_mi_skip_tracking":false,"_monsterinsights_sitenote_active":false,"_monsterinsights_sitenote_note":"","_monsterinsights_sitenote_category":0,"footnotes":""},"categories":[9,11],"tags":[10415,153,997,143,172],"aioseo_notices":[],"_links":{"self":[{"href":"https:\/\/infonews.az\/index.php?rest_route=\/wp\/v2\/posts\/41309"}],"collection":[{"href":"https:\/\/infonews.az\/index.php?rest_route=\/wp\/v2\/posts"}],"about":[{"href":"https:\/\/infonews.az\/index.php?rest_route=\/wp\/v2\/types\/post"}],"author":[{"embeddable":true,"href":"https:\/\/infonews.az\/index.php?rest_route=\/wp\/v2\/users\/30"}],"replies":[{"embeddable":true,"href":"https:\/\/infonews.az\/index.php?rest_route=%2Fwp%2Fv2%2Fcomments&post=41309"}],"version-history":[{"count":1,"href":"https:\/\/infonews.az\/index.php?rest_route=\/wp\/v2\/posts\/41309\/revisions"}],"predecessor-version":[{"id":41311,"href":"https:\/\/infonews.az\/index.php?rest_route=\/wp\/v2\/posts\/41309\/revisions\/41311"}],"wp:featuredmedia":[{"embeddable":true,"href":"https:\/\/infonews.az\/index.php?rest_route=\/wp\/v2\/media\/41310"}],"wp:attachment":[{"href":"https:\/\/infonews.az\/index.php?rest_route=%2Fwp%2Fv2%2Fmedia&parent=41309"}],"wp:term":[{"taxonomy":"category","embeddable":true,"href":"https:\/\/infonews.az\/index.php?rest_route=%2Fwp%2Fv2%2Fcategories&post=41309"},{"taxonomy":"post_tag","embeddable":true,"href":"https:\/\/infonews.az\/index.php?rest_route=%2Fwp%2Fv2%2Ftags&post=41309"}],"curies":[{"name":"wp","href":"https:\/\/api.w.org\/{rel}","templated":true}]}}