{"id":41337,"date":"2024-03-03T12:23:01","date_gmt":"2024-03-03T08:23:01","guid":{"rendered":"https:\/\/infonews.az\/?p=41337"},"modified":"2024-03-03T12:23:01","modified_gmt":"2024-03-03T08:23:01","slug":"q%c9%99zza-zolaginin-c%c9%99nubunda-israil-ordusunun-daha-bir-nec%c9%99-%c9%99sg%c9%99ri-olub","status":"publish","type":"post","link":"https:\/\/infonews.az\/?p=41337","title":{"rendered":"Q\u0259zza zola\u011f\u0131n\u0131n c\u0259nubunda \u0130srail ordusunun daha bir ne\u00e7\u0259 \u0259sg\u0259ri \u00f6l\u00fcb"},"content":{"rendered":"<blockquote><p>Q\u0259zza zola\u011f\u0131n\u0131n c\u0259nubunda radikal F\u0259l\u0259stinin H\u018fMAS h\u0259r\u0259kat\u0131 il\u0259 d\u00f6y\u00fc\u015fl\u0259r zaman\u0131 \u0130srail ordusunun 3 \u0259sg\u0259ri h\u0259lak olub, daha 14-\u00fc yaralan\u0131b.<\/p><\/blockquote>\n<p><a href=\"https:\/\/infonews.az\/\"><strong>\u201c\u0130NFONEWS\u201d<\/strong>\u00a0<\/a> bu bar\u0259d\u0259 \u0130srail ordusunun m\u0259tbuat xidm\u0259tin\u0259 istinad\u0259n x\u0259b\u0259r verir.<\/p>\n<p>\u00d6l\u0259nl\u0259r &#8211; 19 ya\u015fl\u0131 Dolev Malka, 19 ya\u015fl\u0131 Afik Teri v\u0259 20 ya\u015fl\u0131 \u0130non Yitzhak \u201cBislama\u00e7\u201d briqadas\u0131n\u0131n 450-ci batalyonunda piyada komandirl\u0259ri \u00fc\u00e7\u00fcn t\u0259lim ke\u00e7ibl\u0259r. Onlarn \u00fc\u00e7\u00fcn d\u0259 \u00e7avu\u015fdur.<\/p>\n<p>M\u0259tbuat xidm\u0259tinin m\u0259lumat\u0131na g\u00f6r\u0259, \u0130srail ordusunun Q\u0259zza zola\u011f\u0131nda quru \u0259m\u0259liyyat\u0131 ba\u015flayandan \u00f6l\u0259n \u0259sg\u0259rl\u0259rin say\u0131 245-\u0259 \u00e7at\u0131b. F\u0259l\u0259stin-\u0130srail m\u00fcnaqi\u015f\u0259sinin yeni m\u0259rh\u0259l\u0259si ba\u015flayandan h\u0259lak olan \u0130srail \u0259sg\u0259rl\u0259rinin \u00fcmumi say\u0131 art\u0131q 585n\u0259f\u0259r\u0259 \u00e7at\u0131b.<\/p>\n","protected":false},"excerpt":{"rendered":"<p>Q\u0259zza zola\u011f\u0131n\u0131n c\u0259nubunda radikal F\u0259l\u0259stinin H\u018fMAS h\u0259r\u0259kat\u0131 il\u0259 d\u00f6y\u00fc\u015fl\u0259r zaman\u0131 \u0130srail ordusunun 3 \u0259sg\u0259ri h\u0259lak olub, daha 14-\u00fc yaralan\u0131b. \u201c\u0130NFONEWS\u201d\u00a0 bu bar\u0259d\u0259 \u0130srail ordusunun m\u0259tbuat xidm\u0259tin\u0259 istinad\u0259n x\u0259b\u0259r verir. \u00d6l\u0259nl\u0259r&hellip; <\/p>\n","protected":false},"author":30,"featured_media":41339,"comment_status":"open","ping_status":"open","sticky":false,"template":"","format":"standard","meta":{"_mi_skip_tracking":false,"_monsterinsights_sitenote_active":false,"_monsterinsights_sitenote_note":"","_monsterinsights_sitenote_category":0,"footnotes":""},"categories":[9,4422,11],"tags":[14,183,6192,726,11382],"aioseo_notices":[],"_links":{"self":[{"href":"https:\/\/infonews.az\/index.php?rest_route=\/wp\/v2\/posts\/41337"}],"collection":[{"href":"https:\/\/infonews.az\/index.php?rest_route=\/wp\/v2\/posts"}],"about":[{"href":"https:\/\/infonews.az\/index.php?rest_route=\/wp\/v2\/types\/post"}],"author":[{"embeddable":true,"href":"https:\/\/infonews.az\/index.php?rest_route=\/wp\/v2\/users\/30"}],"replies":[{"embeddable":true,"href":"https:\/\/infonews.az\/index.php?rest_route=%2Fwp%2Fv2%2Fcomments&post=41337"}],"version-history":[{"count":2,"href":"https:\/\/infonews.az\/index.php?rest_route=\/wp\/v2\/posts\/41337\/revisions"}],"predecessor-version":[{"id":41342,"href":"https:\/\/infonews.az\/index.php?rest_route=\/wp\/v2\/posts\/41337\/revisions\/41342"}],"wp:featuredmedia":[{"embeddable":true,"href":"https:\/\/infonews.az\/index.php?rest_route=\/wp\/v2\/media\/41339"}],"wp:attachment":[{"href":"https:\/\/infonews.az\/index.php?rest_route=%2Fwp%2Fv2%2Fmedia&parent=41337"}],"wp:term":[{"taxonomy":"category","embeddable":true,"href":"https:\/\/infonews.az\/index.php?rest_route=%2Fwp%2Fv2%2Fcategories&post=41337"},{"taxonomy":"post_tag","embeddable":true,"href":"https:\/\/infonews.az\/index.php?rest_route=%2Fwp%2Fv2%2Ftags&post=41337"}],"curies":[{"name":"wp","href":"https:\/\/api.w.org\/{rel}","templated":true}]}}