{"id":41414,"date":"2024-03-01T13:47:57","date_gmt":"2024-03-01T09:47:57","guid":{"rendered":"https:\/\/infonews.az\/?p=41414"},"modified":"2024-03-03T13:51:23","modified_gmt":"2024-03-03T09:51:23","slug":"rovn%c9%99q-abdullayev-affa-prezidentliyin%c9%99-namiz%c9%99d-olmayacaq","status":"publish","type":"post","link":"https:\/\/infonews.az\/?p=41414","title":{"rendered":"R\u00f6vn\u0259q Abdullayev AFFA prezidentliyin\u0259 namiz\u0259d olmayacaq"},"content":{"rendered":"<blockquote><p>R\u00f6vn\u0259q Abdullayev AFFA prezidentliyi \u00fc\u00e7\u00fcn namiz\u0259d olmayacaq.<\/p><\/blockquote>\n<p><a href=\"https:\/\/infonews.az\/\"><strong>\u201c\u0130NFONEWS\u201d<\/strong>\u00a0<\/a>\u00a0 AFFA-n\u0131n sayt\u0131na istinad\u0259n x\u0259b\u0259r verir ki, o, bu bar\u0259d\u0259 bu g\u00fcn G\u0259nc\u0259d\u0259 AFFA \u0130craiyy\u0259 Komit\u0259sinin n\u00f6vb\u0259ti iclas\u0131nda bildirib.<\/p>\n<p>&nbsp;<\/p>\n<p>\u0130clasda q\u0259bul edil\u0259n q\u0259rarlara \u0259sas\u0259n\u00a0AFFA-n\u0131n N\u00f6vb\u0259ti Hesabat-Se\u00e7ki Konfrans\u0131 2 aprel tarixin\u0259 t\u0259yin edilib.<\/p>\n<p>Eyni zamanda, m\u00fcvafiq m\u00fcraci\u0259t\u0259 \u0259sas\u0259n, adlar\u0131 a\u015fa\u011f\u0131da g\u00f6st\u0259rilmi\u015f futbol veteranlar\u0131na AFFA-n\u0131n t\u0259qa\u00fcd\u00fc verilib:<\/p>\n<p>&#8211; \u0130smay\u0131l \u018fliyev<\/p>\n<p>&#8211; Esmiralda \u018fl\u0259kb\u0259rova (h\u0259kim)<\/p>\n<p>&#8211; G\u0259ray Qarayev<\/p>\n<p>&#8211; \u0130qor Ponomaryov<\/p>\n<p>&#8211; Vaqif Sad\u0131qov<\/p>\n<p>&#8211; Ma\u015fallah \u018fhm\u0259dov<\/p>\n<p>\u201cK\u0259p\u0259z\u201d Futbol Akedemiyas\u0131n\u0131n tikintisil\u0259 ba\u011fl\u0131 \u0130craiyy\u0259 Komit\u0259sin\u0259 hesabat t\u0259qdim edilib.<\/p>\n<p>\u0130clas\u0131n sonunda AFFA-n\u0131n prezidenti R\u00f6vn\u0259q Abdullayev \u00f6z ist\u0259yi il\u0259 aprelin 2-d\u0259 ke\u00e7iril\u0259c\u0259k Hesabat-Se\u00e7ki konfrans\u0131nda namiz\u0259diyini ir\u0259li s\u00fcrm\u0259y\u0259c\u0259yini bildirib.<\/p>\n","protected":false},"excerpt":{"rendered":"<p>R\u00f6vn\u0259q Abdullayev AFFA prezidentliyi \u00fc\u00e7\u00fcn namiz\u0259d olmayacaq. \u201c\u0130NFONEWS\u201d\u00a0\u00a0 AFFA-n\u0131n sayt\u0131na istinad\u0259n x\u0259b\u0259r verir ki, o, bu bar\u0259d\u0259 bu g\u00fcn G\u0259nc\u0259d\u0259 AFFA \u0130craiyy\u0259 Komit\u0259sinin n\u00f6vb\u0259ti iclas\u0131nda bildirib. &nbsp; \u0130clasda q\u0259bul edil\u0259n&hellip; <\/p>\n","protected":false},"author":30,"featured_media":41416,"comment_status":"open","ping_status":"open","sticky":false,"template":"","format":"standard","meta":{"_mi_skip_tracking":false,"_monsterinsights_sitenote_active":false,"_monsterinsights_sitenote_note":"","_monsterinsights_sitenote_category":0,"footnotes":""},"categories":[1,58,11],"tags":[174,13031,223,13030,6082,4189],"aioseo_notices":[],"_links":{"self":[{"href":"https:\/\/infonews.az\/index.php?rest_route=\/wp\/v2\/posts\/41414"}],"collection":[{"href":"https:\/\/infonews.az\/index.php?rest_route=\/wp\/v2\/posts"}],"about":[{"href":"https:\/\/infonews.az\/index.php?rest_route=\/wp\/v2\/types\/post"}],"author":[{"embeddable":true,"href":"https:\/\/infonews.az\/index.php?rest_route=\/wp\/v2\/users\/30"}],"replies":[{"embeddable":true,"href":"https:\/\/infonews.az\/index.php?rest_route=%2Fwp%2Fv2%2Fcomments&post=41414"}],"version-history":[{"count":1,"href":"https:\/\/infonews.az\/index.php?rest_route=\/wp\/v2\/posts\/41414\/revisions"}],"predecessor-version":[{"id":41415,"href":"https:\/\/infonews.az\/index.php?rest_route=\/wp\/v2\/posts\/41414\/revisions\/41415"}],"wp:featuredmedia":[{"embeddable":true,"href":"https:\/\/infonews.az\/index.php?rest_route=\/wp\/v2\/media\/41416"}],"wp:attachment":[{"href":"https:\/\/infonews.az\/index.php?rest_route=%2Fwp%2Fv2%2Fmedia&parent=41414"}],"wp:term":[{"taxonomy":"category","embeddable":true,"href":"https:\/\/infonews.az\/index.php?rest_route=%2Fwp%2Fv2%2Fcategories&post=41414"},{"taxonomy":"post_tag","embeddable":true,"href":"https:\/\/infonews.az\/index.php?rest_route=%2Fwp%2Fv2%2Ftags&post=41414"}],"curies":[{"name":"wp","href":"https:\/\/api.w.org\/{rel}","templated":true}]}}