{"id":41622,"date":"2024-03-04T15:33:46","date_gmt":"2024-03-04T11:33:46","guid":{"rendered":"https:\/\/infonews.az\/?p=41622"},"modified":"2024-03-04T15:33:46","modified_gmt":"2024-03-04T11:33:46","slug":"prezident-aspa-da-az%c9%99rbaycana-qarsi-q%c9%99r%c9%99zli-v%c9%99-cirkin-kampaniya-aparilir","status":"publish","type":"post","link":"https:\/\/infonews.az\/?p=41622","title":{"rendered":"Prezident: A\u015ePA-da Az\u0259rbaycana qar\u015f\u0131 q\u0259r\u0259zli v\u0259 \u00e7irkin kampaniya apar\u0131l\u0131r"},"content":{"rendered":"<blockquote><p>Avropa \u015euras\u0131 Parlament Assambleyas\u0131nda Az\u0259rbaycana qar\u015f\u0131 q\u0259r\u0259zli v\u0259 \u00e7irkin kampaniya apar\u0131l\u0131r.<\/p><\/blockquote>\n<p><a href=\"https:\/\/infonews.az\/?p=41606\"><strong>\u201c\u0130NFONEWS\u201d<\/strong><\/a>\u00a0x\u0259b\u0259r verir ki, bunu Az\u0259rbaycan Prezidenti \u0130lham \u018fliyev mart\u0131n 4-d\u0259 Bolqar\u0131stan Xalq M\u0259clisinin s\u0259dri Rosen Dimitrov Jelyazkovu q\u0259bul ed\u0259rk\u0259n deyib.<\/p>\n<p>D\u00f6vl\u0259t ba\u015f\u00e7\u0131s\u0131 Az\u0259rbaycan\u0131n beyn\u0259lxalq h\u00fcququn prinsipl\u0259rin\u0259 uy\u011fun olaraq \u00f6z \u0259razi b\u00fct\u00f6vl\u00fcy\u00fcn\u00fc v\u0259 suverenliyini tam b\u0259rpa etdiyini bildirib. Bundan sonra bir s\u0131ra Avropa t\u0259sisatlar\u0131 t\u0259r\u0259find\u0259n Az\u0259rbaycana qar\u015f\u0131 geni\u015fmiqyasl\u0131 kampaniyan\u0131n ba\u015fland\u0131\u011f\u0131n\u0131 v\u0259 bunun q\u0259r\u0259zli xarakter da\u015f\u0131d\u0131\u011f\u0131n\u0131 qeyd edib. Avropa \u015euras\u0131 Parlament Assambleyas\u0131nda Az\u0259rbaycana qar\u015f\u0131 q\u0259r\u0259zli v\u0259 \u00e7irkin kampaniyan\u0131n apar\u0131ld\u0131\u011f\u0131n\u0131 dey\u0259n d\u00f6vl\u0259timizin ba\u015f\u00e7\u0131s\u0131 bu c\u00fcr yana\u015fman\u0131n n\u00fcmay\u0259nd\u0259 hey\u0259timiz \u00fc\u00e7\u00fcn d\u00f6z\u00fclm\u0259z oldu\u011funu vur\u011fulay\u0131b. Bu \u0259dal\u0259tsizliy\u0259 qar\u015f\u0131 bir s\u0131ra \u00f6lk\u0259l\u0259rin parlamentl\u0259ri t\u0259r\u0259find\u0259n m\u00f6vqenin ifad\u0259 olundu\u011funu qeyd edib.<\/p>\n<p>Az\u0259rbaycan Prezidenti h\u0259tta 2020-ci ild\u0259 44 g\u00fcnl\u00fck V\u0259t\u0259n m\u00fcharib\u0259si ba\u015fa \u00e7atd\u0131qdan sonra Az\u0259rbaycan\u0131n s\u00fclh\u00fcn ir\u0259li apar\u0131lmas\u0131 \u00fc\u00e7\u00fcn t\u0259\u015f\u0259bb\u00fcsl\u0259rin\u0259 Erm\u0259nistan\u0131n m\u00fcsb\u0259t m\u00fcnasib\u0259t bildirm\u0259diyini, \u0259ksin\u0259 Qaraba\u011fda silahland\u0131rma v\u0259 militarizasiya siyas\u0259ti apard\u0131\u011f\u0131n\u0131, h\u0259min \u0259razil\u0259r\u0259 b\u00f6y\u00fck h\u0259cmd\u0259 minalar\u0131n v\u0259 silah-sursat\u0131n g\u00f6nd\u0259rilm\u0259sini davam etdirdiyini xat\u0131rlad\u0131b.<\/p>\n","protected":false},"excerpt":{"rendered":"<p>Avropa \u015euras\u0131 Parlament Assambleyas\u0131nda Az\u0259rbaycana qar\u015f\u0131 q\u0259r\u0259zli v\u0259 \u00e7irkin kampaniya apar\u0131l\u0131r. \u201c\u0130NFONEWS\u201d\u00a0x\u0259b\u0259r verir ki, bunu Az\u0259rbaycan Prezidenti \u0130lham \u018fliyev mart\u0131n 4-d\u0259 Bolqar\u0131stan Xalq M\u0259clisinin s\u0259dri Rosen Dimitrov Jelyazkovu q\u0259bul ed\u0259rk\u0259n&hellip; <\/p>\n","protected":false},"author":30,"featured_media":41623,"comment_status":"open","ping_status":"open","sticky":false,"template":"","format":"standard","meta":{"_mi_skip_tracking":false,"_monsterinsights_sitenote_active":false,"_monsterinsights_sitenote_note":"","_monsterinsights_sitenote_category":0,"footnotes":""},"categories":[11,10171],"tags":[13051,13,842,20,139,13052],"aioseo_notices":[],"_links":{"self":[{"href":"https:\/\/infonews.az\/index.php?rest_route=\/wp\/v2\/posts\/41622"}],"collection":[{"href":"https:\/\/infonews.az\/index.php?rest_route=\/wp\/v2\/posts"}],"about":[{"href":"https:\/\/infonews.az\/index.php?rest_route=\/wp\/v2\/types\/post"}],"author":[{"embeddable":true,"href":"https:\/\/infonews.az\/index.php?rest_route=\/wp\/v2\/users\/30"}],"replies":[{"embeddable":true,"href":"https:\/\/infonews.az\/index.php?rest_route=%2Fwp%2Fv2%2Fcomments&post=41622"}],"version-history":[{"count":1,"href":"https:\/\/infonews.az\/index.php?rest_route=\/wp\/v2\/posts\/41622\/revisions"}],"predecessor-version":[{"id":41624,"href":"https:\/\/infonews.az\/index.php?rest_route=\/wp\/v2\/posts\/41622\/revisions\/41624"}],"wp:featuredmedia":[{"embeddable":true,"href":"https:\/\/infonews.az\/index.php?rest_route=\/wp\/v2\/media\/41623"}],"wp:attachment":[{"href":"https:\/\/infonews.az\/index.php?rest_route=%2Fwp%2Fv2%2Fmedia&parent=41622"}],"wp:term":[{"taxonomy":"category","embeddable":true,"href":"https:\/\/infonews.az\/index.php?rest_route=%2Fwp%2Fv2%2Fcategories&post=41622"},{"taxonomy":"post_tag","embeddable":true,"href":"https:\/\/infonews.az\/index.php?rest_route=%2Fwp%2Fv2%2Ftags&post=41622"}],"curies":[{"name":"wp","href":"https:\/\/api.w.org\/{rel}","templated":true}]}}