{"id":41634,"date":"2024-03-04T15:58:38","date_gmt":"2024-03-04T11:58:38","guid":{"rendered":"https:\/\/infonews.az\/?p=41634"},"modified":"2024-03-04T15:58:38","modified_gmt":"2024-03-04T11:58:38","slug":"dmitri-medvedev-ukrayna-rusiya-%c9%99razisidir","status":"publish","type":"post","link":"https:\/\/infonews.az\/?p=41634","title":{"rendered":"Dmitri Medvedev: Ukrayna Rusiya \u0259razisidir"},"content":{"rendered":"<blockquote><p>Dan\u0131\u015f\u0131qlar yaln\u0131z Ukraynan\u0131n yeni r\u0259hb\u0259rliyi il\u0259 m\u00fcmk\u00fcnd\u00fcr.<\/p><\/blockquote>\n<p><a href=\"https:\/\/infonews.az\/?p=41606\"><strong>\u201c\u0130NFONEWS\u201d<\/strong><\/a>\u00a0\u00a0\u201cKommersant\u201da istinad\u0259n x\u0259b\u0259r verir ki, bunu Rusiya T\u0259hl\u00fck\u0259sizlik \u015euras\u0131n\u0131n s\u0259dr m\u00fcavini, \u00f6lk\u0259nin ke\u00e7mi\u015f prezidenti Dmitri Medvedev deyib.<\/p>\n<p>O bildirib ki, Ukrayna il\u0259 s\u00fclh dan\u0131\u015f\u0131qlar\u0131 yaln\u0131z d\u00fcnyadak\u0131 yeni reall\u0131qlar\u0131 anlayan biri il\u0259 m\u00fcmk\u00fcnd\u00fcr: \u201cRusiya \u00f6z torpaqlar\u0131ndan he\u00e7 vaxt imtina etm\u0259y\u0259c\u0259k\u201d.<\/p>\n<p>D.Medvedev, h\u0259m\u00e7inin Ukraynan\u0131n Rusiya \u0259razisi oldu\u011funu iddia edib.<\/p>\n<p>Xat\u0131rladaq ki, Rusiya il\u0259 Ukrayna aras\u0131nda m\u00fcharib\u0259 2022-ci il fevral\u0131n 24-d\u0259 ba\u015flay\u0131b. Ukrayna Prezidenti Volodimir Zelenski daha \u0259vv\u0259l bildirib ki, Q\u0259rb d\u0259st\u0259yi dayand\u0131rsa, \u00f6lk\u0259si geri \u00e7\u0259kil\u0259c\u0259k. AB\u015e Ukraynaya yard\u0131m\u0131 dayand\u0131r\u0131b. Bundan \u0259vv\u0259l xarici K\u0130V-l\u0259r yazm\u0131\u015fd\u0131 ki, AB\u015e Ukraynadan h\u00fccumdan m\u00fcdafi\u0259 strategiyas\u0131na ke\u00e7m\u0259yi t\u0259l\u0259b edir. AB\u015e d\u00f6vl\u0259t katibi Antoni Blinken daha \u0259vv\u0259l Ukraynan\u0131n \u00e7\u0259tin v\u0259ziyy\u0259td\u0259 oldu\u011funu a\u00e7\u0131qlay\u0131b. T\u00fcrkiy\u0259nin xarici i\u015fl\u0259r naziri Hakan Fidan daha \u0259vv\u0259l bildirib ki, Rusiya il\u0259 Ukrayna aras\u0131nda s\u00fclh\u00fcn vaxt\u0131 \u00e7at\u0131b.<\/p>\n","protected":false},"excerpt":{"rendered":"<p>Dan\u0131\u015f\u0131qlar yaln\u0131z Ukraynan\u0131n yeni r\u0259hb\u0259rliyi il\u0259 m\u00fcmk\u00fcnd\u00fcr. \u201c\u0130NFONEWS\u201d\u00a0\u00a0\u201cKommersant\u201da istinad\u0259n x\u0259b\u0259r verir ki, bunu Rusiya T\u0259hl\u00fck\u0259sizlik \u015euras\u0131n\u0131n s\u0259dr m\u00fcavini, \u00f6lk\u0259nin ke\u00e7mi\u015f prezidenti Dmitri Medvedev deyib. O bildirib ki, Ukrayna il\u0259 s\u00fclh&hellip; <\/p>\n","protected":false},"author":30,"featured_media":41635,"comment_status":"open","ping_status":"open","sticky":false,"template":"","format":"standard","meta":{"_mi_skip_tracking":false,"_monsterinsights_sitenote_active":false,"_monsterinsights_sitenote_note":"","_monsterinsights_sitenote_category":0,"footnotes":""},"categories":[9,10175,11],"tags":[11019,11022,12223,6192,143,12,172,5775],"aioseo_notices":[],"_links":{"self":[{"href":"https:\/\/infonews.az\/index.php?rest_route=\/wp\/v2\/posts\/41634"}],"collection":[{"href":"https:\/\/infonews.az\/index.php?rest_route=\/wp\/v2\/posts"}],"about":[{"href":"https:\/\/infonews.az\/index.php?rest_route=\/wp\/v2\/types\/post"}],"author":[{"embeddable":true,"href":"https:\/\/infonews.az\/index.php?rest_route=\/wp\/v2\/users\/30"}],"replies":[{"embeddable":true,"href":"https:\/\/infonews.az\/index.php?rest_route=%2Fwp%2Fv2%2Fcomments&post=41634"}],"version-history":[{"count":1,"href":"https:\/\/infonews.az\/index.php?rest_route=\/wp\/v2\/posts\/41634\/revisions"}],"predecessor-version":[{"id":41636,"href":"https:\/\/infonews.az\/index.php?rest_route=\/wp\/v2\/posts\/41634\/revisions\/41636"}],"wp:featuredmedia":[{"embeddable":true,"href":"https:\/\/infonews.az\/index.php?rest_route=\/wp\/v2\/media\/41635"}],"wp:attachment":[{"href":"https:\/\/infonews.az\/index.php?rest_route=%2Fwp%2Fv2%2Fmedia&parent=41634"}],"wp:term":[{"taxonomy":"category","embeddable":true,"href":"https:\/\/infonews.az\/index.php?rest_route=%2Fwp%2Fv2%2Fcategories&post=41634"},{"taxonomy":"post_tag","embeddable":true,"href":"https:\/\/infonews.az\/index.php?rest_route=%2Fwp%2Fv2%2Ftags&post=41634"}],"curies":[{"name":"wp","href":"https:\/\/api.w.org\/{rel}","templated":true}]}}