{"id":41653,"date":"2024-03-05T10:18:16","date_gmt":"2024-03-05T06:18:16","guid":{"rendered":"https:\/\/infonews.az\/?p=41653"},"modified":"2024-03-05T10:18:16","modified_gmt":"2024-03-05T06:18:16","slug":"5-mart-az%c9%99rbaycanda-b%c9%99d%c9%99n-t%c9%99rbiy%c9%99si-v%c9%99-idman-gunudur","status":"publish","type":"post","link":"https:\/\/infonews.az\/?p=41653","title":{"rendered":"5 Mart &#8211; Az\u0259rbaycanda B\u0259d\u0259n T\u0259rbiy\u0259si v\u0259 \u0130dman G\u00fcn\u00fcd\u00fcr"},"content":{"rendered":"<p><span style=\"color: #ffffff;\">5 Mart &#8211; Az\u0259rbaycanda B\u0259d\u0259n T\u0259rbiy\u0259si v\u0259 \u0130dman G\u00fcn\u00fcd\u00fcr<\/span><\/p>\n<blockquote><p><em><strong>5 Mart &#8211; Az\u0259rbaycanda B\u0259d\u0259n T\u0259rbiy\u0259si v\u0259 \u0130dman G\u00fcn\u00fc kimi qeyd olunur.<\/strong><\/em><\/p><\/blockquote>\n<p><a href=\"https:\/\/infonews.az\/?p=41653\"><span style=\"color: #333399;\"><strong>&#8220;\u0130NFONEWS&#8221;<\/strong> <\/span><\/a>x\u0259b\u0259r verir ki, Prezident \u0130lham \u018fliyevin 2005-ci il 4 mart tarixli S\u0259r\u0259ncam\u0131na \u0259sas\u0259n h\u0259r ilin bu g\u00fcn\u00fc B\u0259d\u0259n T\u0259rbiy\u0259si v\u0259 \u0130dman G\u00fcn\u00fc kimi qeyd edilir.<\/p>\n<p>Respublikada idman\u0131n ild\u0259n-il\u0259 inki\u015faf\u0131n\u0131 g\u00f6rm\u0259m\u0259k m\u00fcm\u00fck\u00fcn deyil. Haz\u0131rda Az\u0259rbaycann\u0131n ad\u0131 d\u00fcnyada g\u00fccl\u00fc idman \u00f6lk\u0259l\u0259ri s\u0131ras\u0131nda \u00e7\u0259kilir.<\/p>\n<p>H\u0259r bir az\u0259rbaycanl\u0131 kimi \u00e7ox q\u00fcrurluyuq. \u00c7\u00fcnki 2023-c\u00fc ild\u0259n i\u015f\u011faldan azad olunmu\u015f \u0259razil\u0259rimizd\u0259 beyn\u0259lxalq turnirl\u0259r t\u0259\u015fkil edilir. \u00d6t\u0259n il G\u0259ncl\u0259r v\u0259 \u0130dman Nazirliyi v\u0259 Az\u0259rbaycan Velosiped Federasiyas\u0131n\u0131n t\u0259\u015fkilat\u00e7\u0131l\u0131\u011f\u0131 il\u0259 \u00dcmummilli Lider Heyd\u0259r \u018fliyevin anadan olmas\u0131n\u0131n 100 illik yubileyin\u0259 h\u0259sr olunmu\u015f &#8220;\u018fziz \u015eu\u015fa\u201d beyn\u0259lxalq velosiped turniri il\u0259 bu kimi \u0259h\u0259miyy\u0259tli yar\u0131\u015flara start verilir. H\u0259m\u00e7inin ke\u00e7\u0259n il dekabr ay\u0131n\u0131n 21-d\u0259 xalq\u0131m\u0131z tarixi hadis\u0259y\u0259 \u015fahidlik etdi. 30 illik fasil\u0259d\u0259n sonra Xank\u0259ndi stadionunda futbol \u00fczr\u0259 Az\u0259rbaycan Kubokunun 1\/8 final m\u0259rh\u0259l\u0259sind\u0259 A\u011fdam\u0131n \u201cQaraba\u011f\u201d v\u0259 Bak\u0131n\u0131n MO\u0130K komandalar\u0131 qar\u015f\u0131la\u015fd\u0131. Az\u0259rbaycan xalq\u0131 Prezident \u0130lham \u018fliyevin v\u0259 birinci xan\u0131m Mehriban \u018fliyevan\u0131n i\u015ftirak\u0131 il\u0259 yenid\u0259nqurma i\u015fl\u0259rinin ba\u015fa \u00e7atd\u0131\u011f\u0131 Xank\u0259ndi \u015f\u0259h\u0259r stadionundak\u0131 qar\u015f\u0131la\u015fman\u0131 ilk d\u0259f\u0259 canl\u0131 izl\u0259m\u0259k \u015fans\u0131 \u0259ld\u0259 etdi.<\/p>\n<p>2024-c\u00fc ild\u0259 is\u0259 \u201cQ\u00fcrurla ir\u0259li!\u201d \u015f\u00fcar\u0131 alt\u0131nda ilk d\u0259f\u0259 ke\u00e7iril\u0259n Xank\u0259ndi\u2013Bak\u0131 ultramarafonu Az\u0259rbaycan\u0131n azad edil\u0259n torpaqlar\u0131nda t\u0259\u015fkil olunan birinci beyn\u0259lxalq y\u00fcr\u00fc\u015f oldu. Burada m\u00fcxt\u0259lif \u00f6lk\u0259l\u0259rd\u0259n \u00fcmumilikd\u0259 64 idman\u00e7\u0131 Xank\u0259ndid\u0259n Bak\u0131ya kimi 380 kilometr m\u0259saf\u0259 q\u0259t etdi.<\/p>\n<p>\u00d6lk\u0259mizd\u0259 realla\u015fan m\u00f6t\u0259b\u0259r t\u0259dbirl\u0259r bunlarla yekunla\u015fm\u0131r. Bu il Az\u0259rbaycan gimnastika \u00fczr\u0259 d\u00fcnya v\u0259 Avropa kuboklar\u0131, g\u00fcl\u0259\u015f \u00fczr\u0259 Avropa Olimpiya lisenziya turniri, &#8220;Ming\u0259\u00e7evir reqatas\u0131&#8221;, &#8220;Baku Open 2024&#8221; beyn\u0259lxalq \u015fahmat turniri, Formula 1 \u00fczr\u0259 Az\u0259rbaycan Qran\u2010Prisi kimi vacib yar\u0131\u015flara ev sahibliyi ed\u0259c\u0259k.<\/p>\n<p>B\u00fct\u00fcn bu u\u011furlar Az\u0259rbaycanda \u0259sas\u0131 \u00dcmummilli Lider Heyd\u0259r \u018fliyev t\u0259r\u0259find\u0259n qoyulmu\u015f idmana, g\u0259ncl\u0259rimizin sa\u011flaml\u0131\u011f\u0131na y\u00fcks\u0259k diqq\u0259t v\u0259 qay\u011f\u0131 siyas\u0259tinin Prezident \u0130lham \u018fliyevin r\u0259hb\u0259rliyi il\u0259 u\u011furla davam v\u0259 inki\u015faf etdirilm\u0259si say\u0259sind\u0259 \u0259ld\u0259 olunub.<\/p>\n","protected":false},"excerpt":{"rendered":"<p>5 Mart &#8211; Az\u0259rbaycanda B\u0259d\u0259n T\u0259rbiy\u0259si v\u0259 \u0130dman G\u00fcn\u00fcd\u00fcr 5 Mart &#8211; Az\u0259rbaycanda B\u0259d\u0259n T\u0259rbiy\u0259si v\u0259 \u0130dman G\u00fcn\u00fc kimi qeyd olunur. &#8220;\u0130NFONEWS&#8221; x\u0259b\u0259r verir ki, Prezident \u0130lham \u018fliyevin 2005-ci il&hellip; <\/p>\n","protected":false},"author":14,"featured_media":41654,"comment_status":"open","ping_status":"open","sticky":false,"template":"","format":"standard","meta":{"_mi_skip_tracking":false,"_monsterinsights_sitenote_active":false,"_monsterinsights_sitenote_note":"","_monsterinsights_sitenote_category":0,"footnotes":""},"categories":[4,58,11],"tags":[13066,15],"aioseo_notices":[],"_links":{"self":[{"href":"https:\/\/infonews.az\/index.php?rest_route=\/wp\/v2\/posts\/41653"}],"collection":[{"href":"https:\/\/infonews.az\/index.php?rest_route=\/wp\/v2\/posts"}],"about":[{"href":"https:\/\/infonews.az\/index.php?rest_route=\/wp\/v2\/types\/post"}],"author":[{"embeddable":true,"href":"https:\/\/infonews.az\/index.php?rest_route=\/wp\/v2\/users\/14"}],"replies":[{"embeddable":true,"href":"https:\/\/infonews.az\/index.php?rest_route=%2Fwp%2Fv2%2Fcomments&post=41653"}],"version-history":[{"count":1,"href":"https:\/\/infonews.az\/index.php?rest_route=\/wp\/v2\/posts\/41653\/revisions"}],"predecessor-version":[{"id":41655,"href":"https:\/\/infonews.az\/index.php?rest_route=\/wp\/v2\/posts\/41653\/revisions\/41655"}],"wp:featuredmedia":[{"embeddable":true,"href":"https:\/\/infonews.az\/index.php?rest_route=\/wp\/v2\/media\/41654"}],"wp:attachment":[{"href":"https:\/\/infonews.az\/index.php?rest_route=%2Fwp%2Fv2%2Fmedia&parent=41653"}],"wp:term":[{"taxonomy":"category","embeddable":true,"href":"https:\/\/infonews.az\/index.php?rest_route=%2Fwp%2Fv2%2Fcategories&post=41653"},{"taxonomy":"post_tag","embeddable":true,"href":"https:\/\/infonews.az\/index.php?rest_route=%2Fwp%2Fv2%2Ftags&post=41653"}],"curies":[{"name":"wp","href":"https:\/\/api.w.org\/{rel}","templated":true}]}}