{"id":41920,"date":"2024-03-11T14:20:04","date_gmt":"2024-03-11T10:20:04","guid":{"rendered":"https:\/\/infonews.az\/?p=41920"},"modified":"2024-03-11T14:20:04","modified_gmt":"2024-03-11T10:20:04","slug":"qarabagin-almaniyaya-s%c9%99f%c9%99r-proqrami-mu%c9%99yy%c9%99n-edildi","status":"publish","type":"post","link":"https:\/\/infonews.az\/?p=41920","title":{"rendered":"\u201cQaraba\u011f\u201d\u0131n Almaniyaya s\u0259f\u0259r proqram\u0131 m\u00fc\u0259yy\u0259n edildi"},"content":{"rendered":"<p><span style=\"color: #ffffff;\">\u201cQaraba\u011f\u201d\u0131n Almaniyaya s\u0259f\u0259r proqram\u0131 m\u00fc\u0259yy\u0259n edildi<\/span><\/p>\n<blockquote><p>UEFA Avropa Liqas\u0131n\u0131n 1\/8 final m\u0259rh\u0259l\u0259sinin cavab oyununda \u201cBayer 04\u201d\u00fcn qona\u011f\u0131 olacaq \u201cQaraba\u011f\u201d\u0131n Almaniyaya s\u0259f\u0259r proqram\u0131 m\u00fc\u0259yy\u0259nl\u0259\u015fib.<\/p><\/blockquote>\n<p><a href=\"https:\/\/infonews.az\/?p=41920\"><span style=\"color: #333399;\"><strong>&#8220;\u0130NFONEWS&#8221;<\/strong><\/span><\/a> x\u0259b\u0259r verir ki, bu bar\u0259d\u0259 \u201cReport\u201da Az\u0259rbaycan \u00e7empionunun m\u0259tbuat katibi Anar Hac\u0131yev m\u0259lumat verib.<\/p>\n<p>\u201cK\u00f6hl\u0259n atlar\u201d mart\u0131n 12-d\u0259, saat 18:15-d\u0259 K\u00f6ln\u0259, oradan is\u0259 Leverkuzen\u0259 yollanacaqlar. Mart\u0131n 13-d\u0259, yerli vaxtla saat 17:00-da ba\u015f m\u0259\u015fq\u00e7i Qurban Qurbanovun m\u0259tbuat konfrans\u0131, 17:30-da komandan\u0131n a\u00e7\u0131q m\u0259\u015fq\u00e7i ger\u00e7\u0259kl\u0259\u015f\u0259c\u0259k.<\/p>\n<p>Qeyd ed\u0259k ki, Leverkuzend\u0259ki qar\u015f\u0131la\u015fma mart\u0131n 14-d\u0259, Bak\u0131 vaxt\u0131 il\u0259 saat 00:00-da ba\u015flayacaq. Bak\u0131dak\u0131 ilk mat\u00e7 2:2 hesab\u0131 il\u0259 n\u0259tic\u0259l\u0259nib.<\/p>\n","protected":false},"excerpt":{"rendered":"<p>\u201cQaraba\u011f\u201d\u0131n Almaniyaya s\u0259f\u0259r proqram\u0131 m\u00fc\u0259yy\u0259n edildi UEFA Avropa Liqas\u0131n\u0131n 1\/8 final m\u0259rh\u0259l\u0259sinin cavab oyununda \u201cBayer 04\u201d\u00fcn qona\u011f\u0131 olacaq \u201cQaraba\u011f\u201d\u0131n Almaniyaya s\u0259f\u0259r proqram\u0131 m\u00fc\u0259yy\u0259nl\u0259\u015fib. &#8220;\u0130NFONEWS&#8221; x\u0259b\u0259r verir ki, bu bar\u0259d\u0259 \u201cReport\u201da&hellip; <\/p>\n","protected":false},"author":14,"featured_media":41921,"comment_status":"open","ping_status":"open","sticky":false,"template":"","format":"standard","meta":{"_mi_skip_tracking":false,"_monsterinsights_sitenote_active":false,"_monsterinsights_sitenote_note":"","_monsterinsights_sitenote_category":0,"footnotes":""},"categories":[4,58,11],"tags":[5127,15,13123],"aioseo_notices":[],"_links":{"self":[{"href":"https:\/\/infonews.az\/index.php?rest_route=\/wp\/v2\/posts\/41920"}],"collection":[{"href":"https:\/\/infonews.az\/index.php?rest_route=\/wp\/v2\/posts"}],"about":[{"href":"https:\/\/infonews.az\/index.php?rest_route=\/wp\/v2\/types\/post"}],"author":[{"embeddable":true,"href":"https:\/\/infonews.az\/index.php?rest_route=\/wp\/v2\/users\/14"}],"replies":[{"embeddable":true,"href":"https:\/\/infonews.az\/index.php?rest_route=%2Fwp%2Fv2%2Fcomments&post=41920"}],"version-history":[{"count":1,"href":"https:\/\/infonews.az\/index.php?rest_route=\/wp\/v2\/posts\/41920\/revisions"}],"predecessor-version":[{"id":41922,"href":"https:\/\/infonews.az\/index.php?rest_route=\/wp\/v2\/posts\/41920\/revisions\/41922"}],"wp:featuredmedia":[{"embeddable":true,"href":"https:\/\/infonews.az\/index.php?rest_route=\/wp\/v2\/media\/41921"}],"wp:attachment":[{"href":"https:\/\/infonews.az\/index.php?rest_route=%2Fwp%2Fv2%2Fmedia&parent=41920"}],"wp:term":[{"taxonomy":"category","embeddable":true,"href":"https:\/\/infonews.az\/index.php?rest_route=%2Fwp%2Fv2%2Fcategories&post=41920"},{"taxonomy":"post_tag","embeddable":true,"href":"https:\/\/infonews.az\/index.php?rest_route=%2Fwp%2Fv2%2Ftags&post=41920"}],"curies":[{"name":"wp","href":"https:\/\/api.w.org\/{rel}","templated":true}]}}