{"id":41986,"date":"2024-03-13T14:15:33","date_gmt":"2024-03-13T10:15:33","guid":{"rendered":"https:\/\/infonews.az\/?p=41986"},"modified":"2024-03-13T14:15:33","modified_gmt":"2024-03-13T10:15:33","slug":"turk-xalqlarinin-geyim-v%c9%99-z%c9%99rg%c9%99rlik-m%c9%99d%c9%99niyy%c9%99ti-sergi","status":"publish","type":"post","link":"https:\/\/infonews.az\/?p=41986","title":{"rendered":"\u201cT\u00fcrk xalqlar\u0131n\u0131n geyim v\u0259 z\u0259rg\u0259rlik m\u0259d\u0259niyy\u0259ti\u201d &#8211; S\u018fRG\u0130"},"content":{"rendered":"<p><span style=\"color: #ffffff;\">\u201cT\u00fcrk xalqlar\u0131n\u0131n geyim v\u0259 z\u0259rg\u0259rlik m\u0259d\u0259niyy\u0259ti\u201d &#8211; S\u018fRG\u0130<\/span><\/p>\n<blockquote><p>Mart\u0131n 15-d\u0259 Az\u0259rbaycan Milli Xal\u00e7a Muzeyind\u0259 \u201cT\u00fcrk xalqlar\u0131n\u0131n geyim v\u0259 z\u0259rg\u0259rlik m\u0259d\u0259niyy\u0259ti\u201d s\u0259rgisi a\u00e7\u0131lacaq. Novruza v\u0259 bu bayram\u0131n UNESCO-nun B\u0259\u015f\u0259riyy\u0259tin Qeyri-Maddi M\u0259d\u0259ni \u0130rs \u00fczr\u0259 Reprezentativ Siyah\u0131s\u0131na sal\u0131nmas\u0131n\u0131n 15-ci ild\u00f6n\u00fcm\u00fcn\u0259 h\u0259sr olunan s\u0259rgi T\u00fcrk M\u0259d\u0259niyy\u0259ti v\u0259 \u0130rsi Fondu, M\u0259d\u0259niyy\u0259t Nazirliyi v\u0259 Milli Xal\u00e7a Muzeyinin birg\u0259 t\u0259\u015fkilat\u00e7\u0131l\u0131\u011f\u0131 il\u0259 ke\u00e7iril\u0259c\u0259k.<\/p><\/blockquote>\n<p><a href=\"https:\/\/infonews.az\/?p=41986\"><span style=\"color: #333399;\"><strong>&#8220;\u0130NFONEWS&#8221;<\/strong><\/span><\/a> &#8211; un Muzeyd\u0259n \u0259ld\u0259 etdiyi m\u0259lumat\u0131nda bildirilib ki, ekspozisiyada Az\u0259rbaycan, Qazax\u0131stan, Q\u0131r\u011f\u0131z\u0131stan, Macar\u0131stan, \u00d6zb\u0259kistan, T\u00fcrkiy\u0259 v\u0259 T\u00fcrkm\u0259nistana aid \u0259n\u0259n\u0259vi qad\u0131n geyiml\u0259ri, h\u0259m\u00e7inin z\u0259rg\u0259rlik \u0259\u015fyalar\u0131 n\u00fcmayi\u015f etdiril\u0259c\u0259k.<\/p>\n<p>Bu s\u0259n\u0259t n\u00fcmun\u0259l\u0259ri t\u0259yinat\u0131na, \u00fcz\u0259rind\u0259ki nax\u0131\u015flara, haz\u0131rland\u0131\u011f\u0131 materiala \u0259sas\u0259n tama\u015fa\u00e7\u0131larda t\u00fcrk xalqlar\u0131n\u0131n milli x\u00fcsusiyy\u0259tl\u0259ri, ad\u0259t-\u0259n\u0259n\u0259l\u0259ri, m\u0259skunla\u015fd\u0131qlar\u0131 \u0259razinin t\u0259bii-co\u011frafi \u015f\u0259raiti, d\u00fc\u015f\u00fcnc\u0259 v\u0259 h\u0259yat t\u0259rzi bar\u0259d\u0259 z\u0259ngin t\u0259\u0259ss\u00fcrat yaradacaq.<\/p>\n<p>T\u0259qdim olunan eksponatlar Az\u0259rbaycan Milli Xal\u00e7a Muzeyinin, T\u00fcrk M\u0259d\u0259niyy\u0259ti v\u0259 \u0130rsi Fondunun kolleksiyalar\u0131ndan, Macar\u0131stan Xalq S\u0259n\u0259tkarlar\u0131 Assosiasiyas\u0131 v\u0259 \u015f\u0259xsi kolleksioner Virciniya Morqan-Hayata aiddir.<\/p>\n<p>Mart\u0131n 31-d\u0259k davam ed\u0259c\u0259k s\u0259rgi \u00e7\u0259r\u00e7iv\u0259sind\u0259 ustad d\u0259rsi v\u0259 m\u00fchazir\u0259 d\u0259 ke\u00e7iril\u0259c\u0259k.<\/p>\n","protected":false},"excerpt":{"rendered":"<p>\u201cT\u00fcrk xalqlar\u0131n\u0131n geyim v\u0259 z\u0259rg\u0259rlik m\u0259d\u0259niyy\u0259ti\u201d &#8211; S\u018fRG\u0130 Mart\u0131n 15-d\u0259 Az\u0259rbaycan Milli Xal\u00e7a Muzeyind\u0259 \u201cT\u00fcrk xalqlar\u0131n\u0131n geyim v\u0259 z\u0259rg\u0259rlik m\u0259d\u0259niyy\u0259ti\u201d s\u0259rgisi a\u00e7\u0131lacaq. Novruza v\u0259 bu bayram\u0131n UNESCO-nun B\u0259\u015f\u0259riyy\u0259tin Qeyri-Maddi M\u0259d\u0259ni&hellip; <\/p>\n","protected":false},"author":14,"featured_media":41988,"comment_status":"open","ping_status":"open","sticky":false,"template":"","format":"standard","meta":{"_mi_skip_tracking":false,"_monsterinsights_sitenote_active":false,"_monsterinsights_sitenote_note":"","_monsterinsights_sitenote_category":0,"footnotes":""},"categories":[4,10,11],"tags":[13140,15,4077],"aioseo_notices":[],"_links":{"self":[{"href":"https:\/\/infonews.az\/index.php?rest_route=\/wp\/v2\/posts\/41986"}],"collection":[{"href":"https:\/\/infonews.az\/index.php?rest_route=\/wp\/v2\/posts"}],"about":[{"href":"https:\/\/infonews.az\/index.php?rest_route=\/wp\/v2\/types\/post"}],"author":[{"embeddable":true,"href":"https:\/\/infonews.az\/index.php?rest_route=\/wp\/v2\/users\/14"}],"replies":[{"embeddable":true,"href":"https:\/\/infonews.az\/index.php?rest_route=%2Fwp%2Fv2%2Fcomments&post=41986"}],"version-history":[{"count":1,"href":"https:\/\/infonews.az\/index.php?rest_route=\/wp\/v2\/posts\/41986\/revisions"}],"predecessor-version":[{"id":41991,"href":"https:\/\/infonews.az\/index.php?rest_route=\/wp\/v2\/posts\/41986\/revisions\/41991"}],"wp:featuredmedia":[{"embeddable":true,"href":"https:\/\/infonews.az\/index.php?rest_route=\/wp\/v2\/media\/41988"}],"wp:attachment":[{"href":"https:\/\/infonews.az\/index.php?rest_route=%2Fwp%2Fv2%2Fmedia&parent=41986"}],"wp:term":[{"taxonomy":"category","embeddable":true,"href":"https:\/\/infonews.az\/index.php?rest_route=%2Fwp%2Fv2%2Fcategories&post=41986"},{"taxonomy":"post_tag","embeddable":true,"href":"https:\/\/infonews.az\/index.php?rest_route=%2Fwp%2Fv2%2Ftags&post=41986"}],"curies":[{"name":"wp","href":"https:\/\/api.w.org\/{rel}","templated":true}]}}