{"id":42018,"date":"2024-03-13T14:58:46","date_gmt":"2024-03-13T10:58:46","guid":{"rendered":"https:\/\/infonews.az\/?p=42018"},"modified":"2024-03-13T14:58:46","modified_gmt":"2024-03-13T10:58:46","slug":"az%c9%99rbaycan-xorvatiya-birg%c9%99-komissiyasinin-3-cu-iclasi-kecirilib","status":"publish","type":"post","link":"https:\/\/infonews.az\/?p=42018","title":{"rendered":"Az\u0259rbaycan-Xorvatiya Birg\u0259 Komissiyas\u0131n\u0131n 3-c\u00fc iclas\u0131 ke\u00e7irilib"},"content":{"rendered":"<blockquote><p>Mart\u0131n 13-d\u0259 Heyd\u0259r \u018fliyev M\u0259rk\u0259zind\u0259 Az\u0259rbaycan Respublikas\u0131 H\u00f6kum\u0259ti v\u0259 Xorvatiya Respublikas\u0131 H\u00f6kum\u0259ti aras\u0131nda iqtisadi \u0259m\u0259kda\u015fl\u0131\u011f\u0131n h\u0259yata ke\u00e7irilm\u0259si v\u0259 t\u0259\u015fviqi \u00fczr\u0259 Birg\u0259 Komissiyan\u0131n 3-c\u00fc iclas\u0131 ke\u00e7irilib.<\/p><\/blockquote>\n<p>Bu bar\u0259d\u0259 <a href=\"https:\/\/infonews.az\/?p=41926\"><strong>\u201c\u0130NFONEWS\u201d<\/strong><\/a>-a M\u0259d\u0259niyy\u0259t Nazirliyind\u0259n bildirilib.<\/p>\n<p>Qeyd edilib ki, iclasdan \u0259vv\u0259l Birg\u0259 Komissiyan\u0131n h\u0259ms\u0259drl\u0259ri \u2013 m\u0259d\u0259niyy\u0259t naziri Adil K\u0259rimli il\u0259 Xorvatiyan\u0131n iqtisadiyyat v\u0259 davaml\u0131 inki\u015faf naziri Damir Habijan aras\u0131nda t\u0259kb\u0259t\u0259k g\u00f6r\u00fc\u015f olub.<\/p>\n<p>Xorvatiyal\u0131 naziri salamlayan Adil K\u0259rimli bildirib ki, iki \u00f6lk\u0259 aras\u0131nda \u0259laq\u0259l\u0259r geni\u015f spektrlidir v\u0259 bu sah\u0259d\u0259 iqtisadi \u0259m\u0259kda\u015fl\u0131q x\u00fcsusi yer tutur. Qeyd olunub ki, 2023-c\u00fc ilin 6 noyabr tarixind\u0259 Az\u0259rbaycan Respublikas\u0131n\u0131n Prezidenti \u0130lham \u018fliyevin Xorvatiya Respublikas\u0131n\u0131n Ba\u015f naziri Andrey Plenkovi\u00e7 il\u0259 Bak\u0131da ke\u00e7iril\u0259n g\u00f6r\u00fc\u015f\u00fcnd\u0259 Birg\u0259 Komissiyan\u0131n qar\u015f\u0131s\u0131nda qoyulmu\u015f tap\u015f\u0131r\u0131qlar\u0131n icras\u0131 istiqam\u0259tind\u0259 i\u015fl\u0259r davam etdirilir. S\u00f6hb\u0259t zaman\u0131 mart\u0131n 12-d\u0259 Bak\u0131da ke\u00e7irilmi\u015f Az\u0259rbaycan-Xorvatiya biznes forumunun da \u0259h\u0259miyy\u0259ti y\u00fcks\u0259k qiym\u0259tl\u0259ndirilib.<\/p>\n<p>Nazir Damir Habijan Xorvatiya-Az\u0259rbaycan m\u00fcnasib\u0259tl\u0259rinin qar\u015f\u0131l\u0131ql\u0131 etimada \u0259sasland\u0131\u011f\u0131n\u0131 vur\u011fulay\u0131b. O, iki \u00f6lk\u0259 aras\u0131nda \u0259m\u0259kda\u015fl\u0131\u011f\u0131n geni\u015f perspektivl\u0259ri oldu\u011funu, d\u00f6vl\u0259t ba\u015f\u00e7\u0131lar\u0131n\u0131n siyasi irad\u0259si il\u0259 \u0259laq\u0259l\u0259rin ild\u0259n-il\u0259 inki\u015faf etdiyini diqq\u0259t\u0259 \u00e7atd\u0131r\u0131b.<\/p>\n<p>G\u00f6r\u00fc\u015f\u00fcn sonunda qar\u015f\u0131l\u0131ql\u0131 xatir\u0259 h\u0259diyy\u0259l\u0259ri t\u0259qdim edilib.<\/p>\n<p>Sonra Az\u0259rbaycan Respublikas\u0131 H\u00f6kum\u0259ti v\u0259 Xorvatiya Respublikas\u0131 H\u00f6kum\u0259ti aras\u0131nda iqtisadi \u0259m\u0259kda\u015fl\u0131\u011f\u0131n h\u0259yata ke\u00e7irilm\u0259si v\u0259 t\u0259\u015fviqi \u00fczr\u0259 Birg\u0259 Komissiyan\u0131n 3-c\u00fc iclas\u0131 ba\u015flay\u0131b.<br \/>\nAz\u0259rbaycan v\u0259 Xorvatiyadan m\u00fcvafiq qurumlar\u0131n n\u00fcmay\u0259nd\u0259l\u0259rinin i\u015ftirak etdiyi iclasda Birg\u0259 Komissiyan\u0131n h\u0259ms\u0259drl\u0259ri a\u00e7\u0131l\u0131\u015f nitqi s\u00f6yl\u0259yibl\u0259r.<\/p>\n<p>H\u0259r iki \u00f6lk\u0259nin m\u0259sul n\u00fcmay\u0259nd\u0259l\u0259rinin iqtisadiyyat v\u0259 s\u0259naye, enerji, n\u0259qliyyat, m\u0259d\u0259niyy\u0259t, s\u0259hiyy\u0259, t\u0259hsil v\u0259 elm sah\u0259l\u0259rind\u0259 \u0259m\u0259kda\u015fl\u0131q bar\u0259d\u0259 \u00e7\u0131x\u0131\u015flar\u0131 dinl\u0259nilib.<\/p>\n<p>\u00c7\u0131x\u0131\u015flardan sonra Birg\u0259 Komissiyan\u0131n h\u0259ms\u0259drl\u0259ri iclasda m\u00fczakir\u0259 olunan sah\u0259l\u0259r \u00fczr\u0259 \u0259m\u0259kda\u015fl\u0131\u011fa dair protokolu imzalan\u0131b.<\/p>\n<p>Sonda xatir\u0259 fotosu \u00e7\u0259kdirilib.<\/p>\n<p>Xorvatiya n\u00fcmay\u0259nd\u0259 hey\u0259ti Heyd\u0259r \u018fliyev M\u0259rk\u0259zi il\u0259 tan\u0131\u015f olub. Qonaqlara m\u0259rk\u0259z haqq\u0131nda \u0259trafl\u0131 m\u0259lumat verilib.<\/p>\n<p><img loading=\"lazy\" decoding=\"async\" class=\"alignnone size-medium wp-image-42020\" src=\"https:\/\/infonews.az\/wp-content\/uploads\/2024\/03\/5-300x200.jpg\" alt=\"\" width=\"300\" height=\"200\" srcset=\"https:\/\/infonews.az\/wp-content\/uploads\/2024\/03\/5-300x200.jpg 300w, https:\/\/infonews.az\/wp-content\/uploads\/2024\/03\/5-1024x683.jpg 1024w, https:\/\/infonews.az\/wp-content\/uploads\/2024\/03\/5-768x512.jpg 768w, https:\/\/infonews.az\/wp-content\/uploads\/2024\/03\/5.jpg 1200w\" sizes=\"(max-width: 300px) 100vw, 300px\" \/> <img loading=\"lazy\" decoding=\"async\" class=\"alignnone size-medium wp-image-42021\" src=\"https:\/\/infonews.az\/wp-content\/uploads\/2024\/03\/4-300x200.jpg\" alt=\"\" width=\"300\" height=\"200\" srcset=\"https:\/\/infonews.az\/wp-content\/uploads\/2024\/03\/4-300x200.jpg 300w, https:\/\/infonews.az\/wp-content\/uploads\/2024\/03\/4-1024x683.jpg 1024w, https:\/\/infonews.az\/wp-content\/uploads\/2024\/03\/4-768x512.jpg 768w, https:\/\/infonews.az\/wp-content\/uploads\/2024\/03\/4.jpg 1200w\" sizes=\"(max-width: 300px) 100vw, 300px\" \/> <img loading=\"lazy\" decoding=\"async\" class=\"alignnone size-medium wp-image-42022\" src=\"https:\/\/infonews.az\/wp-content\/uploads\/2024\/03\/3-300x200.jpg\" alt=\"\" width=\"300\" height=\"200\" srcset=\"https:\/\/infonews.az\/wp-content\/uploads\/2024\/03\/3-300x200.jpg 300w, https:\/\/infonews.az\/wp-content\/uploads\/2024\/03\/3-1024x683.jpg 1024w, https:\/\/infonews.az\/wp-content\/uploads\/2024\/03\/3-768x512.jpg 768w, https:\/\/infonews.az\/wp-content\/uploads\/2024\/03\/3.jpg 1200w\" sizes=\"(max-width: 300px) 100vw, 300px\" \/> <img loading=\"lazy\" decoding=\"async\" class=\"alignnone size-medium wp-image-42023\" src=\"https:\/\/infonews.az\/wp-content\/uploads\/2024\/03\/2-300x200.jpg\" alt=\"\" width=\"300\" height=\"200\" srcset=\"https:\/\/infonews.az\/wp-content\/uploads\/2024\/03\/2-300x200.jpg 300w, https:\/\/infonews.az\/wp-content\/uploads\/2024\/03\/2-1024x683.jpg 1024w, https:\/\/infonews.az\/wp-content\/uploads\/2024\/03\/2-768x512.jpg 768w, https:\/\/infonews.az\/wp-content\/uploads\/2024\/03\/2.jpg 1200w\" sizes=\"(max-width: 300px) 100vw, 300px\" \/> <img loading=\"lazy\" decoding=\"async\" class=\"alignnone size-medium wp-image-42024\" src=\"https:\/\/infonews.az\/wp-content\/uploads\/2024\/03\/1-300x200.jpg\" alt=\"\" width=\"300\" height=\"200\" srcset=\"https:\/\/infonews.az\/wp-content\/uploads\/2024\/03\/1-300x200.jpg 300w, https:\/\/infonews.az\/wp-content\/uploads\/2024\/03\/1-1024x683.jpg 1024w, https:\/\/infonews.az\/wp-content\/uploads\/2024\/03\/1-768x512.jpg 768w, https:\/\/infonews.az\/wp-content\/uploads\/2024\/03\/1.jpg 1200w\" sizes=\"(max-width: 300px) 100vw, 300px\" \/><\/p>\n","protected":false},"excerpt":{"rendered":"<p>Mart\u0131n 13-d\u0259 Heyd\u0259r \u018fliyev M\u0259rk\u0259zind\u0259 Az\u0259rbaycan Respublikas\u0131 H\u00f6kum\u0259ti v\u0259 Xorvatiya Respublikas\u0131 H\u00f6kum\u0259ti aras\u0131nda iqtisadi \u0259m\u0259kda\u015fl\u0131\u011f\u0131n h\u0259yata ke\u00e7irilm\u0259si v\u0259 t\u0259\u015fviqi \u00fczr\u0259 Birg\u0259 Komissiyan\u0131n 3-c\u00fc iclas\u0131 ke\u00e7irilib. Bu bar\u0259d\u0259 \u201c\u0130NFONEWS\u201d-a M\u0259d\u0259niyy\u0259t Nazirliyind\u0259n&hellip; <\/p>\n","protected":false},"author":30,"featured_media":42019,"comment_status":"open","ping_status":"open","sticky":false,"template":"","format":"standard","meta":{"_mi_skip_tracking":false,"_monsterinsights_sitenote_active":false,"_monsterinsights_sitenote_note":"","_monsterinsights_sitenote_category":0,"footnotes":""},"categories":[10,11],"tags":[9546,13,13149,6082,403,13148],"aioseo_notices":[],"_links":{"self":[{"href":"https:\/\/infonews.az\/index.php?rest_route=\/wp\/v2\/posts\/42018"}],"collection":[{"href":"https:\/\/infonews.az\/index.php?rest_route=\/wp\/v2\/posts"}],"about":[{"href":"https:\/\/infonews.az\/index.php?rest_route=\/wp\/v2\/types\/post"}],"author":[{"embeddable":true,"href":"https:\/\/infonews.az\/index.php?rest_route=\/wp\/v2\/users\/30"}],"replies":[{"embeddable":true,"href":"https:\/\/infonews.az\/index.php?rest_route=%2Fwp%2Fv2%2Fcomments&post=42018"}],"version-history":[{"count":1,"href":"https:\/\/infonews.az\/index.php?rest_route=\/wp\/v2\/posts\/42018\/revisions"}],"predecessor-version":[{"id":42025,"href":"https:\/\/infonews.az\/index.php?rest_route=\/wp\/v2\/posts\/42018\/revisions\/42025"}],"wp:featuredmedia":[{"embeddable":true,"href":"https:\/\/infonews.az\/index.php?rest_route=\/wp\/v2\/media\/42019"}],"wp:attachment":[{"href":"https:\/\/infonews.az\/index.php?rest_route=%2Fwp%2Fv2%2Fmedia&parent=42018"}],"wp:term":[{"taxonomy":"category","embeddable":true,"href":"https:\/\/infonews.az\/index.php?rest_route=%2Fwp%2Fv2%2Fcategories&post=42018"},{"taxonomy":"post_tag","embeddable":true,"href":"https:\/\/infonews.az\/index.php?rest_route=%2Fwp%2Fv2%2Ftags&post=42018"}],"curies":[{"name":"wp","href":"https:\/\/api.w.org\/{rel}","templated":true}]}}